{"id":63518,"date":"2020-11-27T06:15:00","date_gmt":"2020-11-27T05:15:00","guid":{"rendered":"https:\/\/www.vorspeisenplatte.de\/speisen\/?p=63518"},"modified":"2020-11-27T06:15:00","modified_gmt":"2020-11-27T05:15:00","slug":"journal-donnerstag-26-november-2020-neues-brot-gebacken","status":"publish","type":"post","link":"https:\/\/www.vorspeisenplatte.de\/speisen\/2020\/11\/journal-donnerstag-26-november-2020-neues-brot-gebacken.htm","title":{"rendered":"Journal Donnerstag, 26. November 2020 &#8211; Neues Brot gebacken"},"content":{"rendered":"<p>Vormittags ein wenig schonende Gymnastik f\u00fcr H\u00fcfte und Kreuz, ein wenig Crosstrainer. Die LWS-Nervenschmerzen sind mit drei Mal Ibu am Tag im Griff, hin und wieder sp\u00fcre ich die post-OP Muskelschmerzen, von denen es hie\u00df, die k\u00f6nnten bis zu einem Jahr andauern.<\/p>\n<p>Endlich mal wieder Brotbacken, ich hatte mir ein <a href=\"https:\/\/brotdoc.com\/2017\/04\/04\/roggenmischbrot-7030-a-la-werner\/\" rel=\"noopener noreferrer\" target=\"_blank\">Roggenmischbrot 70\/30<\/a> ausgesucht. (500 Gramm Wasser reichen in der zweiten Runde, sonst Suppe.)<\/p>\n<p><a href=\"https:\/\/www.vorspeisenplatte.de\/speisen\/archiv\/201126_11_Roggenmisch70-30.jpg\"><img loading=\"lazy\" decoding=\"async\" src=\"https:\/\/www.vorspeisenplatte.de\/speisen\/archiv\/201126_11_Roggenmisch70-30.jpg\" alt=\"\" width=\"421\" height=\"428\" class=\"alignnone size-full wp-image-63523\" \/><\/a><\/p>\n<p><a href=\"https:\/\/www.vorspeisenplatte.de\/speisen\/archiv\/201126_12_Roggenmisch70-30.jpg\"><img loading=\"lazy\" decoding=\"async\" src=\"https:\/\/www.vorspeisenplatte.de\/speisen\/archiv\/201126_12_Roggenmisch70-30.jpg\" alt=\"\" width=\"444\" height=\"333\" class=\"alignnone size-full wp-image-63527\" \/><\/a><\/p>\n<p>Gelungen (probiert wird erst am Freitag), aber leider schauen meine Roggenbrote immer gleich aus. Dabei hatte ich diesmal besonders an einem Andersaussehen wie im Rezept beschrieben gearbeitet.<\/p>\n<p><a href=\"https:\/\/www.vorspeisenplatte.de\/speisen\/archiv\/201126_03_Kleidung.jpg\"><img loading=\"lazy\" decoding=\"async\" src=\"https:\/\/www.vorspeisenplatte.de\/speisen\/archiv\/201126_03_Kleidung.jpg\" alt=\"\" width=\"231\" height=\"450\" class=\"alignnone size-full wp-image-63524\" \/><\/a><\/p>\n<p>Weil grad Zeit war: Mal wieder ein #609060-Bild.<\/p>\n<p>Kurze Eink\u00e4ufe beim donnerst\u00e4glich leeren S\u00fcpermarket Verdi (Obst, Gem\u00fcse, Pul Biber), an der Kasse Corona-Gespr\u00e4che: Seufzen des Kassenherren \u00fcber Verzicht auf Urlaub und Auslandreisen, Hoffnung aufs n\u00e4chste Jahr.<\/p>\n<p>Daheim nutzte ich die Resthitze des Backofens, um mit dem mal wieder viel gewordenen alten Sauerteig <a href=\"https:\/\/www.kitchenstories.com\/de\/rezepte\/crispy-flaky-sourdough-dicard-crackers-b8f3\" rel=\"noopener noreferrer\" target=\"_blank\">Cracker<\/a> zu backen.<\/p>\n<p>Vor lauter Ding kam ich erst sp\u00e4t zu meinem Fr\u00fchst\u00fcck: Zwei Orangen mit Quark und Joghurt. Sp\u00e4ter noch Cracker.<\/p>\n<p>Zeitunglesen im Sessel, Umzug ins Schlafzimmer, dort guckte ich auf dem Laptop eine empfohlene RBB-Doku von 2020: <a href=\"https:\/\/www.ardmediathek.de\/rbb\/video\/dokumentation-und-reportage\/berlin-kastanienallee\/rbb-fernsehen\/Y3JpZDovL3JiYi1vbmxpbmUuZGUvZG9rdS8yMDIwLTExLTI0VDIwOjMwOjAwX2IwZmJhMWY2LTM1ZWMtNDY5OC1iOTBkLTY3ZWM2N2UyYmE5YS9iZXJsaW4ta2FzdGFuaWVuYWxsZWU\/\" rel=\"noopener noreferrer\" target=\"_blank\"><i>Berlin Kastanienallee<\/i><\/a>. Gefiel mir sehr gut, zum ersten Mal sah ich in einem Sachfilm Corona-Auswirkungen (Masken, Ellbogen-Bump), ohne dass es um Corona ging.<\/p>\n<p>Zum Abendessen bereitete ich zweierlei Salate aus Ernteanteil zu: Feldsalat mit K\u00fcrbiskern\u00f6l, Zuckerhut mit Orangen-Tahini-Dressing, dazu gab es den Rest Empanada von Mittwochabend.<\/p>\n<p>\u00a7<\/p>\n<p>Ein wenig Aufheiterung! Sie wollen sicher wissen, wie es dem 15 Tage alten Minielefanten im Tierpark Hellabrunn geht:<br \/>\n<a href=\"https:\/\/www.hellabrunn.de\/neues-aus-hellabrunn\/newsanzeige\/elefant-otto-trifft-seine-tanten\/a0fd51f0c346b48b0cab62cc98f162a4\/aktuelles\/\" rel=\"noopener noreferrer\" target=\"_blank\">&#8220;Elefant Otto trifft seine Tanten&#8221;.<\/a><\/p>\n","protected":false},"excerpt":{"rendered":"<p>Vormittags ein wenig schonende Gymnastik f\u00fcr H\u00fcfte und Kreuz, ein wenig Crosstrainer. Die LWS-Nervenschmerzen sind mit drei Mal Ibu am Tag im Griff, hin und wieder sp\u00fcre ich die post-OP Muskelschmerzen, von denen es hie\u00df, die k\u00f6nnten bis zu einem Jahr andauern. Endlich mal wieder Brotbacken, ich hatte mir ein Roggenmischbrot 70\/30 ausgesucht. (500 Gramm [&hellip;]<\/p>\n","protected":false},"author":2,"featured_media":0,"comment_status":"open","ping_status":"closed","sticky":false,"template":"","format":"standard","meta":{"footnotes":""},"categories":[2,1],"tags":[],"class_list":["post-63518","post","type-post","status-publish","format-standard","hentry","category-fotos","category-general"],"_links":{"self":[{"href":"https:\/\/www.vorspeisenplatte.de\/speisen\/wp-json\/wp\/v2\/posts\/63518","targetHints":{"allow":["GET"]}}],"collection":[{"href":"https:\/\/www.vorspeisenplatte.de\/speisen\/wp-json\/wp\/v2\/posts"}],"about":[{"href":"https:\/\/www.vorspeisenplatte.de\/speisen\/wp-json\/wp\/v2\/types\/post"}],"author":[{"embeddable":true,"href":"https:\/\/www.vorspeisenplatte.de\/speisen\/wp-json\/wp\/v2\/users\/2"}],"replies":[{"embeddable":true,"href":"https:\/\/www.vorspeisenplatte.de\/speisen\/wp-json\/wp\/v2\/comments?post=63518"}],"version-history":[{"count":3,"href":"https:\/\/www.vorspeisenplatte.de\/speisen\/wp-json\/wp\/v2\/posts\/63518\/revisions"}],"predecessor-version":[{"id":63531,"href":"https:\/\/www.vorspeisenplatte.de\/speisen\/wp-json\/wp\/v2\/posts\/63518\/revisions\/63531"}],"wp:attachment":[{"href":"https:\/\/www.vorspeisenplatte.de\/speisen\/wp-json\/wp\/v2\/media?parent=63518"}],"wp:term":[{"taxonomy":"category","embeddable":true,"href":"https:\/\/www.vorspeisenplatte.de\/speisen\/wp-json\/wp\/v2\/categories?post=63518"},{"taxonomy":"post_tag","embeddable":true,"href":"https:\/\/www.vorspeisenplatte.de\/speisen\/wp-json\/wp\/v2\/tags?post=63518"}],"curies":[{"name":"wp","href":"https:\/\/api.w.org\/{rel}","templated":true}]}}