{"id":63894,"date":"2020-12-15T07:04:39","date_gmt":"2020-12-15T06:04:39","guid":{"rendered":"https:\/\/www.vorspeisenplatte.de\/speisen\/?p=63894"},"modified":"2022-12-15T16:02:53","modified_gmt":"2022-12-15T15:02:53","slug":"journal-montag-14-dezember-2020-ruhige-fussgaengerzone","status":"publish","type":"post","link":"https:\/\/www.vorspeisenplatte.de\/speisen\/2020\/12\/journal-montag-14-dezember-2020-ruhige-fussgaengerzone.htm","title":{"rendered":"Journal Montag, 14. Dezember 2020 &#8211; Ruhige Fu\u00dfg\u00e4ngerzone"},"content":{"rendered":"<p>Sonnentag, ich genoss schon vor der Arbeit beim Zeitunglesen das Licht.<\/p>\n<p><a href=\"https:\/\/www.vorspeisenplatte.de\/speisen\/archiv\/201214_01_Wohnzimmerblick.jpg\"><img loading=\"lazy\" decoding=\"async\" src=\"https:\/\/www.vorspeisenplatte.de\/speisen\/archiv\/201214_01_Wohnzimmerblick.jpg\" alt=\"\" width=\"490\" height=\"415\" class=\"alignnone size-full wp-image-63908\" \/><\/a><\/p>\n<p>Gem\u00fctlicher Bus in die Arbeit &#8211; allein schon weil der Stra\u00dfenverkehr in die Innenstadt stehend dicht war.<\/p>\n<p>Nach meinen vier Stunden Wiedereingliederungsarbeitszeit (zu Mittag gab&#8217;s Empanada vom Samstag, die sich sehr gut gehalten hatte &#8211; der \u00d6l-haltige Teig zahlte sich aus) husch! in die Innenstadt, um das letzte Weihnachtsgeschenk zu kaufen. Ich ging von der U-Bahn Odeonsplatz direkt an den einen Ort, an dem Vorhandensein am wahrscheinlichsten war: Volltreffer. Weder Fu\u00dfg\u00e4ngerzone noch Laden waren zwischen 15 und 16 Uhr unangenehm belebt, Schlangen sah ich in der Fu\u00dfg\u00e4ngerzone nur vor den L\u00e4den, an denen ich seit Wiederer\u00f6ffnung im Mai Schlangen gesehen hatte (Kleidung f\u00fcr Jugendliche). Ich begegnete allerdings in der Kaufingerstra\u00dfe einem Fotografen mit m\u00e4chtigem Teleobjektiv, der Richtung Marienplatz fotografierte &#8211; ich nehme an, eine Lokalredaktion brauchte eine Illustration f\u00fcr die Behauptung einer bummvollen Fu\u00dfg\u00e4ngerzone.<\/p>\n<p>Auf dem Heimweg (es war deutlich milder geworden) kaufte ich noch an einem Standl Madarinen und eine Mango. Zu Hause hatte ich Hunger, a\u00df Mince Pies, Mandarinen, Stollen.<\/p>\n<p>Im Bett mit F\u00fc\u00dfehoch las ich Internet, dann sah ich die Aufzeichnung einer Fernsehsendung von 1991 an: G\u00fcnter Gaus im Gespr\u00e4ch mit Angela Merkel.<\/p>\n<div class=\"video-wrapped\" style=\"width: 500px; height: 281px; background-image: url('https:\/\/www.vorspeisenplatte.de\/speisen\/wp-content\/plugins\/video-embed-privacy\/preview\/YQBslPEZceI.jpg')\" data-embed-frame=\"&lt;iframe title=&quot;G\u00fcnter Gaus im Gespr\u00e4ch mit Angela Merkel (1991) [ENG SUB] \/ Interview&quot; width=&quot;500&quot; height=&quot;281&quot; src=&quot;https:\/\/www.youtube.com\/embed\/YQBslPEZceI?feature=oembed&quot; frameborder=&quot;0&quot; allow=&quot;accelerometer; autoplay; clipboard-write; encrypted-media; gyroscope; picture-in-picture; web-share&quot; referrerpolicy=&quot;strict-origin-when-cross-origin&quot; allowfullscreen&gt;&lt;\/iframe&gt;\" data-embed-play=\"Abspielen&lt;div class=&quot;small&quot;&gt;Das Video wird von Youtube eingebettet abespielt. Es gilt die &lt;a href=&quot;https:\/\/www.google.com\/intl\/de\/policies\/privacy\/&quot; target=&quot;_blank&quot;&gt;Datenschutzerkl\u00e4rung von Google&lt;\/a&gt;&lt;\/div&gt;\">\n<div class=\"video-wrapped-nojs\">Aktivieren Sie JavaScript um das Video zu sehen.<br \/><a href=\"https:\/\/youtu.be\/YQBslPEZceI\">https:\/\/youtu.be\/YQBslPEZceI<\/a><\/div>\n<\/div>\n<p>Sehr spannend, die 37-j\u00e4hrige Angela Merkel zu erleben (damals Bundesministerin f\u00fcr Frauen und Jugend, kurz davor, stellvertretende CDU-Parteivorsitzende zu werden), die unter anderem ihre Entscheidung erkl\u00e4rte, sich parteipolitisch zu engagieren. Ich erkannte die souver\u00e4ne Milde wieder, mit der sie sich von G\u00fcnter Gaus nie provozieren lie\u00df (nicht einmal, wenn er ihr \u00fcber den Mund fuhr &#8211; der Mann war wirklich schwer ertr\u00e4glich). Da wir ja inzwischen wissen, dass sie ihre Reaktionen wirklich nicht hinter ruhiger Miene verbergen kann (umso interessanter, an welchen Stellen ihre Augenbrauen zusammenr\u00fcckten), nehme ich ihr diese Gelassenheit komplett ab. Sie hatte auch keine Schwierigkeiten zuzugeben, dass sie etwas noch nicht wei\u00df und noch lernen muss. Einmal sieht man bereits die Merkel-Raute.<\/p>\n<p>Der Ernteanteil hatte eine m\u00e4chtige Sellerieknolle umfasst; aus der H\u00e4lfte machte Herr Kaltmamsell <a href=\"https:\/\/magentratzerl.de\/2016\/02\/02\/sellerie-au-gratin\/\" rel=\"noopener\" target=\"_blank\">Sellerie-Lasagne<\/a> &#8211; diesmal eine \u00fcbersichtliche Portion, die keine Reste hinterlie\u00df. Zum Nachtisch Schokolade. <img loading=\"lazy\" decoding=\"async\" src=\"https:\/\/vg05.met.vgwort.de\/na\/e4141b557f9946e694363b8b05e484d2\" width=\"1\" height=\"1\" alt=\"\"\/><\/p>\n","protected":false},"excerpt":{"rendered":"<p>Sonnentag, ich genoss schon vor der Arbeit beim Zeitunglesen das Licht. Gem\u00fctlicher Bus in die Arbeit &#8211; allein schon weil der Stra\u00dfenverkehr in die Innenstadt stehend dicht war. Nach meinen vier Stunden Wiedereingliederungsarbeitszeit (zu Mittag gab&#8217;s Empanada vom Samstag, die sich sehr gut gehalten hatte &#8211; der \u00d6l-haltige Teig zahlte sich aus) husch! in die [&hellip;]<\/p>\n","protected":false},"author":2,"featured_media":0,"comment_status":"open","ping_status":"closed","sticky":false,"template":"","format":"standard","meta":{"footnotes":""},"categories":[2,1],"tags":[],"class_list":["post-63894","post","type-post","status-publish","format-standard","hentry","category-fotos","category-general"],"_links":{"self":[{"href":"https:\/\/www.vorspeisenplatte.de\/speisen\/wp-json\/wp\/v2\/posts\/63894","targetHints":{"allow":["GET"]}}],"collection":[{"href":"https:\/\/www.vorspeisenplatte.de\/speisen\/wp-json\/wp\/v2\/posts"}],"about":[{"href":"https:\/\/www.vorspeisenplatte.de\/speisen\/wp-json\/wp\/v2\/types\/post"}],"author":[{"embeddable":true,"href":"https:\/\/www.vorspeisenplatte.de\/speisen\/wp-json\/wp\/v2\/users\/2"}],"replies":[{"embeddable":true,"href":"https:\/\/www.vorspeisenplatte.de\/speisen\/wp-json\/wp\/v2\/comments?post=63894"}],"version-history":[{"count":3,"href":"https:\/\/www.vorspeisenplatte.de\/speisen\/wp-json\/wp\/v2\/posts\/63894\/revisions"}],"predecessor-version":[{"id":82708,"href":"https:\/\/www.vorspeisenplatte.de\/speisen\/wp-json\/wp\/v2\/posts\/63894\/revisions\/82708"}],"wp:attachment":[{"href":"https:\/\/www.vorspeisenplatte.de\/speisen\/wp-json\/wp\/v2\/media?parent=63894"}],"wp:term":[{"taxonomy":"category","embeddable":true,"href":"https:\/\/www.vorspeisenplatte.de\/speisen\/wp-json\/wp\/v2\/categories?post=63894"},{"taxonomy":"post_tag","embeddable":true,"href":"https:\/\/www.vorspeisenplatte.de\/speisen\/wp-json\/wp\/v2\/tags?post=63894"}],"curies":[{"name":"wp","href":"https:\/\/api.w.org\/{rel}","templated":true}]}}