{"id":64065,"date":"2020-12-30T06:23:06","date_gmt":"2020-12-30T05:23:06","guid":{"rendered":"https:\/\/www.vorspeisenplatte.de\/speisen\/?p=64065"},"modified":"2022-12-20T15:31:08","modified_gmt":"2022-12-20T14:31:08","slug":"journal-dienstag-29-dezember-2020-der-arnulfsteg","status":"publish","type":"post","link":"https:\/\/www.vorspeisenplatte.de\/speisen\/2020\/12\/journal-dienstag-29-dezember-2020-der-arnulfsteg.htm","title":{"rendered":"Journal Dienstag, 29. Dezember 2020 &#8211; Der Arnulfsteg"},"content":{"rendered":"<p>Heute vor zehn Jahren mit Photobooth (Laptop-Kamera) aufgenommen:<\/p>\n<p><a href=\"https:\/\/www.vorspeisenplatte.de\/speisen\/archiv\/131230_Photobooth.jpg\"><img loading=\"lazy\" decoding=\"async\" src=\"https:\/\/www.vorspeisenplatte.de\/speisen\/archiv\/131230_Photobooth.jpg\" alt=\"\" width=\"448\" height=\"336\" class=\"alignnone size-full\" \/><\/a><\/p>\n<p>Mein letzter Versuch, l\u00e4ngere als sehr kurze Haare zu haben (wodurch ich endg\u00fcltig lernte, dass ich mich damit nicht identifiziere), offensichtlich bem\u00fchte ich mich damals noch um weihnachtliche Deko.<\/p>\n<p>Sehr gut geschlafen, die Vornacht ist ausgeglichen.<\/p>\n<p>Als Sport war Yoga dran. Ich bewegte mich nochmal durch Folge 1 von &#8220;Home&#8221;, ums zu lernen und meine heilende H\u00fcfte langsam einzugew\u00f6hnen. F\u00fcr die bewegungseingeschr\u00e4nkte rechte H\u00fcfte setzte ich mich auf ein dickes Buch als Yogablock-Ersatz.<\/p>\n<p>Einkaufsrunde beim Vollcorner: Die Liste f\u00fcrs Abendessen war umfangreich, au\u00dferdem ein paar Vorr\u00e4te. Der Weg war in sonnigem, k\u00fchlen Wetter ein Genuss.<\/p>\n<p>Zum Fr\u00fchst\u00fcck gab es Spinat-Pie vom Vorabend, den letzten Rest Brot vom Hl.-Abend-Schinken (!), ein St\u00fcck frisch gekauftes Wei\u00dfbrot.<\/p>\n<p>Der Drau\u00dfenplan f\u00fcr gestern: Raus an den neuen <a href=\"https:\/\/www.muenchen.de\/sehenswuerdigkeiten\/orte\/1349148.html\" rel=\"noopener\" target=\"_blank\">Arnulfsteg<\/a> mit der Tram. Zur Er\u00f6ffnung hatte es Corona-bedingt kein Tschingderassabum gegeben, wir M\u00fcnchnerinnen und M\u00fcnchner gucken einfach so nach und nach vorbei.<\/p>\n<p><a href=\"https:\/\/www.vorspeisenplatte.de\/speisen\/archiv\/201229_03_Arnulfsteg.jpg\"><img loading=\"lazy\" decoding=\"async\" src=\"https:\/\/www.vorspeisenplatte.de\/speisen\/archiv\/201229_03_Arnulfsteg.jpg\" alt=\"\" width=\"549\" height=\"370\" class=\"alignnone size-full \" \/><\/a><\/p>\n<p>Auf der Nordseite eine Schnecke f\u00fcr Radler, ich glaubte einige freudige HUI!s zu h\u00f6ren.<\/p>\n<p><a href=\"https:\/\/www.vorspeisenplatte.de\/speisen\/archiv\/201229_06_Arnulfsteg.jpg\"><img loading=\"lazy\" decoding=\"async\" src=\"https:\/\/www.vorspeisenplatte.de\/speisen\/archiv\/201229_06_Arnulfsteg.jpg\" alt=\"\" width=\"495\" height=\"353\" class=\"alignnone size-full \" \/><\/a><\/p>\n<p>Arnulfsteg von der Seite.<\/p>\n<p><a href=\"https:\/\/www.vorspeisenplatte.de\/speisen\/archiv\/201229_08_Arnulfsteg.jpg\"><img loading=\"lazy\" decoding=\"async\" src=\"https:\/\/www.vorspeisenplatte.de\/speisen\/archiv\/201229_08_Arnulfsteg.jpg\" alt=\"\" width=\"369\" height=\"458\" class=\"alignnone size-full\" \/><\/a><\/p>\n<p>Von innen.<\/p>\n<p><a href=\"https:\/\/www.vorspeisenplatte.de\/speisen\/archiv\/201229_09_Arnulfsteg.jpg\"><img loading=\"lazy\" decoding=\"async\" src=\"https:\/\/www.vorspeisenplatte.de\/speisen\/archiv\/201229_09_Arnulfsteg.jpg\" alt=\"\" width=\"531\" height=\"377\" class=\"alignnone size-full \" \/><\/a><\/p>\n<p>Hinweis auf die voraussichtliche Nutzung im Sommer, eine Erleichterung f\u00fcr die Hackerbr\u00fccke.<\/p>\n<p><a href=\"https:\/\/www.vorspeisenplatte.de\/speisen\/archiv\/201229_12_Arnulfsteg.jpg\"><img loading=\"lazy\" decoding=\"async\" src=\"https:\/\/www.vorspeisenplatte.de\/speisen\/archiv\/201229_12_Arnulfsteg.jpg\" alt=\"\" width=\"530\" height=\"421\" class=\"alignnone size-full \" \/><\/a><\/p>\n<p><a href=\"https:\/\/www.vorspeisenplatte.de\/speisen\/archiv\/201229_14_Arnulfsteg.jpg\"><img loading=\"lazy\" decoding=\"async\" src=\"https:\/\/www.vorspeisenplatte.de\/speisen\/archiv\/201229_14_Arnulfsteg.jpg\" alt=\"\" width=\"588\" height=\"360\" class=\"alignnone size-full \" \/><\/a><\/p>\n<p>Mit diesen Aussichten.<\/p>\n<p>Zum s\u00fcdlichen Weiterspazieren im Westend ist keine Querung der Landsberger Stra\u00dfe m\u00f6glich (Fahrradwege, vier Autospuren, Tram-Trasse), doch ich entnahm der gestrigen <i>S\u00fcddeutschen<\/i>, dass ein \u00dcbergang zumindest geplant ist.<\/p>\n<p>Was mir bei meinen Wegen durch die Stadt auff\u00e4llt: Die Tage zwischen Weihnachten und Neujahr f\u00fchlen sich nicht so besonders ruhig an wie in den Jahren zuvor. Schlie\u00dflich sind die L\u00e4den und Restaurants seit Wochen geschlossen, und das bereits zum zweiten Mal im Jahr. Die daraus resultierende Ruhe und diesmal beabsichtige Menschenleere ist also vertraut und eher bedrohlich.<\/p>\n<p>Daheim Zeitungs- und Internetlekt\u00fcre, bevor ich das Abendessen zubereitete: <a href=\"https:\/\/www.esskultur.at\/unsichtbarer-salat\/\" rel=\"noopener\" target=\"_blank\">Unsichtbaren Salat von Katha Seiser<\/a> (Schnittlauch diesmal nicht vergessen, sondern gestern in zwei Lebensmittelgesch\u00e4ften nicht erh\u00e4ltlich).<\/p>\n<p><a href=\"https:\/\/www.vorspeisenplatte.de\/speisen\/archiv\/201229_20_Nachtmahl.jpg\"><img loading=\"lazy\" decoding=\"async\" src=\"https:\/\/www.vorspeisenplatte.de\/speisen\/archiv\/201229_20_Nachtmahl.jpg\" alt=\"\" width=\"333\" height=\"444\" class=\"alignnone size-full wp-image-64254\" \/><\/a> <img loading=\"lazy\" decoding=\"async\" src=\"https:\/\/vg05.met.vgwort.de\/na\/41b06a8de9e6443c90a0ed5e7afb8e23\" width=\"1\" height=\"1\" alt=\"\"\/><\/p>\n","protected":false},"excerpt":{"rendered":"<p>Heute vor zehn Jahren mit Photobooth (Laptop-Kamera) aufgenommen: Mein letzter Versuch, l\u00e4ngere als sehr kurze Haare zu haben (wodurch ich endg\u00fcltig lernte, dass ich mich damit nicht identifiziere), offensichtlich bem\u00fchte ich mich damals noch um weihnachtliche Deko. Sehr gut geschlafen, die Vornacht ist ausgeglichen. Als Sport war Yoga dran. Ich bewegte mich nochmal durch Folge [&hellip;]<\/p>\n","protected":false},"author":2,"featured_media":0,"comment_status":"open","ping_status":"closed","sticky":false,"template":"","format":"standard","meta":{"footnotes":""},"categories":[6,2,1],"tags":[],"class_list":["post-64065","post","type-post","status-publish","format-standard","hentry","category-essen","category-fotos","category-general"],"_links":{"self":[{"href":"https:\/\/www.vorspeisenplatte.de\/speisen\/wp-json\/wp\/v2\/posts\/64065","targetHints":{"allow":["GET"]}}],"collection":[{"href":"https:\/\/www.vorspeisenplatte.de\/speisen\/wp-json\/wp\/v2\/posts"}],"about":[{"href":"https:\/\/www.vorspeisenplatte.de\/speisen\/wp-json\/wp\/v2\/types\/post"}],"author":[{"embeddable":true,"href":"https:\/\/www.vorspeisenplatte.de\/speisen\/wp-json\/wp\/v2\/users\/2"}],"replies":[{"embeddable":true,"href":"https:\/\/www.vorspeisenplatte.de\/speisen\/wp-json\/wp\/v2\/comments?post=64065"}],"version-history":[{"count":3,"href":"https:\/\/www.vorspeisenplatte.de\/speisen\/wp-json\/wp\/v2\/posts\/64065\/revisions"}],"predecessor-version":[{"id":82836,"href":"https:\/\/www.vorspeisenplatte.de\/speisen\/wp-json\/wp\/v2\/posts\/64065\/revisions\/82836"}],"wp:attachment":[{"href":"https:\/\/www.vorspeisenplatte.de\/speisen\/wp-json\/wp\/v2\/media?parent=64065"}],"wp:term":[{"taxonomy":"category","embeddable":true,"href":"https:\/\/www.vorspeisenplatte.de\/speisen\/wp-json\/wp\/v2\/categories?post=64065"},{"taxonomy":"post_tag","embeddable":true,"href":"https:\/\/www.vorspeisenplatte.de\/speisen\/wp-json\/wp\/v2\/tags?post=64065"}],"curies":[{"name":"wp","href":"https:\/\/api.w.org\/{rel}","templated":true}]}}