{"id":64225,"date":"2020-12-31T13:28:06","date_gmt":"2020-12-31T12:28:06","guid":{"rendered":"https:\/\/www.vorspeisenplatte.de\/speisen\/?p=64225"},"modified":"2022-12-20T15:51:23","modified_gmt":"2022-12-20T14:51:23","slug":"jahresrueckblick-2020","status":"publish","type":"post","link":"https:\/\/www.vorspeisenplatte.de\/speisen\/2020\/12\/jahresrueckblick-2020.htm","title":{"rendered":"Jahresr\u00fcckblick 2020"},"content":{"rendered":"<p>Die Pandemie k\u00f6nnte vielleicht erfahrbar machen, wie wenig ein kalendarischer Jahreswechsel bedeutet: Es \u00e4ndert sich halt au\u00dfer dem Kalender gar nichts. Ich nehme zudem an, dass Vors\u00e4tze mangels Z\u00e4sur in der SITUATION an diesem Silvester wenige sein werden. (Au\u00dferdem wurden nach meiner Beobachtung Sportvors\u00e4tze in zweimal Ausgangsbeschr\u00e4nkungen aufgebraucht.)<\/p>\n<p>\u00dcbrigens ver\u00f6ffentliche ich diesen R\u00fcckblick nur zum Teil aus Aberglauben tats\u00e4chlich immer erst am letzten Tag des Jahres: Jede journalistische Berichterstatterin f\u00fcrchtet, bei Voreiligkeit das Wichtigste zu verpassen. Gleichzeitig habe ich bemerkt, dass mich diese Fragen inzwischen langweilen, weil sie fast nur Angaben auflisten, die f\u00fcr mich irrelevant sind. (Vielleicht h\u00f6re ich einfach damit auf.)<\/p>\n<p>Die am h\u00e4ufigsten geherzten Fotos auf instagram:<\/p>\n<p><a href=\"https:\/\/www.vorspeisenplatte.de\/speisen\/archiv\/201225_instagramtopnine.jpg\"><img loading=\"lazy\" decoding=\"async\" src=\"https:\/\/www.vorspeisenplatte.de\/speisen\/archiv\/201225_instagramtopnine.jpg\" alt=\"\" width=\"493\" height=\"493\" class=\"alignnone size-full wp-image-64226\" srcset=\"https:\/\/www.vorspeisenplatte.de\/speisen\/archiv\/201225_instagramtopnine.jpg 493w, https:\/\/www.vorspeisenplatte.de\/speisen\/archiv\/201225_instagramtopnine-150x150.jpg 150w, https:\/\/www.vorspeisenplatte.de\/speisen\/archiv\/201225_instagramtopnine-144x144.jpg 144w\" sizes=\"auto, (max-width: 493px) 100vw, 493px\" \/><\/a><\/p>\n<p><strong>Zugenommen oder abgenommen?<\/strong><br \/>\nWeder noch.<\/p>\n<p><strong>Haare l\u00e4nger oder k\u00fcrzer?<\/strong><br \/>\nWeder noch.<\/p>\n<p><strong>Kurzsichtiger oder weitsichtiger?<\/strong><br \/>\nAuf die N\u00e4he erstmals weitsichtiger, mal sehen, ob&#8217;s 2021 zu einer neuen Brille reicht.<\/p>\n<p><strong>Mehr bewegt oder weniger?<\/strong><br \/>\nVermutlich gleich viel wie 2019, als meine sportliche Energie bereits stark ausgebremst wurde. Kein Wandern (wegen H\u00fcfte), kaum Schwimmen (wegen Pandemie), weniger Fu\u00dfwege (wieder H\u00fcfte), daf\u00fcr neu Yoga, wie gewohnt Crosstrainer, viel Reha-Gymnastik.<\/p>\n<p><strong>Mehr Kohle oder weniger.<\/strong><br \/>\nEtwas weniger, weil die VG-Wort-Nachzahlung von 2019 entfiel.<\/p>\n<p><strong>Mehr ausgegeben oder weniger?<\/strong><br \/>\nGleich viel: Den geringeren Ausgaben f\u00fcr Resaurantbesuche stehen ein edler Balkontisch und eine Matratze samt Lattenrosten gegen\u00fcber.<\/p>\n<p><strong>Der hirnrissigste Plan?<\/strong><br \/>\nIn der Nacht nach der OP allein aufs Klo zu gehen.<\/p>\n<p><strong>Die gef\u00e4hrlichste Unternehmung?<\/strong><br \/>\nAm riskantesten war objektiv gesehen wohl die OP.<\/p>\n<p><strong>Die teuerste Anschaffung?<\/strong><br \/>\nEine neue Matratze.<\/p>\n<p><strong>Das leckerste Essen?<\/strong><br \/>\nDas Mitnehm-Men\u00fc vom Broeding war schon besonders fein. Der Gazpacho von Herrn Kaltmamsell, Seezungen in Oldenburg, das C\u00f4te de Boeuf im Juli, der Nektarinen-Tomaten-Salat mit frischem Majoran, die DimSum im Hutong Club haben aber auch bleibende Erinnerungen hinterlassen.<\/p>\n<p><strong>Das beeindruckenste Buch?<\/strong><br \/>\nMatt Ruff, <i>Lovecraft Country<\/i><\/p>\n<p><strong>Das entt\u00e4uschendste Buch?<\/strong><br \/>\nJohn le Carr\u00e9, <i>Tinker Tailor Soldier Spy<\/i><br \/>\n(Ich hatte mich so gefreut auf eine Zukunft mit Dutzenden le Carr\u00e8-B\u00fcchern &#8211; aber diese Spionage-Welt ist einfach l\u00e4cherlich.)<\/p>\n<p><strong>Der ergreifendste Film?<\/strong><br \/>\n<i>Joker<\/i> (Ja, der war 2020.)<\/p>\n<p><strong>Die beste Musik?<\/strong><br \/>\nWeiterhin sehr wenig geh\u00f6rt, neu gekauft wohl nur Billie Eilish, weil ich sie mag.<\/p>\n<p><strong>Das beste Theater?<\/strong><br \/>\nEs hat vor Corona-Schlie\u00dfung zu nur zwei Vorstellungen gereicht, davon gefiel mir Marieluise Flei\u00dfer, <i>Der starke Stamm<\/i> sehr gut.<\/p>\n<p><strong>Die meiste Zeit verbracht mit&#8230;?<\/strong><br \/>\nH\u00fcftproblemen.<\/p>\n<p><strong>Die sch\u00f6nste Zeit verbracht mit&#8230;?<\/strong><br \/>\nHerrn Kaltmamsell.<\/p>\n<p><strong>Vorherrschendes Gef\u00fchl 2020?<\/strong><br \/>\nZ\u00e4hne zusammenbei\u00dfen.<\/p>\n<p><strong>2020 zum ersten Mal getan?<\/strong><br \/>\nYoga, ein massives St\u00fcck Knochen durch Metall ersetzen lassen, mit Kr\u00fccken gegangen.<\/p>\n<p><strong>2020 nach langer Zeit wieder getan?<\/strong><br \/>\nFremde um Hilfe gebeten, zwei Monate am St\u00fcck nicht erwerbsgearbeitet, in Wohnungseinrichtung investiert.<\/p>\n<p><strong>3 Dinge, auf die ich gut h\u00e4tte verzichten m\u00f6gen?<\/strong><br \/>\nPandemie, Realit\u00e4tsverweigerer, kranke Verwandte.<\/p>\n<p><strong>Die wichtigste Sache, von der ich jemanden \u00fcberzeugen wollte?<\/strong><br \/>\nEs ist echt ehrlich wirklich die H\u00fcfte und nicht die Lendenwirbels\u00e4ule. (Mit Erfolg.)<\/p>\n<p><strong>Das sch\u00f6nste Geschenk, das ich jemandem gemacht habe?<\/strong><br \/>\nEs kommt mir vor, als h\u00e4tte ich ein Jahr lang keine Geschenke gemacht. Als h\u00e4tte ich mich \u00fcberhaupt nicht um jemand anders gek\u00fcmmert. Kein sch\u00f6nes Gef\u00fchl.<\/p>\n<p><strong>Das sch\u00f6nste Geschenk, das mir jemand gemacht hat?<\/strong><br \/>\nSich um mich zu sorgen und mich zu umsorgen, ohne mich mit seiner Sorge zu belasten.<\/p>\n<p><strong>2020 war mit 1 Wort&#8230;?<\/strong><br \/>\nIch borge mir das &#8220;Off-track&#8221; von <a href=\"http:\/\/www.behindertenparkplatz.de\/jahresendfragebogen-2020\/\" rel=\"noopener\" target=\"_blank\">Christiane<\/a>.<\/p>\n<p><strong>Vors\u00e4tze f\u00fcr 2021?<\/strong><br \/>\nKeine, weil ich die Umst\u00e4nde der Umsetzung zu wenig beeinflussen kann. <img loading=\"lazy\" decoding=\"async\" src=\"https:\/\/vg05.met.vgwort.de\/na\/7451fe9edfb446658bd0adf3d49922c3\" width=\"1\" height=\"1\" alt=\"\"\/><\/p>\n","protected":false},"excerpt":{"rendered":"<p>Die Pandemie k\u00f6nnte vielleicht erfahrbar machen, wie wenig ein kalendarischer Jahreswechsel bedeutet: Es \u00e4ndert sich halt au\u00dfer dem Kalender gar nichts. Ich nehme zudem an, dass Vors\u00e4tze mangels Z\u00e4sur in der SITUATION an diesem Silvester wenige sein werden. (Au\u00dferdem wurden nach meiner Beobachtung Sportvors\u00e4tze in zweimal Ausgangsbeschr\u00e4nkungen aufgebraucht.) \u00dcbrigens ver\u00f6ffentliche ich diesen R\u00fcckblick nur zum [&hellip;]<\/p>\n","protected":false},"author":2,"featured_media":0,"comment_status":"open","ping_status":"closed","sticky":false,"template":"","format":"standard","meta":{"footnotes":""},"categories":[1],"tags":[],"class_list":["post-64225","post","type-post","status-publish","format-standard","hentry","category-general"],"_links":{"self":[{"href":"https:\/\/www.vorspeisenplatte.de\/speisen\/wp-json\/wp\/v2\/posts\/64225","targetHints":{"allow":["GET"]}}],"collection":[{"href":"https:\/\/www.vorspeisenplatte.de\/speisen\/wp-json\/wp\/v2\/posts"}],"about":[{"href":"https:\/\/www.vorspeisenplatte.de\/speisen\/wp-json\/wp\/v2\/types\/post"}],"author":[{"embeddable":true,"href":"https:\/\/www.vorspeisenplatte.de\/speisen\/wp-json\/wp\/v2\/users\/2"}],"replies":[{"embeddable":true,"href":"https:\/\/www.vorspeisenplatte.de\/speisen\/wp-json\/wp\/v2\/comments?post=64225"}],"version-history":[{"count":3,"href":"https:\/\/www.vorspeisenplatte.de\/speisen\/wp-json\/wp\/v2\/posts\/64225\/revisions"}],"predecessor-version":[{"id":82841,"href":"https:\/\/www.vorspeisenplatte.de\/speisen\/wp-json\/wp\/v2\/posts\/64225\/revisions\/82841"}],"wp:attachment":[{"href":"https:\/\/www.vorspeisenplatte.de\/speisen\/wp-json\/wp\/v2\/media?parent=64225"}],"wp:term":[{"taxonomy":"category","embeddable":true,"href":"https:\/\/www.vorspeisenplatte.de\/speisen\/wp-json\/wp\/v2\/categories?post=64225"},{"taxonomy":"post_tag","embeddable":true,"href":"https:\/\/www.vorspeisenplatte.de\/speisen\/wp-json\/wp\/v2\/tags?post=64225"}],"curies":[{"name":"wp","href":"https:\/\/api.w.org\/{rel}","templated":true}]}}