{"id":64385,"date":"2021-01-02T07:38:21","date_gmt":"2021-01-02T06:38:21","guid":{"rendered":"https:\/\/www.vorspeisenplatte.de\/speisen\/?p=64385"},"modified":"2021-01-02T08:54:31","modified_gmt":"2021-01-02T07:54:31","slug":"journal-freitag-1-januar-2021-unerreichbare-beste-versionen","status":"publish","type":"post","link":"https:\/\/www.vorspeisenplatte.de\/speisen\/2021\/01\/journal-freitag-1-januar-2021-unerreichbare-beste-versionen.htm","title":{"rendered":"Journal Freitag, 1. Januar 2021 &#8211; Unerreichbare beste Versionen"},"content":{"rendered":"<p>Ein Kalender, der mit Freitag beginnt, ist sicher nicht der schlechteste. Ob in der Silvesternacht im M\u00fcnchner Klinikviertel geb\u00f6llert wurde, kann ich nicht sagen: Ich schlief mit Ohrst\u00f6pseln gut und h\u00f6rte nichts.<\/p>\n<p>Sportprogramm war Yoga: Das tat so gut! Ich hatte bereits vergessen, dass Yoga in K\u00f6rpergef\u00fchle kommt, zu denen meine anderen Bewegungsformen keinen Zugang haben (z.B. merkte ich im <i>forward fall<\/i>, dass ich meine geplagte LWS-Muskulatur durchgehend anspanne und hier bewusst locker lassen muss).<\/p>\n<p>Noch dazu hie\u00df die Folge &#8220;Intend&#8221; mit dem Angebot, sich eine solche Absicht zu \u00fcberlegen. Ich lie\u00df mich darauf ein und merkte bei dem Hinweis, &#8220;be the best version of yourself&#8221; gehe ja immer, dass ich eher Gegenteiliges brauche, weil mich vermutlich genau dieses Ziel, &#8220;die beste Version meiner selbst sein&#8221;, zerm\u00fcrbt hat: Es ist f\u00fcr mich (!), die von klein auf auf Leistungsgesellschaft gedrillt ist, in erster Linie unerreichbar, weil immer eine weitere Verbesserung m\u00f6glich ist, was das Leben automatisch zu einer Abfolge von Scheitern und Entt\u00e4uschungen macht; m\u00fchelose Errungenschaften sind wertlos, wenn nicht sogar ein Versehen, nur M\u00fche z\u00e4hlt. Als m\u00f6gliches Ziel fiel mir letztendlich f\u00fcr mich ganz pers\u00f6nlich ein: Accept failure, no matter what, it doesn&#8217;t take away your worth &#8211; akzeptiere Scheitern, egal welches, akzeptiere, deinen Anspr\u00fcchen nicht gerecht zu werden, nichts davon verringert deinen Wert.<\/p>\n<p>Zum Fr\u00fchst\u00fcck a\u00df ich selbst gebackenes Brot und italienischen K\u00e4se, eine Portion Zitronen-Tiramisu (das ich dann doch nicht so gern mag wie die Version mit Kaffee, Kahl\u00f9a und Kakao).<\/p>\n<p>F\u00fcr einen Spaziergang marschierte ich einfach mal in die Sendlinger Stra\u00dfe und weiter.<\/p>\n<p><a href=\"https:\/\/www.vorspeisenplatte.de\/speisen\/archiv\/210101_01_SendlingerStr.jpg\"><img loading=\"lazy\" decoding=\"async\" src=\"https:\/\/www.vorspeisenplatte.de\/speisen\/archiv\/210101_01_SendlingerStr.jpg\" alt=\"\" width=\"406\" height=\"577\" class=\"alignnone size-full wp-image-64410\" \/><\/a><\/p>\n<p>Als ich von der Briennerstra\u00dfe auf den Odeonsplatz zusteuerte, hatte ich die Idee, nach der Stippvisite bei der Manufaktur am Vortag mal wieder in den Flagship Store Nymphenburger Porzellan am Odeonsplatz reinzuhimmeln. Nur um vor leeren Auslagen zu stehen und am Eingang zu lesen, dass der Laden dicht gemacht hat, Verkauf nur noch am Schlossrondel des Nymphenburger Schlosses. Kann ich also nur noch <a href=\"https:\/\/www.nymphenburg.com\/de\/produkte\" rel=\"noopener\" target=\"_blank\">im Internet himmeln<\/a>. (Solch kostbares Porzellan w\u00fcrde ich nie besitzen wollen &#8211; vor lauter Wertsch\u00e4tzung w\u00fcrde ich es nie verwenden.)<\/p>\n<p>Daheim ein Brot mit Majo, \u00c4pfel. Zeitunglesen im Bett mit F\u00fc\u00dfehoch.<\/p>\n<p>Zum Nachtmahl hatte Herr Kaltmamsell das Wildschweingulasch aus der Gefriere aufgetaut, die ebenso in Scheiben eingefrorenen B\u00f6hmischen Kn\u00f6del gebraten, zum Nachtisch der Rest Tiramisu &#8211; ein Festmahl. Ich trank dazu den Rest des Silvestersekts.<\/p>\n<p>Mir wurde bewusst, dass ich seit \u00fcber drei Monaten keine Migr\u00e4neattacke mehr hatte, also etwa seit dem Einsetzen des k\u00fcnstlichen H\u00fcftgelenks. Wer h\u00e4tte gedacht, dass Migr\u00e4ne durch Titan im K\u00f6rper geheilt werden kann! Werde also allen Migr\u00e4nikerinnen k\u00fcnftig H\u00fcft-TEP empfehlen. Oder das als Waffe gegen \u00e4hnlich falsch strukturierte Ratschl\u00e4ge einsetzen (Korrelation \u2260 Kausalit\u00e4t): &#8220;Also MIR hat&#8217;s geholfen!&#8221; <img loading=\"lazy\" decoding=\"async\" src=\"https:\/\/vg05.met.vgwort.de\/na\/cfa28b7a19f8441294039b856919d464\" width=\"1\" height=\"1\" alt=\"\"\/><\/p>\n","protected":false},"excerpt":{"rendered":"<p>Ein Kalender, der mit Freitag beginnt, ist sicher nicht der schlechteste. Ob in der Silvesternacht im M\u00fcnchner Klinikviertel geb\u00f6llert wurde, kann ich nicht sagen: Ich schlief mit Ohrst\u00f6pseln gut und h\u00f6rte nichts. Sportprogramm war Yoga: Das tat so gut! Ich hatte bereits vergessen, dass Yoga in K\u00f6rpergef\u00fchle kommt, zu denen meine anderen Bewegungsformen keinen Zugang [&hellip;]<\/p>\n","protected":false},"author":2,"featured_media":0,"comment_status":"open","ping_status":"closed","sticky":false,"template":"","format":"standard","meta":{"footnotes":""},"categories":[2,1],"tags":[],"class_list":["post-64385","post","type-post","status-publish","format-standard","hentry","category-fotos","category-general"],"_links":{"self":[{"href":"https:\/\/www.vorspeisenplatte.de\/speisen\/wp-json\/wp\/v2\/posts\/64385","targetHints":{"allow":["GET"]}}],"collection":[{"href":"https:\/\/www.vorspeisenplatte.de\/speisen\/wp-json\/wp\/v2\/posts"}],"about":[{"href":"https:\/\/www.vorspeisenplatte.de\/speisen\/wp-json\/wp\/v2\/types\/post"}],"author":[{"embeddable":true,"href":"https:\/\/www.vorspeisenplatte.de\/speisen\/wp-json\/wp\/v2\/users\/2"}],"replies":[{"embeddable":true,"href":"https:\/\/www.vorspeisenplatte.de\/speisen\/wp-json\/wp\/v2\/comments?post=64385"}],"version-history":[{"count":3,"href":"https:\/\/www.vorspeisenplatte.de\/speisen\/wp-json\/wp\/v2\/posts\/64385\/revisions"}],"predecessor-version":[{"id":64430,"href":"https:\/\/www.vorspeisenplatte.de\/speisen\/wp-json\/wp\/v2\/posts\/64385\/revisions\/64430"}],"wp:attachment":[{"href":"https:\/\/www.vorspeisenplatte.de\/speisen\/wp-json\/wp\/v2\/media?parent=64385"}],"wp:term":[{"taxonomy":"category","embeddable":true,"href":"https:\/\/www.vorspeisenplatte.de\/speisen\/wp-json\/wp\/v2\/categories?post=64385"},{"taxonomy":"post_tag","embeddable":true,"href":"https:\/\/www.vorspeisenplatte.de\/speisen\/wp-json\/wp\/v2\/tags?post=64385"}],"curies":[{"name":"wp","href":"https:\/\/api.w.org\/{rel}","templated":true}]}}