{"id":64505,"date":"2021-01-07T06:25:06","date_gmt":"2021-01-07T05:25:06","guid":{"rendered":"https:\/\/www.vorspeisenplatte.de\/speisen\/?p=64505"},"modified":"2023-01-10T16:44:00","modified_gmt":"2023-01-10T15:44:00","slug":"journal-mittwoch-6-januar-2021-schneewanderung-an-dreikoenig","status":"publish","type":"post","link":"https:\/\/www.vorspeisenplatte.de\/speisen\/2021\/01\/journal-mittwoch-6-januar-2021-schneewanderung-an-dreikoenig.htm","title":{"rendered":"Journal Mittwoch, 6. Januar 2021 &#8211; Schneewanderung an Dreik\u00f6nig"},"content":{"rendered":"<p>Ausgeschlafen (Hl.-Dreik\u00f6nig ist Feiertag in Bayern), zu Schneefall aufgewacht. Was sehr gut zum Tagesplan eines gemeinsamen Spaziergangs mit Herrn Kaltmamsell passte, er hatte sich frei genommen &#8211; wir waren seit Monaten nicht mehr gemeinsam drau\u00dfen gewesen.<\/p>\n<p><a href=\"https:\/\/www.vorspeisenplatte.de\/speisen\/archiv\/210106_02_WohnunngsblickSchnee.jpg\"><img loading=\"lazy\" decoding=\"async\" src=\"https:\/\/www.vorspeisenplatte.de\/speisen\/archiv\/210106_02_WohnunngsblickSchnee.jpg\" alt=\"\" width=\"423\" height=\"564\" class=\"alignnone size-full wp-image-64514\" \/><\/a><\/p>\n<p>Ich bin endlich auch des Gemaules \u00fcber angeblich unzureichende Pandemiema\u00dfnahmen \u00fcberdr\u00fcssig (des Gewackels in der Pandemiebek\u00e4mpfung schon l\u00e4nger). Am Dienstag hatten Bund und L\u00e4nder weitere Ma\u00dfnahmen beschlossen, und mein Twitter war nahezu randvoll mit Maulen und L\u00e4stern, warum das auch diesmal Schei\u00dfe sei. Ja, auch mir w\u00e4re ein mehrw\u00f6chiger echter Lockdown lieber, da dieser das Infektionsgeschehen am wirkungsvollsten bremsen k\u00f6nnte. Doch ich habe \u00fcber die vergangenen Monate gelernt, dass es politisch andere Priorit\u00e4ten gibt &#8211; und dar\u00fcber keine Einigkeit. Mir reicht die Wahrnehmung, dass es selbst unter den Eltern meiner Bekanntschaft an Priorit\u00e4ten alles gibt von &#8220;Wenn Schulen und Kitas nicht \u00f6ffnen, z\u00fcnde ich alles an&#8221; bis &#8220;Mir sind die offiziellen Beschl\u00fcsse egal, ich lasse mein Kind nicht in Schule\/Kita&#8221;, um zu verstehen, dass jede Entscheidung zu Kritik oder Gemaule f\u00fchren wird.<\/p>\n<p>Also ziehe ich mich zur\u00fcck auf &#8220;alles an dieser Pandemie ist Schei\u00dfe&#8221;, halte Kontakte sehr reduziert, versuche andere nicht zu gef\u00e4hrden und gr\u00e4me mich \u00fcber meine individuellen Beeintr\u00e4chtigungen (zum Beispiel \u00fcber die Milchkaffeetasse, die mir gestern beim Abtrocknen entglitt und in viele St\u00fccke zersplitterte &#8211; wo ich die doch bisher auf der Auer Dult gekauft habe und nicht wei\u00df, ob es 2021 \u00fcberhaupt eine geben wird) (jajaja, ich habe eine Online-Quelle gefunden, darum geht&#8217;s nicht).<\/p>\n<p>K\u00f6rperliches: Nachdem ich immer noch Muskelkater im Oberk\u00f6rper hatte und es in LWS sowie um die H\u00fcfte zwickte, beschloss ich Sportpause (in meinem Wochenplan w\u00e4re ausf\u00fchrliche Reha-Kr\u00e4ftigung dran gewesen). Doch dann fiel mir ein, dass ich in aller Ruhe die n\u00e4chste Yoga-Folge machen k\u00f6nnte, die eine eher kurze war. Gute Idee, so konnte ich n\u00e4mlich den ersten <i>warrior<\/i> auskosten &#8211; BEIDSEITIG!<\/p>\n<p>Fr\u00fchst\u00fcck mit aufgetautem Roggenschrotbrot aus eigener Herstellung und italienischem K\u00e4se. Herr Kaltmamsell hatte als Schneewanderung (na ja, Wanderung ist es nach unserer Definition ja erst mit Proviant) eine Strecke im Forstenrieder Park ausgesucht. Wir nahmen eine angenehm leere S-Bahn nach Buchenhain und spazierten los. Es schneite leicht, war nicht zu kalt &#8211; perfekte Verh\u00e4ltnisse.<\/p>\n<p><a href=\"https:\/\/www.vorspeisenplatte.de\/speisen\/archiv\/210106_12_ForstenriederPark.jpg\"><img loading=\"lazy\" decoding=\"async\" src=\"https:\/\/www.vorspeisenplatte.de\/speisen\/archiv\/210106_12_ForstenriederPark.jpg\" alt=\"\" width=\"454\" height=\"605\" class=\"alignnone size-full wp-image-64516\" srcset=\"https:\/\/www.vorspeisenplatte.de\/speisen\/archiv\/210106_12_ForstenriederPark.jpg 454w, https:\/\/www.vorspeisenplatte.de\/speisen\/archiv\/210106_12_ForstenriederPark-450x600.jpg 450w\" sizes=\"auto, (max-width: 454px) 100vw, 454px\" \/><\/a><\/p>\n<p><a href=\"https:\/\/www.vorspeisenplatte.de\/speisen\/archiv\/210106_10_ForstenriederPark.jpg\"><img loading=\"lazy\" decoding=\"async\" src=\"https:\/\/www.vorspeisenplatte.de\/speisen\/archiv\/210106_10_ForstenriederPark.jpg\" alt=\"\" width=\"423\" height=\"564\" class=\"alignnone size-full \" \/><\/a><\/p>\n<p><a href=\"https:\/\/www.vorspeisenplatte.de\/speisen\/archiv\/210106_11a_ForstenriederPark.jpg\"><img loading=\"lazy\" decoding=\"async\" src=\"https:\/\/www.vorspeisenplatte.de\/speisen\/archiv\/210106_11a_ForstenriederPark.jpg\" alt=\"\" width=\"481\" height=\"481\" class=\"alignnone size-full \" \/><\/a><\/p>\n<p><a href=\"https:\/\/www.vorspeisenplatte.de\/speisen\/archiv\/210106_14_ForstenriederPark.jpg\"><img loading=\"lazy\" decoding=\"async\" src=\"https:\/\/www.vorspeisenplatte.de\/speisen\/archiv\/210106_14_ForstenriederPark.jpg\" alt=\"\" width=\"410\" height=\"524\" class=\"alignnone size-full \" \/><\/a><\/p>\n<p>Lustige Wegnamen.<\/p>\n<p><a href=\"https:\/\/www.vorspeisenplatte.de\/speisen\/archiv\/210106_15_ForstenriederPark.jpg\"><img loading=\"lazy\" decoding=\"async\" src=\"https:\/\/www.vorspeisenplatte.de\/speisen\/archiv\/210106_15_ForstenriederPark.jpg\" alt=\"\" width=\"538\" height=\"395\" class=\"alignnone size-full \" \/><\/a><\/p>\n<p>Endpunkt war die U-Bahn-Station F\u00fcrstenried West. Waren dann 9,5 Kilometer in unger\u00e4umtem Schnee, zweieinhalb Stunden. Und Herr Kaltmamsell \u00e4chzte mehr als ich, der war allerdings in den vorgehenden Wochen nicht so viel Spazieren wie ich.<\/p>\n<p>Abschlie\u00dfend halt kein Einkehren mit Brotzeit, das wird noch eine Weile nicht gehen. Daheim machte ich Teepunsch &#8211; und merkte an meinen brennenden Augen, dass ich ein wenig Schneeblindheit erwischt hatte.<\/p>\n<p>Zum Nachtmahl servierte Herr Kaltmamsell Rinderrouladen aus der Gefriere mit Nudeln und Rosenkohl. Gegen die verspannten Muskeln lie\u00df ich mir vor dem Schlafengehen ein Entspannungsbad ein. Zu CNN-Bildern von hunderten fanatischen Trump-Anh\u00e4ngern, die in Washington das Capitol st\u00fcrmten (die beidem Parlamentskammern sollten gestern den Wahlsieg von Joe Biden best\u00e4tigen) ging ich zu Bett.<\/p>\n<p>\u00a7<\/p>\n<p>Dennoch Erheitungerung gef\u00e4llig?<br \/>\n<a href=\"https:\/\/twitter.com\/chunkbardey\/status\/1346645407229747200\" rel=\"noopener\" target=\"_blank\">&#8220;Suppe ist rund.&#8221; Er\u00f6rtern Sie.<\/a> <img loading=\"lazy\" decoding=\"async\" src=\"https:\/\/vg05.met.vgwort.de\/na\/3e0bd395233b430baec71b1f8c4ae0b8\" width=\"1\" height=\"1\" alt=\"\"\/><\/p>\n","protected":false},"excerpt":{"rendered":"<p>Ausgeschlafen (Hl.-Dreik\u00f6nig ist Feiertag in Bayern), zu Schneefall aufgewacht. Was sehr gut zum Tagesplan eines gemeinsamen Spaziergangs mit Herrn Kaltmamsell passte, er hatte sich frei genommen &#8211; wir waren seit Monaten nicht mehr gemeinsam drau\u00dfen gewesen. Ich bin endlich auch des Gemaules \u00fcber angeblich unzureichende Pandemiema\u00dfnahmen \u00fcberdr\u00fcssig (des Gewackels in der Pandemiebek\u00e4mpfung schon l\u00e4nger). Am [&hellip;]<\/p>\n","protected":false},"author":2,"featured_media":0,"comment_status":"open","ping_status":"closed","sticky":false,"template":"","format":"standard","meta":{"footnotes":""},"categories":[2,1],"tags":[],"class_list":["post-64505","post","type-post","status-publish","format-standard","hentry","category-fotos","category-general"],"_links":{"self":[{"href":"https:\/\/www.vorspeisenplatte.de\/speisen\/wp-json\/wp\/v2\/posts\/64505","targetHints":{"allow":["GET"]}}],"collection":[{"href":"https:\/\/www.vorspeisenplatte.de\/speisen\/wp-json\/wp\/v2\/posts"}],"about":[{"href":"https:\/\/www.vorspeisenplatte.de\/speisen\/wp-json\/wp\/v2\/types\/post"}],"author":[{"embeddable":true,"href":"https:\/\/www.vorspeisenplatte.de\/speisen\/wp-json\/wp\/v2\/users\/2"}],"replies":[{"embeddable":true,"href":"https:\/\/www.vorspeisenplatte.de\/speisen\/wp-json\/wp\/v2\/comments?post=64505"}],"version-history":[{"count":3,"href":"https:\/\/www.vorspeisenplatte.de\/speisen\/wp-json\/wp\/v2\/posts\/64505\/revisions"}],"predecessor-version":[{"id":83521,"href":"https:\/\/www.vorspeisenplatte.de\/speisen\/wp-json\/wp\/v2\/posts\/64505\/revisions\/83521"}],"wp:attachment":[{"href":"https:\/\/www.vorspeisenplatte.de\/speisen\/wp-json\/wp\/v2\/media?parent=64505"}],"wp:term":[{"taxonomy":"category","embeddable":true,"href":"https:\/\/www.vorspeisenplatte.de\/speisen\/wp-json\/wp\/v2\/categories?post=64505"},{"taxonomy":"post_tag","embeddable":true,"href":"https:\/\/www.vorspeisenplatte.de\/speisen\/wp-json\/wp\/v2\/tags?post=64505"}],"curies":[{"name":"wp","href":"https:\/\/api.w.org\/{rel}","templated":true}]}}