{"id":64650,"date":"2021-01-15T06:29:46","date_gmt":"2021-01-15T05:29:46","guid":{"rendered":"https:\/\/www.vorspeisenplatte.de\/speisen\/?p=64650"},"modified":"2023-01-11T16:33:23","modified_gmt":"2023-01-11T15:33:23","slug":"journal-donnerstag-14-januar-2021-china-mieville-the-city-and-the-city","status":"publish","type":"post","link":"https:\/\/www.vorspeisenplatte.de\/speisen\/2021\/01\/journal-donnerstag-14-januar-2021-china-mieville-the-city-and-the-city.htm","title":{"rendered":"Journal Donnerstag, 14. Januar 2021 &#8211; China Mi\u00e9ville, <i>The City and the City<\/i>"},"content":{"rendered":"<p>Die Nacht war wieder ein bisschen besser, ich arbeite mich an Normal heran.<\/p>\n<p>Temperatur knapp \u00fcber Null, dennoch vorsichtiger Arbeitsweg, weil genau bei diesem Wetter der Boden gerne mal mit Gl\u00e4tte \u00fcberrascht. Abk\u00fcrzung des letzten Wegst\u00fccks durch die U-Bahn-Unterf\u00fchrung Heimeranplatz.<\/p>\n<p><a href=\"https:\/\/www.vorspeisenplatte.de\/speisen\/archiv\/210114_01_Heimeranplatz.jpg\"><img loading=\"lazy\" decoding=\"async\" src=\"https:\/\/www.vorspeisenplatte.de\/speisen\/archiv\/210114_01_Heimeranplatz.jpg\" alt=\"\" width=\"612\" height=\"382\" class=\"alignnone size-full \" \/><\/a><\/p>\n<p>Nachdem schon seit Wochen auf den Werbefl\u00e4chen unten an den Gleisen nur Eigenanzeigen der Stadtwerke zu sehen waren (die M\u00fcnchner Verkehrsgesellschaft MVG geh\u00f6rt zu den Stadtwerken), gibt jetzt auch niemand mehr Geld aus f\u00fcr die Gro\u00dffl\u00e4chenplakate in den G\u00e4ngen. Wieder ein bisschen apokalyptisch.<\/p>\n<p>Der Tag blieb sehr d\u00fcster, es regnete, wurde k\u00e4lter und schneite einmal gr\u00fcndlich.<\/p>\n<p>Aus dem Augenwinkel sah ich durchs Fenster immer wieder einen gro\u00dfen Kr\u00e4henschwarm, der ein wenig murmurierte, sich dann wieder auf einem riesigen malerischen winterkahlen Baum niederlie\u00df. <\/p>\n<p>In der Arbeit f\u00fchlte ich mich sehr wie eine siegreiche Kriegerin, als ich auf einer v\u00f6llig \u00fcberlasteten Website etwas Berufliches bestellte &#8211; mich Web-Oma konnte kein zerschossenes Layout abschrecken. Gleich drauf h\u00e4tte ich mich f\u00fcr eine kleine \u00c4nderung in ein unbekanntes CMS eindenken m\u00fcssen: Ich suchte statt dessen nach einer HTML-Ansicht, darin ging&#8217;s schnell und verl\u00e4sslich. WIR HABEN UNSERE ERSTEN BLOGS JA NOCH MIT BINDFADEN UND HAMMER GEBAUT!<\/p>\n<p>Mittags gab es ein Butterbrot und eine Kiwi, nachmittags eine Scheibe trocken Brot.<\/p>\n<p>Heimweg \u00fcber eine festgetretene Schneedecke, die an vielen Stellen verd\u00e4chtig gl\u00e4nzte: Ich ging wieder vorsichtig und mit stabil angespanntem Rumpf. Einkaufsabstecher zum Vollcorner, ich arbeitete unsere Liste ab.<\/p>\n<p>Herr Kaltmamsell hatte <a href=\"https:\/\/www.instagram.com\/p\/CJ8EkDHhjFi\/\" rel=\"noopener\" target=\"_blank\">den ersten Ernteanteil des Jahres<\/a> abgeholt. Nach einer Runde Yoga war daraus das Abendbrot Radicchio als Salat mit Balsamicodressing, au\u00dferdem K\u00e4se, Brot.<\/p>\n<p>\u00a7<\/p>\n<p><a href=\"https:\/\/www.vorspeisenplatte.de\/speisen\/archiv\/buch_mieville.jpg\"><img loading=\"lazy\" decoding=\"async\" src=\"https:\/\/www.vorspeisenplatte.de\/speisen\/archiv\/buch_mieville.jpg\" alt=\"\" width=\"150\" height=\"229\" class=\"alignnone size-full wp-image-64409\" \/><\/a><\/p>\n<p>China Mi\u00e9ville, <i>The City and the City<\/i> hatte ich am Wochenende ausgelesen. Ein Krimi in einen utopischen Set-up: Er spielt in einer Stadt, die aus zweien besteht, Bes\u017ael und Ul Qoma. Geografisch sind sie an exakt derselben Stelle, exisiteren aber in parallelen Wahrnehmungswelten. Die Menschen haben von klein auf gelernt, die jeweils andere Stadt zu ignorieren, <i>to unsee<\/i>, selbst wenn sie die Stra\u00dfe oder den Park mir ihr teilen. Sprache und Kultur sind so unterschiedlich, dass es Spezialit\u00e4tenrestaurants der einen Stadt als exotische Ausgehm\u00f6glichkeit in der anderen gibt. Um von der einen in die andere Stadt zu kommen, muss man durch ein riesiges Amt, die Visumsmodalit\u00e4ten sind streng und komplex &#8211; um am Ende das Amt geografisch am selben Ort zu verlassen. Die Einhaltung dieser Wahrnehmungsfarce \u00fcberwacht eine Institution, die \u00fcber beiden Polizeien und Regierungen steht: Breach. Einwanderer d\u00fcrfen die St\u00e4dte erst nach wochenlanger Schulung betreten, selbst Touristen m\u00fcssen belegen, dass sie \u00fcber die Grundz\u00fcge Bescheid wissen.<\/p>\n<p>Die Krimihandlung beginnt, als in Bes\u017ael eine Leiche aus Ul Qoma auftaucht. Der Inspector Tyador Borl\u00fa \u00fcbernimmt die Ermittlungen, muss dazu aber auch mit seinem Gegenst\u00fcck in Ul Qoma zusammenarbeiten, mit Senior Detective Dhatt. Ihre Recherchen entlarven einige Schwachstellen des Systems.<\/p>\n<p>Ich fand das Set-up so attraktiv, dass ich den Roman unbedingt lesen wollte. Allerdings stellte ich im Lauf der Lekt\u00fcre fest, dass ich mich immer weniger hineinfallen lassen konnte &#8211; anders als in andere utopische Realit\u00e4ten. Je weiter ich las, desto h\u00e4ufiger stolperte ich \u00fcber die schiere Haneb\u00fcchenheit dieses <i>unsee<\/i>, des eisernen Ignorierens der eigenen Wahrnehmung. Auch bekam ich zu wenige Hinweise, wodurch sich die Menschen der einen von denen der anderen Stadt unterschieden, sodass ihre Zugeh\u00f6rigkeit jederzeit eindeutig war. Ich konnte mir die erfundene Welt immer weniger statt immer besser vorstellen. Dewegen war ich schlussendlich entt\u00e4uscht: Das Konstrukt hielt der Nutzung durch die Krimihandlung nicht stand.<\/p>\n<p>Interessant ist der Grundgedanke des Romans weiterhin. F\u00fcr mich rief er von Anfang an: &#8220;ALLEGORIE!&#8221; Am ehesten eine Allegorie auf Rassismus, genauer: auf Segregation. In einer segregierten Gesellschaft, zum Beispiel der in den USA der j\u00fcngeren Vergangenheit, teilten sich die wei\u00dfe und die nicht-wei\u00dfe Bev\u00f6lkerung den geografischen Raum, es gab wie im Roman getrennte und gemeinschaftlich genutzte Bereiche. Gleichzeitig lebten sie in verschiedenen Welten, ignorierten einander. (Unterschied zu <i>The City and the City<\/i>: Die nicht-wei\u00dfe Bev\u00f6lkerung schwebte in st\u00e4ndiger Gefahr von Gewalt durch Wei\u00dfe.)<\/p>\n<p>\u00a7<\/p>\n<p>Das Jahr ist noch jung, doch ist es nicht nur sofort st\u00fcrmisch in Negativ-Konkurrenz zu 2020 getreten, sondern hat bereits einen musikalischen Internet-Star (<a href=\"https:\/\/www.vorspeisenplatte.de\/speisen\/2021\/01\/journal-samstag-2-januar-2021-beifang-aus-dem-internetz.htm\" rel=\"noopener\" target=\"_blank\">vor zwei Wochen schon mal vorgestellt<\/a>). Sollten Sie diesem Ohrwurm bislang entkommen sein, klicken Sie NICHT hierauf. Sollten Sie den Wellerman ohnehin seit Tagen vor sich hin summen, ist&#8217;s eh schon wurscht. (Inklusive historischem Hintergrund.)<\/p>\n<div class=\"video-wrapped\" style=\"width: 500px; height: 281px; background-image: url('https:\/\/www.vorspeisenplatte.de\/speisen\/wp-content\/plugins\/video-embed-privacy\/preview\/auI9Cx8SGX4.jpg')\" data-embed-frame=\"&lt;iframe title=&quot;The Wellerman - TikTok Sea Shanty mashup 2021&quot; width=&quot;500&quot; height=&quot;281&quot; src=&quot;https:\/\/www.youtube.com\/embed\/auI9Cx8SGX4?feature=oembed&quot; frameborder=&quot;0&quot; allow=&quot;accelerometer; autoplay; clipboard-write; encrypted-media; gyroscope; picture-in-picture; web-share&quot; referrerpolicy=&quot;strict-origin-when-cross-origin&quot; allowfullscreen&gt;&lt;\/iframe&gt;\" data-embed-play=\"Abspielen&lt;div class=&quot;small&quot;&gt;Das Video wird von Youtube eingebettet abespielt. Es gilt die &lt;a href=&quot;https:\/\/www.google.com\/intl\/de\/policies\/privacy\/&quot; target=&quot;_blank&quot;&gt;Datenschutzerkl\u00e4rung von Google&lt;\/a&gt;&lt;\/div&gt;\">\n<div class=\"video-wrapped-nojs\">Aktivieren Sie JavaScript um das Video zu sehen.<br \/><a href=\"https:\/\/youtu.be\/auI9Cx8SGX4\">https:\/\/youtu.be\/auI9Cx8SGX4<\/a><\/div>\n<\/div>\n<p>Ach, wenn wir schon dabei sind: Sieben Minuten Rechercheergebnisse zu #SEASHANTYTOK und der Geschichte von Sea Shantys.<\/p>\n<div class=\"video-wrapped\" style=\"width: 500px; height: 281px; background-image: url('https:\/\/www.vorspeisenplatte.de\/speisen\/wp-content\/plugins\/video-embed-privacy\/preview\/huwJ4a8FpTo.jpg')\" data-embed-frame=\"&lt;iframe title=&quot;Why Sea Shanty TikTok EXPLODED&quot; width=&quot;500&quot; height=&quot;281&quot; src=&quot;https:\/\/www.youtube.com\/embed\/huwJ4a8FpTo?feature=oembed&quot; frameborder=&quot;0&quot; allow=&quot;accelerometer; autoplay; clipboard-write; encrypted-media; gyroscope; picture-in-picture; web-share&quot; referrerpolicy=&quot;strict-origin-when-cross-origin&quot; allowfullscreen&gt;&lt;\/iframe&gt;\" data-embed-play=\"Abspielen&lt;div class=&quot;small&quot;&gt;Das Video wird von Youtube eingebettet abespielt. Es gilt die &lt;a href=&quot;https:\/\/www.google.com\/intl\/de\/policies\/privacy\/&quot; target=&quot;_blank&quot;&gt;Datenschutzerkl\u00e4rung von Google&lt;\/a&gt;&lt;\/div&gt;\">\n<div class=\"video-wrapped-nojs\">Aktivieren Sie JavaScript um das Video zu sehen.<br \/><a href=\"https:\/\/youtu.be\/huwJ4a8FpTo\">https:\/\/youtu.be\/huwJ4a8FpTo<\/a><\/div>\n<\/div>\n<p><img loading=\"lazy\" decoding=\"async\" src=\"https:\/\/vg05.met.vgwort.de\/na\/0db6c3f1dd62417d8f5087e6e8639180\" width=\"1\" height=\"1\" alt=\"\"\/><\/p>\n","protected":false},"excerpt":{"rendered":"<p>Die Nacht war wieder ein bisschen besser, ich arbeite mich an Normal heran. Temperatur knapp \u00fcber Null, dennoch vorsichtiger Arbeitsweg, weil genau bei diesem Wetter der Boden gerne mal mit Gl\u00e4tte \u00fcberrascht. Abk\u00fcrzung des letzten Wegst\u00fccks durch die U-Bahn-Unterf\u00fchrung Heimeranplatz. Nachdem schon seit Wochen auf den Werbefl\u00e4chen unten an den Gleisen nur Eigenanzeigen der Stadtwerke [&hellip;]<\/p>\n","protected":false},"author":2,"featured_media":0,"comment_status":"open","ping_status":"closed","sticky":false,"template":"","format":"standard","meta":{"footnotes":""},"categories":[3,1],"tags":[],"class_list":["post-64650","post","type-post","status-publish","format-standard","hentry","category-bucher","category-general"],"_links":{"self":[{"href":"https:\/\/www.vorspeisenplatte.de\/speisen\/wp-json\/wp\/v2\/posts\/64650","targetHints":{"allow":["GET"]}}],"collection":[{"href":"https:\/\/www.vorspeisenplatte.de\/speisen\/wp-json\/wp\/v2\/posts"}],"about":[{"href":"https:\/\/www.vorspeisenplatte.de\/speisen\/wp-json\/wp\/v2\/types\/post"}],"author":[{"embeddable":true,"href":"https:\/\/www.vorspeisenplatte.de\/speisen\/wp-json\/wp\/v2\/users\/2"}],"replies":[{"embeddable":true,"href":"https:\/\/www.vorspeisenplatte.de\/speisen\/wp-json\/wp\/v2\/comments?post=64650"}],"version-history":[{"count":3,"href":"https:\/\/www.vorspeisenplatte.de\/speisen\/wp-json\/wp\/v2\/posts\/64650\/revisions"}],"predecessor-version":[{"id":83563,"href":"https:\/\/www.vorspeisenplatte.de\/speisen\/wp-json\/wp\/v2\/posts\/64650\/revisions\/83563"}],"wp:attachment":[{"href":"https:\/\/www.vorspeisenplatte.de\/speisen\/wp-json\/wp\/v2\/media?parent=64650"}],"wp:term":[{"taxonomy":"category","embeddable":true,"href":"https:\/\/www.vorspeisenplatte.de\/speisen\/wp-json\/wp\/v2\/categories?post=64650"},{"taxonomy":"post_tag","embeddable":true,"href":"https:\/\/www.vorspeisenplatte.de\/speisen\/wp-json\/wp\/v2\/tags?post=64650"}],"curies":[{"name":"wp","href":"https:\/\/api.w.org\/{rel}","templated":true}]}}