{"id":66225,"date":"2021-03-28T08:33:59","date_gmt":"2021-03-28T06:33:59","guid":{"rendered":"https:\/\/www.vorspeisenplatte.de\/speisen\/?p=66225"},"modified":"2021-03-28T08:33:59","modified_gmt":"2021-03-28T06:33:59","slug":"journal-samstag-27-maerz-2021-schneller-netzkabel-kauf-in-zeiten-der-pandemie","status":"publish","type":"post","link":"https:\/\/www.vorspeisenplatte.de\/speisen\/2021\/03\/journal-samstag-27-maerz-2021-schneller-netzkabel-kauf-in-zeiten-der-pandemie.htm","title":{"rendered":"Journal Samstag, 27. M\u00e4rz 2021 &#8211; Schneller Netzkabel-Kauf in Zeiten der Pandemie"},"content":{"rendered":"<p>Nicht so lang geschlafen wie erhofft, mit Kopfweh aufgewacht (der Alkohol?).<\/p>\n<p>Nach dem Morgenkaffee machte ich mich ans erste Brotbacken in neuer K\u00fcche, vor allem mit neuem Ofen: Meine <a href=\"https:\/\/www.vorspeisenplatte.de\/rezepte\/haeusemer-bauerekrume.htm\" rel=\"noopener\" target=\"_blank\">H\u00e4usemer Bauerekrume<\/a> machte keinerlei Probleme.<\/p>\n<p><a href=\"https:\/\/www.vorspeisenplatte.de\/speisen\/archiv\/210327_02_Haeusemer.jpg\"><img loading=\"lazy\" decoding=\"async\" src=\"https:\/\/www.vorspeisenplatte.de\/speisen\/archiv\/210327_02_Haeusemer.jpg\" alt=\"\" width=\"363\" height=\"402\" class=\"alignnone size-full wp-image-66232\" \/><\/a><\/p>\n<p>Backen bei Tageslicht! Ich bin immer noch geflasht.<\/p>\n<p>W\u00e4hrend das Brot im Ofen buk, wieder eine Stunde die Nachbarschaft mit Crosstrainerstrampeln bequietschknarzklackt. Herr Kaltmamsell hatte seine Einkaufsrunde darauf abgestimmt, ich musste also seinetwegen kein schlechtes Gewissen haben.<\/p>\n<p>Zum Fr\u00fchst\u00fcck gab es gekauftes Baguette mit Resten des Avocado-Salats vom Vorabend, das Durchziehen \u00fcber Nacht hatte dem Geschmack gut getan (vielleicht zweite Chance?).<\/p>\n<p>Das Netzkabel meines Laptops hatte am Vorabend den Geist aufgegeben &#8211; Katastrophe, weil ohne Strom kein Computer. Ich hatte noch vor dem Schlafengehen online ein neues gekauft, zum Abholen im Apple Store am Marienplatz. F\u00fcr dieses Abholen hatte ich gleich einen Termin buchen m\u00fcssen.<\/p>\n<p>Das Wetter hatte wie angek\u00fcndigt umgeschlagen, es regnete mit teils heftigem Wind, war deutlich k\u00fchler geworden. Am fr\u00fchen Nachmittag spazierte ich zum Marienplatz, vor vielen Gesch\u00e4ften in der Sendlinger Stra\u00dfe standen Schlangen. So auch vor dem Apple-Laden, ein freundlicher Security-Mitarbeiter stellt neu eintreffende Kundinnen und Kunden auf Bodenmarkierungen. Ich bekam mit, dass es Termine f\u00fcr Reparatur, Abholen und &#8220;Shoppen&#8221; gab. Ein weiterer freundlicher Mitarbeiter am Eingang und mit Kopfh\u00f6rerverbindung zu anderen Stellen im Haus glich die Angaben der Anstehenden auf einem iPad mit seiner Terminliste ab. Bevor ich zu einem Verk\u00e4ufer vorgelassen wurde, ma\u00df ein weiterer Mitarbeiter meine Temperatur, ich musste meine H\u00e4nde desinfizieren, dann an einer Theke in der N\u00e4he des Eingangs bei einem weiteren freundlichen Mitarbeiter meine Kontaktdaten angeben. Der Verk\u00e4ufer veranlasste auf seinem Smartphone das Bringen meines Netzkabels, bis es da war, machte er Technik-Smalltalk; die Erkundigung nach meinem aktuellen Rechner endete &#8211; wie ich es bei Apple gewohnt bin &#8211; mit der Freude \u00fcber die Haltbarkeit meines Ger\u00e4ts (&#8220;So ist es gut.&#8221;), nicht etwa mit Neukauf-\u00dcberredung. (Ob das Gespr\u00e4ch auch so verlaufen w\u00e4re, wenn es sich um iPhones gedreht h\u00e4tte?)<\/p>\n<p>Herr Kaltmamsell hatte kurzfristig kandierte Fr\u00fcchte als Backzutat auf die Einkaufsliste gesetzt, ich spazierte durch die Fu\u00dfg\u00e4ngerzone (deutlich zu voll f\u00fcr enstpanntes Gehen) zum Stachus und in den dortigen Edeka (leer, Hauptkundschaft sind hier halt doch Touristen und Pendlerinnen). Ich hatte anschlie\u00dfend eine Radfahrt in die Maxvorstadt geplant, doch der heftige Wind und die dunklen Wolken lie\u00dfen mich umplanen: Am Hauptbahnhof nahm ich eine U-Bahn. Espressokauf in der Augustenstra\u00dfe, zur\u00fcck nach Hause ging ich zu Fu\u00df. Mit der Zeit verstand ich das derzeitige Corona-Einkaufssystem: F\u00fcr das Betreten von L\u00e4den braucht man einen zuvor vereinbarten Termin.<\/p>\n<p>Zu Hause hatte ich wieder Hunger, es gab Brot sowie Orange und Apfel mit Joghurt.<\/p>\n<p>Gem\u00fctliches Zeitunglesen im Sessel. Die Wochenend-<i>S\u00fcddeutsche<\/i> hatte meinen Wehlaut &#8220;Warum h\u00f6rt denn keiner auf die Experten, die seit einem Jahr Recht hatten!&#8221; zu ihrem Aufmacher gemacht:<br \/>\n<a href=\"https:\/\/www.sueddeutsche.de\/politik\/corona-wissenschaft-politik-1.5248352\" rel=\"noopener\" target=\"_blank\">&#8220;Die Politik versucht es ohne die Wissenschaft&#8221;.<\/a><\/p>\n<p>W\u00e4hrend Herr Kaltmamsell in der K\u00fcche stand und das Abendessen kochte, holte ich die Yoga-Einheit vom Freitag nach &#8211; minus der sechs Anfangsminuten, in denen Adriene \u00fcber das Atmen redet, allein schon, weil so langer Schneidersitz dann doch meinen H\u00fcftgelenken weh tut. Und weil ich mit ihren Ausf\u00fchrungen nichts anfangen konnte.<\/p>\n<p>Nachtmahl war auf meinen Wunsch ein Garnelen-Kokosmilch-Curry (aus der Lameng, kein Rezept), k\u00f6stlich. Dazu ein Gl\u00e4schen Verdejo vom Vorabend.<\/p>\n<p><a href=\"https:\/\/www.vorspeisenplatte.de\/speisen\/archiv\/210327_03_Nachtmahl.jpg\"><img loading=\"lazy\" decoding=\"async\" src=\"https:\/\/www.vorspeisenplatte.de\/speisen\/archiv\/210327_03_Nachtmahl.jpg\" alt=\"\" width=\"333\" height=\"444\" class=\"alignnone size-full wp-image-66237\" \/><\/a><\/p>\n<p>Dann versuchten wir es mit Seriengucken: Seit mir der Roman so gut gefallen hatte, hatte ich <i>Good Omens<\/i> im Hinterkopf, Herr Kaltmamsell hatte das zum Angucken n\u00f6tige Abo bei Amazon abgeschlossen. Die erste Folge war schon mal nett, die Off-Erz\u00e4hlerin (Frances McDormand!) sorgte daf\u00fcr, dass einiges vom Sprachwitz der Romanvorlage \u00fcbertragen werden konnte. <img loading=\"lazy\" decoding=\"async\" src=\"https:\/\/vg05.met.vgwort.de\/na\/cdfc5976cc1145958bc75806df782201\" width=\"1\" height=\"1\" alt=\"\"\/><\/p>\n","protected":false},"excerpt":{"rendered":"<p>Nicht so lang geschlafen wie erhofft, mit Kopfweh aufgewacht (der Alkohol?). Nach dem Morgenkaffee machte ich mich ans erste Brotbacken in neuer K\u00fcche, vor allem mit neuem Ofen: Meine H\u00e4usemer Bauerekrume machte keinerlei Probleme. Backen bei Tageslicht! Ich bin immer noch geflasht. W\u00e4hrend das Brot im Ofen buk, wieder eine Stunde die Nachbarschaft mit Crosstrainerstrampeln [&hellip;]<\/p>\n","protected":false},"author":2,"featured_media":0,"comment_status":"open","ping_status":"closed","sticky":false,"template":"","format":"standard","meta":{"footnotes":""},"categories":[6,2,1],"tags":[],"class_list":["post-66225","post","type-post","status-publish","format-standard","hentry","category-essen","category-fotos","category-general"],"_links":{"self":[{"href":"https:\/\/www.vorspeisenplatte.de\/speisen\/wp-json\/wp\/v2\/posts\/66225","targetHints":{"allow":["GET"]}}],"collection":[{"href":"https:\/\/www.vorspeisenplatte.de\/speisen\/wp-json\/wp\/v2\/posts"}],"about":[{"href":"https:\/\/www.vorspeisenplatte.de\/speisen\/wp-json\/wp\/v2\/types\/post"}],"author":[{"embeddable":true,"href":"https:\/\/www.vorspeisenplatte.de\/speisen\/wp-json\/wp\/v2\/users\/2"}],"replies":[{"embeddable":true,"href":"https:\/\/www.vorspeisenplatte.de\/speisen\/wp-json\/wp\/v2\/comments?post=66225"}],"version-history":[{"count":3,"href":"https:\/\/www.vorspeisenplatte.de\/speisen\/wp-json\/wp\/v2\/posts\/66225\/revisions"}],"predecessor-version":[{"id":66245,"href":"https:\/\/www.vorspeisenplatte.de\/speisen\/wp-json\/wp\/v2\/posts\/66225\/revisions\/66245"}],"wp:attachment":[{"href":"https:\/\/www.vorspeisenplatte.de\/speisen\/wp-json\/wp\/v2\/media?parent=66225"}],"wp:term":[{"taxonomy":"category","embeddable":true,"href":"https:\/\/www.vorspeisenplatte.de\/speisen\/wp-json\/wp\/v2\/categories?post=66225"},{"taxonomy":"post_tag","embeddable":true,"href":"https:\/\/www.vorspeisenplatte.de\/speisen\/wp-json\/wp\/v2\/tags?post=66225"}],"curies":[{"name":"wp","href":"https:\/\/api.w.org\/{rel}","templated":true}]}}