{"id":66922,"date":"2021-04-24T07:59:22","date_gmt":"2021-04-24T05:59:22","guid":{"rendered":"https:\/\/www.vorspeisenplatte.de\/speisen\/?p=66922"},"modified":"2023-04-24T16:30:48","modified_gmt":"2023-04-24T14:30:48","slug":"journal-freitag-23-april-2021-flashbacks-zu-griechenland-1984","status":"publish","type":"post","link":"https:\/\/www.vorspeisenplatte.de\/speisen\/2021\/04\/journal-freitag-23-april-2021-flashbacks-zu-griechenland-1984.htm","title":{"rendered":"Journal Freitag, 23. April 2021 &#8211; Flashbacks zu Griechenland 1984"},"content":{"rendered":"<p>Das sonnige Drau\u00dfen roch gewaltig nach Fr\u00fchling.<\/p>\n<p>Ich nahm fr\u00fch das Rad in die Arbeit, erledigte im B\u00fcro noch ein paar Sachen und radelte dann zu einem weiteren Einsatz als Sch\u00f6ffin zum Justizzentrum am Stiglmaierplatz. Morgens war es noch kalt, doch gerade die Kombination aus k\u00fchler Luft, strahlender Sonne und Fr\u00fchlingsger\u00fcchen rief &#8211; wie fast immer &#8211; Erinnerungen an die Studienfahrt nach Griechenland zu Schulzeiten (1984) hervor: Auch nach 37 Jahren geh\u00f6rt das zusammen, war wohl eines der einschneidensten Erlebnisse meines Lebens.<\/p>\n<p><a href=\"https:\/\/www.vorspeisenplatte.de\/speisen\/archiv\/1984-Griechenland-8-Delphi.jpg\"><img loading=\"lazy\" decoding=\"async\" src=\"https:\/\/www.vorspeisenplatte.de\/speisen\/archiv\/1984-Griechenland-8-Delphi.jpg\" alt=\"\" width=\"581\" height=\"390\" class=\"alignnone size-full \" \/><\/a><\/p>\n<p>Fr\u00fchlingslandschaft bei Delphi.<\/p>\n<p><a href=\"https:\/\/www.vorspeisenplatte.de\/speisen\/archiv\/1984-Griechenland-9-Delphi.jpg\"><img loading=\"lazy\" decoding=\"async\" src=\"https:\/\/www.vorspeisenplatte.de\/speisen\/archiv\/1984-Griechenland-9-Delphi.jpg\" alt=\"\" width=\"613\" height=\"411\" class=\"alignnone size-full \" \/><\/a><\/p>\n<p>Vor dem Museum in Delphi. Ich bin die dritte von links, 16-j\u00e4hrig &#8211; im damals sehr modernen Trenchcoat und mit den lang erbettelten Puma-Lederturnschuhen, die ich Idiotin dann im Athener Hotelzimmer unterm Bett verga\u00df. Links von mir die beste Fu\u00dfballerin des Jahrgangs (zugegeben: eine von zweien), der Pulli an der Mitsch\u00fclerin rechts von mir war sicher selbstgestrickt, der Regen\u00fcberwurf der Mitsch\u00fclerin ganz rechts war ein K-Way (&#8220;Kawai&#8221; ausgesprochen), damals Synonym f\u00fcr Regen\u00fcberwurf (und furchtbar teuer).<\/p>\n<p>Wie wenige Fotos wir damals machten!<\/p>\n<p>Am Gericht ging es eher schnell, schon um halb elf waren wir fertig. F\u00fcrs Zur\u00fcckradeln ins B\u00fcro brauchte ich nicht mal mehr Handschuhe.<\/p>\n<p>Mittags gab es ein Laugenz\u00f6pferl sowie eine Orange mit H\u00fcttenk\u00e4se.<\/p>\n<p>Die Freude \u00fcber die Freigabe des Impfstoffs AstraZeneca f\u00fcr Verimpfung in Hausarztpraxen hielt nicht lang: <a href=\"https:\/\/www.br.de\/nachrichten\/bayern\/astrazeneca-in-hausarztpraxen-kein-impfstoff-grosse-nachfrage,SVJNX8K\" rel=\"noopener\" target=\"_blank\">Die Praxen wissen von keiner Lieferung.<\/a><\/p>\n<blockquote><p>Die \u00c4rzte werden jede Woche dar\u00fcber informiert, welchen Impfstoff sie in der kommenden Woche erhalten k\u00f6nnen. F\u00fcr n\u00e4chste Woche wird den Haus\u00e4rzten gar kein Astrazeneca-Impfstoff angeboten, sondern ein anderes Vakzin.<\/p><\/blockquote>\n<p>Nun: Ich stehe sein Januar <a href=\"https:\/\/impfzentren.bayern\/\" rel=\"noopener\" target=\"_blank\">auf der offiziellen bayernweiten Liste der Impfwilligen<\/a>, jetzt auch auf der meiner Haus\u00e4rztin &#8211; da ich nicht zur Gruppe besonders Gef\u00e4hrdeter geh\u00f6re, w\u00fcrde ich alles Weitere als Dr\u00e4ngeln empfinden.<\/p>\n<p>Daheim traf ich Vorbereitungen f\u00fcrs Abendessen, die Zutaten hatte Herr Kaltmamsell besorgt: Bei offener T\u00fcr zum K\u00fcchenbalkon und ohne k\u00fcnstliches Licht (immer noch eine Sensation in der K\u00fcche) hobelte ich Gurken in den Kartoffelsalat und w\u00fcrzte das Hackfleisch f\u00fcr die Fleischpflanzerl (Ziebel und Knoblauch angebraten, Petersilie gehackt, Eier, Semmelbr\u00f6sel, etwas Tomatenmark, Salz, Pfeffer).<\/p>\n<p>Nochmal die Yoga-Einheit vom Vortag, diesmal tat sie richtig gut und nahm mir ein wenig von der ekligen Gereiztheit und schlechter Laune, die mich schon wieder plagten.<\/p>\n<p>Fleischpflanzerl gebraten, dazu gab es Gin Tonic. Abendessen in letzter Sonne, die immer noch ungehindert von Laub \u00fcber fast ihren ganzen Tageslauf ins Wohnzimmer scheint.<\/p>\n<p><a href=\"https:\/\/www.vorspeisenplatte.de\/speisen\/archiv\/buch_slavin.jpg\"><img loading=\"lazy\" decoding=\"async\" src=\"https:\/\/www.vorspeisenplatte.de\/speisen\/archiv\/buch_slavin.jpg\" alt=\"\" width=\"150\" height=\"230\" class=\"alignnone size-full wp-image-66841\" \/><\/a><\/p>\n<p>Helen Slavin, <i>The Extra Large Medium<\/i> ausgelesen. Auch wenn der Schluss die Schwachstelle des Romans ist, gefiel er mir insgesamt sehr gut. Erz\u00e4hlt wird die Geschichte von Annie, die tote Menschen sieht (sie tragen immer schokoladenbraune Kleidung), von klein auf. Anfangs war ich irritiert \u00fcber die Parallele zu <a href=\"https:\/\/www.vorspeisenplatte.de\/speisen\/2017\/02\/hillary-mantel-beyond-black.htm\" rel=\"noopener\" target=\"_blank\">Hilary Mantels Roman <i>Beyond Black<\/i><\/a> und brauchte eine Weile, bis diese Geschichte ihren eigenen Charakter entwickeln konnte &#8211;  und den hat sie.<\/p>\n<p>Annie erz\u00e4hlt r\u00fcckblickend und mit viel Galgenhumor ihr Leben, aber ohne reflektierende Distanz. Dazwischen gibt es kurze Kapitel aus der Sicht von Verwandten u.a. Mutter, Tante, Onkel, Stiefvater. Annie ergibt sich in ihr Schicksal und versucht sich mit ihrer Gabe n\u00fctzlich zu machen, also die Botschaften der Toten an die Hinterlassenen zu \u00fcberbringen &#8211; meist v\u00f6llige Petitessen der Gr\u00f6\u00dfenordnung, wo der Schl\u00fcssel zum Gartenh\u00e4uschen liegt. Sie hat ohnehin keine Chance auf ein auch nur halbwegs konventionelles Leben, die Toten lassen sie nicht in Ruhe (hier liegt eine Parallele zu Mantels Roman), sie schl\u00e4gt sich irgendwie durch. Eingewebt ist dann auch noch eine Kriminalgeschichte, die zu dem etwas ungeschickten Schluss f\u00fchrt.<\/p>\n<p>Vieles ist nicht auserz\u00e4hlt, das mag ich, ich f\u00fchlte mich als Leserin ernst genommen. R\u00e4ume zum Beispiel werden durch den Eindruck vermittelt, den sie auf die Erz\u00e4hlerin erzeugen, nicht durch M\u00f6belbeschreibung. Oder einschneidende Erlebnisse, die uns zun\u00e4chst durch die traumatischen Auswirkungen erz\u00e4hlt werden, bevor wir Fragmente bekommen, aus denen sich der eigentliche Vorfall zusammensetzen l\u00e4sst. <img loading=\"lazy\" decoding=\"async\" src=\"https:\/\/vg05.met.vgwort.de\/na\/7c90eba4f4ed4dfba76348d70a2f4f61\" width=\"1\" height=\"1\" alt=\"\"\/><\/p>\n","protected":false},"excerpt":{"rendered":"<p>Das sonnige Drau\u00dfen roch gewaltig nach Fr\u00fchling. Ich nahm fr\u00fch das Rad in die Arbeit, erledigte im B\u00fcro noch ein paar Sachen und radelte dann zu einem weiteren Einsatz als Sch\u00f6ffin zum Justizzentrum am Stiglmaierplatz. Morgens war es noch kalt, doch gerade die Kombination aus k\u00fchler Luft, strahlender Sonne und Fr\u00fchlingsger\u00fcchen rief &#8211; wie fast [&hellip;]<\/p>\n","protected":false},"author":2,"featured_media":0,"comment_status":"open","ping_status":"closed","sticky":false,"template":"","format":"standard","meta":{"footnotes":""},"categories":[3,6,2,1],"tags":[],"class_list":["post-66922","post","type-post","status-publish","format-standard","hentry","category-bucher","category-essen","category-fotos","category-general"],"_links":{"self":[{"href":"https:\/\/www.vorspeisenplatte.de\/speisen\/wp-json\/wp\/v2\/posts\/66922","targetHints":{"allow":["GET"]}}],"collection":[{"href":"https:\/\/www.vorspeisenplatte.de\/speisen\/wp-json\/wp\/v2\/posts"}],"about":[{"href":"https:\/\/www.vorspeisenplatte.de\/speisen\/wp-json\/wp\/v2\/types\/post"}],"author":[{"embeddable":true,"href":"https:\/\/www.vorspeisenplatte.de\/speisen\/wp-json\/wp\/v2\/users\/2"}],"replies":[{"embeddable":true,"href":"https:\/\/www.vorspeisenplatte.de\/speisen\/wp-json\/wp\/v2\/comments?post=66922"}],"version-history":[{"count":3,"href":"https:\/\/www.vorspeisenplatte.de\/speisen\/wp-json\/wp\/v2\/posts\/66922\/revisions"}],"predecessor-version":[{"id":86632,"href":"https:\/\/www.vorspeisenplatte.de\/speisen\/wp-json\/wp\/v2\/posts\/66922\/revisions\/86632"}],"wp:attachment":[{"href":"https:\/\/www.vorspeisenplatte.de\/speisen\/wp-json\/wp\/v2\/media?parent=66922"}],"wp:term":[{"taxonomy":"category","embeddable":true,"href":"https:\/\/www.vorspeisenplatte.de\/speisen\/wp-json\/wp\/v2\/categories?post=66922"},{"taxonomy":"post_tag","embeddable":true,"href":"https:\/\/www.vorspeisenplatte.de\/speisen\/wp-json\/wp\/v2\/tags?post=66922"}],"curies":[{"name":"wp","href":"https:\/\/api.w.org\/{rel}","templated":true}]}}