{"id":67261,"date":"2021-05-09T08:12:06","date_gmt":"2021-05-09T06:12:06","guid":{"rendered":"https:\/\/www.vorspeisenplatte.de\/speisen\/?p=67261"},"modified":"2025-06-22T06:58:05","modified_gmt":"2025-06-22T04:58:05","slug":"journal-samstag-8-mai-2021-anwandern-von-pasing-nach-gauting","status":"publish","type":"post","link":"https:\/\/www.vorspeisenplatte.de\/speisen\/2021\/05\/journal-samstag-8-mai-2021-anwandern-von-pasing-nach-gauting.htm","title":{"rendered":"Journal Samstag, 8. Mai 2021 &#8211; Anwandern von Pasing nach Gauting"},"content":{"rendered":"<p>Gut und lang geschlafen, zu \u00fcberzeugendem Sonnenschein aufgewacht (und einer sehr lauten M\u00f6nchsgrasm\u00fccke).<\/p>\n<p>Ich holte aus dem Keller die Wanderstiefel, auch die letztes Jahr schweren Herzens wegen H\u00fcftweh eingelagerten Wanderhosen &#8211; die ich nicht nur sofort fand (->System in der scheinbaren Unordnung), sondern die auch noch problemlos passten (ich glaube aber, dass nicht-d\u00fcnne Menschen da eine gr\u00f6\u00dfere Toleranzspanne haben, bei d\u00fcnnen kneift oder schlackert schneller was).<\/p>\n<p>Wieder ging ich zum Corona-Schnelltest in die Sendlinger Stra\u00dfe (letzte Woche ausgefallen wegen Feiertag), beim Verlassen des Hauses sah ich eine singende Grasm\u00fccke im Baum. In den 15 Minuten Warten auf Testergebnis hollte ich Fr\u00fchst\u00fcckssemmeln und Wanderbrotzeit beim Z\u00f6ttl am Alten Peter.<\/p>\n<p>Daheim bemerkte ich, dass meine ledernen Wanderstiefel nach \u00fcber anderthalb Jahren ohne Nutzung dringend gefettet werden mussten &#8211; das holte ich schnell nach. Zum Fr\u00fchst\u00fcck gab es ein Laufenz\u00f6pferl und eine Seele mit Butter und Orangenmarmelade.<\/p>\n<p>Es war schon Mittag, als wir eine Bahn nach Pasing nahmen (wochenends ist die S-Bahn wegen Stammstreckensperrung kompliziert); bei unserem letzten Spaziergang dort die W\u00fcrm entlang hatten wir gesehen, dass es einen Radweg nach Starnberg gibt, ebenfalls die W\u00fcrm entlang, dessen L\u00e4nge auf den Schildern mit 21 Kilometern angeben war: Den wollten wir als erste Wanderung nach H\u00fcft-OP und als erste Wanderung der Saison gehen, so richtig mit Rucksack.<\/p>\n<p>Die Strecke war auch sehr sch\u00f6n, Herr Kaltmamsell fand immer wieder per Karte bachnahe Pfade als Wander-Alternativen zu den Radl-Abschnitten, die Hauptstra\u00dfen entlanggingen. Es waren deutlich weniger Menschen unterwegs als bei unserem W\u00fcrm-Spaziergang vor ein paar Wochen. Kurz hinter Pasing sah ich die ersten Mauersegler des Jahres, an der W\u00fcrm gab es unter anderem immer wieder Kanadag\u00e4nse, manche mit ultraniedlichen K\u00fcken.<\/p>\n<p>Die W\u00fcrm wurde von gro\u00dfen und kleinen Anwohnenden bespielt: Ab Planegg sahen wir auffallend viele Kinder in kleinen Gruppen, die am Ufer und im seichten Wasser des Bachs spielten, als Spielzeug reichten \u00c4ste oder Plastikt\u00fcten, ab fr\u00fchem Grundschulalter sogar ohne Erwachsenenaufsicht (drau\u00dfen unbeaufsichtigt spielende Kinder hatte ich schon sehr lange nicht mehr gesehen), Jugendliche sa\u00dfen zu zweit, zu dritt im Ufergras und plauderten, einzelne sahen mit m\u00e4chtigen Kopfh\u00f6rern \u00fcber den Ohren ins glitzernde Wasser &#8211; ich stelle es mir gro\u00dfartig vor, diesen bezaubernden Bach als Teil des Gro\u00dfwerdens zu haben.<\/p>\n<p>Bis Starnberg kamen wir aber nicht: Nach fast vier Stunden mit einer Pause sahen wir ein Schild, auf dem die Reststrecke nach Starnberg mit zw\u00f6lf Kilometern angegeben wurde &#8211; das h\u00e4tte ich allen Ernstes nicht geschafft. Auch wenn ich bislang post-operativ maximal zweieinhalb Stunden am St\u00fcck gegangen war, \u00fcberraschte mich, dass ich nicht einfach wie fr\u00fcher weitere Stunden leicht abwanderte. (Will hei\u00dfen: Geschafft h\u00e4tte ich das schon irgendwie, w\u00e4re aber auf unangenehme Weise fix und fertig gewesen.) Der Bewegungstracker meines Smartphones hatte bis dahin ja auch nicht die rechnerischen neun, sondern 16 Kilometer Wanderung gemessen.<\/p>\n<p><a href=\"https:\/\/www.vorspeisenplatte.de\/speisen\/archiv\/210508_03_WuermPasing.jpg\"><img loading=\"lazy\" decoding=\"async\" src=\"https:\/\/www.vorspeisenplatte.de\/speisen\/archiv\/210508_03_WuermPasing.jpg\" alt=\"\" width=\"423\" height=\"564\" class=\"alignnone size-full \" \/><\/a><\/p>\n<p><a href=\"https:\/\/www.vorspeisenplatte.de\/speisen\/archiv\/210508_04_WuermPasing.jpg\"><img loading=\"lazy\" decoding=\"async\" src=\"https:\/\/www.vorspeisenplatte.de\/speisen\/archiv\/210508_04_WuermPasing.jpg\" alt=\"\" width=\"600\" height=\"457\" class=\"alignnone size-full \" \/><\/a><\/p>\n<p><a href=\"https:\/\/www.vorspeisenplatte.de\/speisen\/archiv\/210508_06_WuermPasing.jpg\"><img loading=\"lazy\" decoding=\"async\" src=\"https:\/\/www.vorspeisenplatte.de\/speisen\/archiv\/210508_06_WuermPasing.jpg\" alt=\"\" width=\"611\" height=\"438\" class=\"alignnone size-full\" \/><\/a><\/p>\n<p><a href=\"https:\/\/www.vorspeisenplatte.de\/speisen\/archiv\/210508_08_WuermGraefelfing.jpg\"><img loading=\"lazy\" decoding=\"async\" src=\"https:\/\/www.vorspeisenplatte.de\/speisen\/archiv\/210508_08_WuermGraefelfing.jpg\" alt=\"\" width=\"420\" height=\"583\" class=\"alignnone size-full \" \/><\/a><\/p>\n<p><a href=\"https:\/\/www.vorspeisenplatte.de\/speisen\/archiv\/210508_13_WuermGraefelfing.jpg\"><img loading=\"lazy\" decoding=\"async\" src=\"https:\/\/www.vorspeisenplatte.de\/speisen\/archiv\/210508_13_WuermGraefelfing.jpg\" alt=\"\" width=\"605\" height=\"458\" class=\"alignnone size-full \" \/><\/a><\/p>\n<p><a href=\"https:\/\/www.vorspeisenplatte.de\/speisen\/archiv\/210508_16_Stockdorf.jpg\"><img loading=\"lazy\" decoding=\"async\" src=\"https:\/\/www.vorspeisenplatte.de\/speisen\/archiv\/210508_16_Stockdorf.jpg\" alt=\"\" width=\"601\" height=\"466\" class=\"alignnone size-full \" \/><\/a><\/p>\n<p>In Gauting beendeten wir also die Wanderung und gingen zum S-Bahnhof. Das letzte St\u00fcck Gauting-Starnberg sehen wir uns dann mal als Spaziergang an, laut Karte muss es besonders sch\u00f6n sein.<\/p>\n<p>Daheim versorgte ich erst mal eine Blase an der Innenseite der linke gro\u00dfen Zehe (?) und machte ich mich dann an die Anfertigung von <a href=\"https:\/\/ankegroener.de\/blog\/?p=31750\" rel=\"noopener\" target=\"_blank\">Zitronenschnecken<\/a> (n\u00e4chstes Mal h\u00f6chstens 200 ml Buttermilch, ich kippte sehr viel Mehl nach, bis ich keinen R\u00fchrteig mehr in der Sch\u00fcssel hatte, sondern Knetteig), stellte sie backfertig in der Backform in den K\u00fchlschrank, gebacken werden sie erst Sonntagmorgen. Zum Abendessen gab es wie geplant die Reste vom Freitagabend, auch aufgew\u00e4rmt sehr gut.<\/p>\n<p>\u00a7<\/p>\n<p>Die Wissenschaftsjournalistin Mai Thi Nguyen-Kim (wohlgemerkt: keine Politikerin, keine feministische Aktivistin, einfach eine Wissenschaftsjournalistin) wird so massiv angefeindet und bedroht, dass sie nicht mehr ohne Schutzma\u00dfnahmen das Haus verl\u00e4sst. Dar\u00fcber und \u00fcber Faktenleugner ein Interview mit ihr in der <i>Zeit<\/i>:<br \/>\n<a href=\"https:\/\/www.zeit.de\/gesellschaft\/zeitgeschehen\/2021-05\/mai-thi-nguyen-kim-hass-internet-wissenschaftsjournalismus-pressefreiheit\" rel=\"noopener\" target=\"_blank\">&#8220;&#8216;Wissenschaft ist keine Demokratie'&#8221;.<\/a><\/p>\n<p>\u00a7<\/p>\n<p>In Arztpraxen bleibt Impfstoff \u00fcbrig, gleichzeitig suchen manche verzweifelt nach einer m\u00f6glichst schnellen Impfgelegenheit: Diese Online-Plattform m\u00f6chte beides unkompliziert und unb\u00fcrokratisch zusammenbringen.<br \/>\n<a href=\"https:\/\/www.sofort-impfen.de\/\" rel=\"noopener\" target=\"_blank\">sofort-impfen.de<\/a> <img loading=\"lazy\" decoding=\"async\" src=\"https:\/\/vg07.met.vgwort.de\/na\/c176a803a2624b58980aa565098be2ec\" width=\"1\" height=\"1\" alt=\"\"\/><\/p>\n","protected":false},"excerpt":{"rendered":"<p>Gut und lang geschlafen, zu \u00fcberzeugendem Sonnenschein aufgewacht (und einer sehr lauten M\u00f6nchsgrasm\u00fccke). Ich holte aus dem Keller die Wanderstiefel, auch die letztes Jahr schweren Herzens wegen H\u00fcftweh eingelagerten Wanderhosen &#8211; die ich nicht nur sofort fand (->System in der scheinbaren Unordnung), sondern die auch noch problemlos passten (ich glaube aber, dass nicht-d\u00fcnne Menschen da [&hellip;]<\/p>\n","protected":false},"author":2,"featured_media":0,"comment_status":"open","ping_status":"closed","sticky":false,"template":"","format":"standard","meta":{"footnotes":""},"categories":[2,1,15],"tags":[],"class_list":["post-67261","post","type-post","status-publish","format-standard","hentry","category-fotos","category-general","category-wandern"],"_links":{"self":[{"href":"https:\/\/www.vorspeisenplatte.de\/speisen\/wp-json\/wp\/v2\/posts\/67261","targetHints":{"allow":["GET"]}}],"collection":[{"href":"https:\/\/www.vorspeisenplatte.de\/speisen\/wp-json\/wp\/v2\/posts"}],"about":[{"href":"https:\/\/www.vorspeisenplatte.de\/speisen\/wp-json\/wp\/v2\/types\/post"}],"author":[{"embeddable":true,"href":"https:\/\/www.vorspeisenplatte.de\/speisen\/wp-json\/wp\/v2\/users\/2"}],"replies":[{"embeddable":true,"href":"https:\/\/www.vorspeisenplatte.de\/speisen\/wp-json\/wp\/v2\/comments?post=67261"}],"version-history":[{"count":3,"href":"https:\/\/www.vorspeisenplatte.de\/speisen\/wp-json\/wp\/v2\/posts\/67261\/revisions"}],"predecessor-version":[{"id":87133,"href":"https:\/\/www.vorspeisenplatte.de\/speisen\/wp-json\/wp\/v2\/posts\/67261\/revisions\/87133"}],"wp:attachment":[{"href":"https:\/\/www.vorspeisenplatte.de\/speisen\/wp-json\/wp\/v2\/media?parent=67261"}],"wp:term":[{"taxonomy":"category","embeddable":true,"href":"https:\/\/www.vorspeisenplatte.de\/speisen\/wp-json\/wp\/v2\/categories?post=67261"},{"taxonomy":"post_tag","embeddable":true,"href":"https:\/\/www.vorspeisenplatte.de\/speisen\/wp-json\/wp\/v2\/tags?post=67261"}],"curies":[{"name":"wp","href":"https:\/\/api.w.org\/{rel}","templated":true}]}}