{"id":67532,"date":"2021-05-19T07:58:21","date_gmt":"2021-05-19T05:58:21","guid":{"rendered":"https:\/\/www.vorspeisenplatte.de\/speisen\/?p=67532"},"modified":"2021-05-19T07:58:21","modified_gmt":"2021-05-19T05:58:21","slug":"journal-dienstag-18-mai-2021-haarbefreiung","status":"publish","type":"post","link":"https:\/\/www.vorspeisenplatte.de\/speisen\/2021\/05\/journal-dienstag-18-mai-2021-haarbefreiung.htm","title":{"rendered":"Journal Dienstag, 18. Mai 2021 &#8211; Haarbefreiung"},"content":{"rendered":"<p>Ausgeschlafen, denn Herr Kaltmamsell musste nicht die erste Stunde unterrichten, nicht mal zur Schule fahren.<\/p>\n<p>Drau\u00dfen war es weiterhin kalt und greislich, immer wieder regnete es. Das und ein dumpfes Zwicken in der H\u00fcfte lie\u00dfen mich die Pl\u00e4ne einer weiteren Laufrunde fahren lassen, ich war schon am Montag mehr als geplant auf den Beinen gewesen. Au\u00dferdem bin ich n\u00e4mlich keineswegs zwanghaft und kann einen Tag durchaus nur gut 10.000 Schritte auf dem Tracker aushalten.<\/p>\n<p>Ein wenig Kraft\u00fcbungen, ein wenig Yoga.<\/p>\n<p>W\u00e4schewaschen, Zeitunglesen, bis ich als erwachsene Erledigung des Tages in einer Regenpause zur n\u00e4chst gelegenen \u00c4nderungsschneiderei ging, um die aufgeplatzte Naht einer Kost\u00fcmjacke reparieren zu lassen. (Am Montag hatte ich bereits Kontakt mit einer benachbarten Glaserei aufgenommen, um endlich die Glasplatte eines geerbten Tischs zu ersetzen, von der eine Ecke abgebrochen ist &#8211; vor vielen, vielen Jahren. F\u00fcr Donnerstag ist Abgabe meines Fahrrads zur General\u00fcberholung geplant.)<\/p>\n<p>Fr\u00fchst\u00fcck\/Mittagessen war von Herrn Kaltmamsell angek\u00fcndigt: Pfannkuchen aus der restlichen geheimnisvollen japanischen Gebirgs-Jams vom Okonomiyaki, gerieben. Das dauerte allerdings bis halb zwei, weil er erst noch online Fernunterrichten musste (eine L\u00f6sung der Informatik-Aufgabe als &#8220;sehr elegant!&#8221; lobte, so viel bekam ich mit). Die Pfannk\u00fcchlein waren dann so lala und nicht sehr viele, ich a\u00df ein Sch\u00fcsselchen Haferflocken mit Milch und einen Apfel, um satt zu werden.<\/p>\n<p>Am Nachmittag verbrauchte ich mehr soziale Energie als in den vergangenen Wochen zusammen, n\u00e4mlich durch lange Interaktion mit zwei nicht vertrauten Menschen: Erst mit der Kosmetikerin, die meine F\u00fc\u00dfe endlich wieder sch\u00f6n pedik\u00fcrte, und dann mit der Not-Friseurin. Zum Haareschneiden hatte ich zwar ein Foto mitgenommen, das mich mit gewohnt kurzen Haaren zeigte, lie\u00df der Fachfrau aber erst mal die M\u00f6glichkeit, sich selbst etwas zu dem Sieben-Monats-Material auszudenken, manchen macht das ja Spa\u00df. Diese Friseurin wuschelte und k\u00e4mmte ausf\u00fchrlich von allen Seiten in meinen Haaren herum, freute sich &#8220;Mit Ihren Haaren kann man ja alles machen!&#8221; (ich nat\u00fcrlich: &#8220;Also bitte einmal Dauerwelle.&#8221;) und schlug dann vor, vor allem untenrum zu k\u00fcrzen.<\/p>\n<p><a href=\"https:\/\/www.vorspeisenplatte.de\/speisen\/archiv\/210518_07_Frisur.jpg\"><img loading=\"lazy\" decoding=\"async\" src=\"https:\/\/www.vorspeisenplatte.de\/speisen\/archiv\/210518_07_Frisur.jpg\" alt=\"\" width=\"307\" height=\"339\" class=\"alignnone size-full wp-image-67542\" \/><\/a><\/p>\n<p>Voil\u00e0: Popperschnitt.<br \/>\n(Foto: Herr Kaltmamsell, #boyfriendsofinstagram)<\/p>\n<p>Ich war zufrieden, ganz kurz kann ich in zwei Monaten beim gewohnten Haarschneider immer noch haben.<\/p>\n<p>Hin und zur\u00fcck war ich sogar trocken geblieben, erst abends setzte erneut Regen ein. Und es wurde weiter k\u00e4lter, gestern kamen die Temperaturen kaum \u00fcber 10 Grad hinaus, so soll es auch erst mal bleiben.<\/p>\n<p>Zum Abendessen w\u00e4rmten wir uns das restliche Lamm vom Sonntag auf, jetzt ist es aber weg.<\/p>\n<p>Zur Abendunterhaltung sahen wir in <a href=\"https:\/\/www.ardmediathek.de\/sendung\/all-you-need\/staffel-1\/Y3JpZDovL2Rhc2Vyc3RlLmRlL2FsbCB5b3UgbmVlZA\/1\/\" rel=\"noopener\" target=\"_blank\">die ARD-Produktion <i>All you need<\/i><\/a>, ich hatte in der <i>S\u00fcddeutschen<\/i> ein Interview mit Hauptdarsteller Benito Bause gelesen und war neugierig geworden. Joah, zumindest in dieser ersten Folge kam mir der Aspekt &#8220;wir zeigen euch schwulen Lifestyle&#8221; arg vordergr\u00fcndig und etwas belehrend vor. Aber vielleicht m\u00fcssen wir erst durch solche Serien, bis schwules Leben unmarkierter Teil von Fernsehserien wird. <\/p>\n<p>Fr\u00fch ins Bett, Dervla McTiernan, <i>The Scholar<\/i> ausgelesen. <img loading=\"lazy\" decoding=\"async\" src=\"https:\/\/vg07.met.vgwort.de\/na\/77ecaae10736460a94a383b8a03b26e7\" width=\"1\" height=\"1\" alt=\"\"\/><\/p>\n","protected":false},"excerpt":{"rendered":"<p>Ausgeschlafen, denn Herr Kaltmamsell musste nicht die erste Stunde unterrichten, nicht mal zur Schule fahren. Drau\u00dfen war es weiterhin kalt und greislich, immer wieder regnete es. Das und ein dumpfes Zwicken in der H\u00fcfte lie\u00dfen mich die Pl\u00e4ne einer weiteren Laufrunde fahren lassen, ich war schon am Montag mehr als geplant auf den Beinen gewesen. [&hellip;]<\/p>\n","protected":false},"author":2,"featured_media":0,"comment_status":"open","ping_status":"closed","sticky":false,"template":"","format":"standard","meta":{"footnotes":""},"categories":[2,1],"tags":[],"class_list":["post-67532","post","type-post","status-publish","format-standard","hentry","category-fotos","category-general"],"_links":{"self":[{"href":"https:\/\/www.vorspeisenplatte.de\/speisen\/wp-json\/wp\/v2\/posts\/67532","targetHints":{"allow":["GET"]}}],"collection":[{"href":"https:\/\/www.vorspeisenplatte.de\/speisen\/wp-json\/wp\/v2\/posts"}],"about":[{"href":"https:\/\/www.vorspeisenplatte.de\/speisen\/wp-json\/wp\/v2\/types\/post"}],"author":[{"embeddable":true,"href":"https:\/\/www.vorspeisenplatte.de\/speisen\/wp-json\/wp\/v2\/users\/2"}],"replies":[{"embeddable":true,"href":"https:\/\/www.vorspeisenplatte.de\/speisen\/wp-json\/wp\/v2\/comments?post=67532"}],"version-history":[{"count":3,"href":"https:\/\/www.vorspeisenplatte.de\/speisen\/wp-json\/wp\/v2\/posts\/67532\/revisions"}],"predecessor-version":[{"id":67547,"href":"https:\/\/www.vorspeisenplatte.de\/speisen\/wp-json\/wp\/v2\/posts\/67532\/revisions\/67547"}],"wp:attachment":[{"href":"https:\/\/www.vorspeisenplatte.de\/speisen\/wp-json\/wp\/v2\/media?parent=67532"}],"wp:term":[{"taxonomy":"category","embeddable":true,"href":"https:\/\/www.vorspeisenplatte.de\/speisen\/wp-json\/wp\/v2\/categories?post=67532"},{"taxonomy":"post_tag","embeddable":true,"href":"https:\/\/www.vorspeisenplatte.de\/speisen\/wp-json\/wp\/v2\/tags?post=67532"}],"curies":[{"name":"wp","href":"https:\/\/api.w.org\/{rel}","templated":true}]}}