{"id":68000,"date":"2021-06-08T06:31:12","date_gmt":"2021-06-08T04:31:12","guid":{"rendered":"https:\/\/www.vorspeisenplatte.de\/speisen\/?p=68000"},"modified":"2021-06-08T06:33:44","modified_gmt":"2021-06-08T04:33:44","slug":"journal-montag-7-juni-2021-schwierige-urlaubsbuchung","status":"publish","type":"post","link":"https:\/\/www.vorspeisenplatte.de\/speisen\/2021\/06\/journal-montag-7-juni-2021-schwierige-urlaubsbuchung.htm","title":{"rendered":"Journal Montag, 7. Juni 2021 &#8211; Schwierige Urlaubsbuchung"},"content":{"rendered":"<p>Ich erwachte fr\u00fcher als gewollt zu einem grauen Tag, der aber nicht kalt war.<\/p>\n<p>Vormittags informierte mich ein Anruf, dass die am Vorabend gebuchte Urlaubsunterkunft doch nicht frei war, weil bereits ausgebucht &#8211; das hatte das Hotel vergessen auf dem Portal zu aktualisieren. Man schickte mir Alternativen.<br \/>\nSo schwierig habe ich noch nie eine Urlaubsbuchung erlebt, schon gar nicht zweieinhalb Monate vor Urlaub, die ich nicht f\u00fcr last-minute halte. Anscheinend sind wirklich selbst die \u00c4gypten- oder T\u00fcrkei-Strand-Pauschalistinnen auf Deutschlandurlaub umgeschwenkt. Unter anderem bef\u00fcrchte ich jetzt \u00fcberlaufene Wanderwege &#8211; die ich in den vergangenen Monaten wirklich genug hatte.<\/p>\n<p>Mittags gab es Graupensalat mit roten Paprika, Gurke, Petersilie, den Herr Kaltmamsell f\u00fcr uns beide Sonntagabend als Brotzeit zubereitet hatte. Nachmittags brauchte ich ausnahmsweise noch ein gro\u00dfes St\u00fcck schwarze Schokolade.<\/p>\n<p>Ich forschte einer Bestellung f\u00fcr die neue Wohnung hinterher, die ohnehin f\u00fcnf Wochen Lieferzeit hatte und jetzt seit zwei Wochen auf dem DHL-Status &#8220;Besch\u00e4digte Sendung nachverpackt &#8211; Weitertransport zum Empf\u00e4nger&#8221; steht. Da es sich um eine Lampe mit drei Glasschirmen handelt, f\u00fcrchte ich kaputt. Erst telefonierte ich mit einer Maschine (als ich nach viermal vergeblichem deutlichen Sendungsnummer-Aufsagen eine Roboterstimme ausprobierte, brauchte es nur zwei weitere Anl\u00e4ufe), dann hatte ich einen Menschen dran: Er fand die Sendung auch nicht, der Absender muss einen Nachforschungsauftrag stellen. Also schrieb ich eine E-Mail an die Lieferfirma.<\/p>\n<p>Ich f\u00fchlte mich nicht besonders: Mir war wacklig mit Schwindel und Temperatur-Achterbahn. ABER! Aus dem grauen Tag war ein sonniger mit gemischten Wolken geworden, f\u00fcr den Heimweg ging ich eine Extra-Schleife im Sonnenschein.<\/p>\n<p>Daheim machte ich meinen Standard-Quiche-Teig f\u00fcr Dienstagabend (250 gr. Butter, 250 gr. ausgepresster Magerquark, 250 gr. Mehl, eine Prise Salz &#8211; Menge reicht f\u00fcr zwei Quiches\/Tartes) und stellte ihn kalt, war entt\u00e4uscht von einer lahmen Runde Yoga (Atmen&#8230; wem das nichts gibt, kann Folge 26 von Adrienes <i>Breath<\/i> auslassen).<\/p>\n<p>Herr Kaltmamsell servierte auf meinen Wunsch zum Abendessen Heringsalat mit Ernteanteil-Roten-Beten, dazu gekocht die jetzt aber wirklich letzten Lagerkartoffeln aus Ernteanteil.<\/p>\n<p>Neuerliche Buchung einer Urlaubsunterkunft im Bayerischen Wald, diese hat kein Restaurant, wir werden abends nochmal rausgehen m\u00fcssen. Wenn das nicht klappt, versuchen wir&#8217;s in Nordfranken und wandern im &#8220;Gr\u00fcnen Band&#8221;.<\/p>\n<p>\u00a7<\/p>\n<p>Sie erinnern sich an das Containerschiff, das im M\u00e4rz den Suezkanal blockierte? <a href=\"https:\/\/twitter.com\/aaronjakes\/status\/1401644723849342983\" rel=\"noopener\" target=\"_blank\">Vielleicht m\u00f6gen Sie wissen, was damit seither passierte und wie der Stand der Ursachenforschung ist.<\/a><\/p>\n<p>\u00a7<\/p>\n<p>Portr\u00e4t der Frau, die nach 77 M\u00e4nnern an der Spitze des US-Finanzministeriums steht: Janet Yellen.<br \/>\n<a href=\"https:\/\/www.republik.ch\/2021\/06\/07\/die-erste-ihrer-art\" rel=\"noopener\" target=\"_blank\">&#8220;Die Erste ihrer Art&#8221;.<\/a><\/p>\n<p>via <a href=\"https:\/\/twitter.com\/miriam_vollmer\" rel=\"noopener\" target=\"_blank\">@miriam_vollmer<\/a><\/p>\n<blockquote><p>Doch Yellens Biografie erz\u00e4hlt noch viel mehr. Sie verdeutlicht, wie sich das wirtschafts\u00adpolitische Denken in den Vereinigten Staaten \u2013 und mit ihm eine ganze Debatten\u00adkultur \u2013 \u00fcber die Jahre fundamental ver\u00e4ndert hat.<\/p><\/blockquote>\n<p> <img loading=\"lazy\" decoding=\"async\" src=\"https:\/\/vg07.met.vgwort.de\/na\/71ea33beca364549888408af0e6105bd\" width=\"1\" height=\"1\" alt=\"\"\/><\/p>\n","protected":false},"excerpt":{"rendered":"<p>Ich erwachte fr\u00fcher als gewollt zu einem grauen Tag, der aber nicht kalt war. Vormittags informierte mich ein Anruf, dass die am Vorabend gebuchte Urlaubsunterkunft doch nicht frei war, weil bereits ausgebucht &#8211; das hatte das Hotel vergessen auf dem Portal zu aktualisieren. Man schickte mir Alternativen. So schwierig habe ich noch nie eine Urlaubsbuchung [&hellip;]<\/p>\n","protected":false},"author":2,"featured_media":0,"comment_status":"open","ping_status":"closed","sticky":false,"template":"","format":"standard","meta":{"footnotes":""},"categories":[1],"tags":[],"class_list":["post-68000","post","type-post","status-publish","format-standard","hentry","category-general"],"_links":{"self":[{"href":"https:\/\/www.vorspeisenplatte.de\/speisen\/wp-json\/wp\/v2\/posts\/68000","targetHints":{"allow":["GET"]}}],"collection":[{"href":"https:\/\/www.vorspeisenplatte.de\/speisen\/wp-json\/wp\/v2\/posts"}],"about":[{"href":"https:\/\/www.vorspeisenplatte.de\/speisen\/wp-json\/wp\/v2\/types\/post"}],"author":[{"embeddable":true,"href":"https:\/\/www.vorspeisenplatte.de\/speisen\/wp-json\/wp\/v2\/users\/2"}],"replies":[{"embeddable":true,"href":"https:\/\/www.vorspeisenplatte.de\/speisen\/wp-json\/wp\/v2\/comments?post=68000"}],"version-history":[{"count":3,"href":"https:\/\/www.vorspeisenplatte.de\/speisen\/wp-json\/wp\/v2\/posts\/68000\/revisions"}],"predecessor-version":[{"id":68025,"href":"https:\/\/www.vorspeisenplatte.de\/speisen\/wp-json\/wp\/v2\/posts\/68000\/revisions\/68025"}],"wp:attachment":[{"href":"https:\/\/www.vorspeisenplatte.de\/speisen\/wp-json\/wp\/v2\/media?parent=68000"}],"wp:term":[{"taxonomy":"category","embeddable":true,"href":"https:\/\/www.vorspeisenplatte.de\/speisen\/wp-json\/wp\/v2\/categories?post=68000"},{"taxonomy":"post_tag","embeddable":true,"href":"https:\/\/www.vorspeisenplatte.de\/speisen\/wp-json\/wp\/v2\/tags?post=68000"}],"curies":[{"name":"wp","href":"https:\/\/api.w.org\/{rel}","templated":true}]}}