{"id":68081,"date":"2021-06-11T06:36:15","date_gmt":"2021-06-11T04:36:15","guid":{"rendered":"https:\/\/www.vorspeisenplatte.de\/speisen\/?p=68081"},"modified":"2022-05-30T17:15:24","modified_gmt":"2022-05-30T15:15:24","slug":"journal-donnerstag-10-juni-2021-markus-ostermair-der-sandler","status":"publish","type":"post","link":"https:\/\/www.vorspeisenplatte.de\/speisen\/2021\/06\/journal-donnerstag-10-juni-2021-markus-ostermair-der-sandler.htm","title":{"rendered":"Journal Donnerstag, 10. Juni 2021 &#8211; Markus Ostermair, <i>Der Sandler<\/i>"},"content":{"rendered":"<p>Richtig gut geschlafen! Tief und bis Weckerklingeln!<\/p>\n<p>Morgens am Laptop bearbeitete ich die Rechnung f\u00fcr die mittw\u00f6chliche Schranklieferung &#8211; um festzustellen, dass ich lediglich die Schrankt\u00fcren bestellt hatte (und auf diese vier Wochen gewartet). Also bestellte ich den Korpus nach (wird ein teurer Schrank), Lieferzeit acht Wochen &#8211; *schluchz*.<\/p>\n<p>Da sch\u00f6nes Wetter vorhergesagt wird, hoffte ich auf eine Schwimmm\u00f6glichkeit am Sonntag und ging auf die Reservierungsseite: Das Schyrenbad war bereits ausgebucht, ich schaute versuchsweise zum Dantebad (hat auch eine 50-Meter-Bahn) &#8211; und da gab&#8217;s noch Schwimm am Sonntag! Bevor ich lang \u00fcberlegte, ob mir geheiztes Wasser und Bahnenziehen unter R\u00fcckenpaddlerinnen auch wirklich gefallen w\u00fcrde, holte ich mir erst mal einen Slot.<\/p>\n<p>Im Lauf des Vormittags plagte mich wieder Kopfweh, im Grunde wartet wahrscheinlich die Migr\u00e4ne auf ihr gro\u00dfes Comeback.<\/p>\n<p>Zu Mittag gab es Sahnequark mit Joghurt, nachmittags brauchte ich wieder \u00dcberbr\u00fcckungsschokolade.<\/p>\n<p>Nachmittags wurde es richtig sonnig und schw\u00fcl-warm, ich k\u00e4mpfte mit gro\u00dfer M\u00fcdigkeit.<\/p>\n<p>Auf dem Heimweg Erdbeeren f\u00fcrs Abendessen besorgt. Die gab es mit Schlagsahne nach dem Ernteanteil-Salat, in den ich ein Restst\u00fcck Feta gemischt hatte.<\/p>\n<p>\u00a7<\/p>\n<p><a href=\"https:\/\/twitter.com\/IrgendwieJuna\/status\/1402696282129448964\" target=\"_blank\" rel=\"noopener\">Alltagstrick gegen fliegende Sommerr\u00f6cke beim Radeln.<\/a><br \/>\n(D\u00fcrfen halt nicht knitterempfindlich sein.)<\/p>\n<p>\u00a7<\/p>\n<p><a href=\"https:\/\/www.vorspeisenplatte.de\/speisen\/archiv\/buch_ostermair.jpg\"><img loading=\"lazy\" decoding=\"async\" class=\"alignnone size-full wp-image-67700\" src=\"https:\/\/www.vorspeisenplatte.de\/speisen\/archiv\/buch_ostermair.jpg\" alt=\"\" width=\"150\" height=\"251\" \/><\/a><\/p>\n<p>Mittwochabend hatte ich Markus Ostermair, <i>Der Sandler<\/i> ausgelesen, ein beeindruckendes Romandebut, das die Welt der Obdachlosen in M\u00fcnchen durchspielt. Deren Alltag, sonst nur Requisite von eigentlicher Romanhandlung, wird mit vielen kundigen Details erz\u00e4hlt, die in ihrem Realismus an eine Sozialreportage erinnern &#8211; w\u00e4ren sie nicht so behutsam geschildert, zeichneten sie nicht oft sogar poetische Beziehungen zwischen Au\u00dfen und Innnen.<\/p>\n<p>Das Resultat der \u00e4u\u00dfersten sprachlichen und strukturellen Sorgfalt ist keine Freiheitsromantik (die beim Thema Obdachlosigkeit nur verlogen sein k\u00f6nnte), sondern Mitgef\u00fchl. Es gibt keine L\u00f6sungsvorschl\u00e4ge, keine Urteile, statt dessen Sichtbarmachen, Bedeutunggeben, Hinschauen und den Anblick Ertragen.<\/p>\n<p>Die Handlung erleben wir zum gr\u00f6\u00dften Teil aus der Perspektive der zentralen Figur Karl (manchmal als innerer Monolog). Andere Kapitel werden personal erz\u00e4hlt aus Sicht anderer Obdachloser oder Sozialarbeiterinnen. Dadurch entsteht ein vielf\u00e4ltiges Bild aus sehr unterschiedlichen Individuen, mit verschiedenem Bildungsniveau, aus verschiedenen Gegenden der Welt, jeder und jede mit einem anderen Temperament und Charakter. Die Obdachlosen, bayerisch &#8220;Sandler&#8221;,\u00a0sind aus den verschiedensten Ursachen auf der Stra\u00dfe gelandet. Und die meisten dieser be\u00e4ngstigend komplexen Ursachen, \u00e4u\u00dfere wie innerere, verhindern, dass sie in ein gesicherteres Leben finden.<\/p>\n<p>Die vielen Alltagsdetails \u00fcber Teestuben, Kleiderausgabe, Betteln schaffen eine N\u00e4he zu den Figuren, die mich oft bis an den Rand des Ertr\u00e4glichen bedr\u00fcckte. Als Bewohnerin des Bahnhofsviertels geh\u00f6ren diese Menschen und Themen seit Jahrzehnten zu meinen allt\u00e4glichen Anblicken (unter anderem deshalb wei\u00df ich sie vom Gschwerl im Nu\u00dfbaumpark zu unterscheiden &#8211; die in einem Kapitel als &#8220;die Besuffkis&#8221; vom Nu\u00dfbaumpark auftauchen und gerade <em>nicht<\/em> zum Personal des Romans geh\u00f6ren).<\/p>\n<p>Die Ansiedlung des Romans im heutigen und realen M\u00fcnchen ist ein wirkungsvoller Kunstgriff: Das abgundtiefe Elend der Schilderungen findet vor der Glitzerkulisse einer oft absto\u00dfend reichen Stadt statt.<\/p>\n<p>Auch sprachlich ist der Roman vielf\u00e4ltig (vielleicht sogar ein wenig \u00fcberbordend): Verschiedene Tonlagen und Sprachstile, dazwischen kursiv gesetzt die auf Zetteln hinterlassenen Fragmente des Philosophen Lenz, den Karl auf der Stra\u00dfe vor die Hunde hat gehen sehen, und der sich seinen Traum von einer besseren Welt von der Seele geschrieben hat.<\/p>\n<p>Lesevergn\u00fcgen bereitet der Roman ganz sicher nicht; ich las auch deshalb so lange daran, weil es mich immer wieder eine gewissen \u00dcberwindung kostete, in diese brutale Welt einzutauchen, in der der Alltag nur aus Gefahren besteht und in der es keine erstrebenswerte Zukunft zu geben scheint. Dennoch gro\u00dfe Empfehlung, in deutschsprachiger Literatur hatte ich das nicht erwartet.<\/p>\n<p>Empfehlenswerte Besprechung von Alex R\u00fchle in der <i>S\u00fcddeutschen Zeitung<\/i> (auch wenn er St. Matth\u00e4us &#8220;Markuskirche&#8221; nennt):<br \/>\n<a href=\"https:\/\/www.sueddeutsche.de\/kultur\/ostermair-sandler-obdachlos-muenchen-1.5145051\" target=\"_blank\" rel=\"noopener\">&#8220;Ein Wunder namens Wohnung&#8221;.<\/a> <img loading=\"lazy\" decoding=\"async\" src=\"https:\/\/vg07.met.vgwort.de\/na\/9121b80d24254b558bca98f5d9986a4d\" width=\"1\" height=\"1\" alt=\"\"\/><\/p>\n","protected":false},"excerpt":{"rendered":"<p>Richtig gut geschlafen! Tief und bis Weckerklingeln! Morgens am Laptop bearbeitete ich die Rechnung f\u00fcr die mittw\u00f6chliche Schranklieferung &#8211; um festzustellen, dass ich lediglich die Schrankt\u00fcren bestellt hatte (und auf diese vier Wochen gewartet). Also bestellte ich den Korpus nach (wird ein teurer Schrank), Lieferzeit acht Wochen &#8211; *schluchz*. Da sch\u00f6nes Wetter vorhergesagt wird, hoffte [&hellip;]<\/p>\n","protected":false},"author":2,"featured_media":0,"comment_status":"open","ping_status":"closed","sticky":false,"template":"","format":"standard","meta":{"footnotes":""},"categories":[3,1],"tags":[],"class_list":["post-68081","post","type-post","status-publish","format-standard","hentry","category-bucher","category-general"],"_links":{"self":[{"href":"https:\/\/www.vorspeisenplatte.de\/speisen\/wp-json\/wp\/v2\/posts\/68081","targetHints":{"allow":["GET"]}}],"collection":[{"href":"https:\/\/www.vorspeisenplatte.de\/speisen\/wp-json\/wp\/v2\/posts"}],"about":[{"href":"https:\/\/www.vorspeisenplatte.de\/speisen\/wp-json\/wp\/v2\/types\/post"}],"author":[{"embeddable":true,"href":"https:\/\/www.vorspeisenplatte.de\/speisen\/wp-json\/wp\/v2\/users\/2"}],"replies":[{"embeddable":true,"href":"https:\/\/www.vorspeisenplatte.de\/speisen\/wp-json\/wp\/v2\/comments?post=68081"}],"version-history":[{"count":3,"href":"https:\/\/www.vorspeisenplatte.de\/speisen\/wp-json\/wp\/v2\/posts\/68081\/revisions"}],"predecessor-version":[{"id":76849,"href":"https:\/\/www.vorspeisenplatte.de\/speisen\/wp-json\/wp\/v2\/posts\/68081\/revisions\/76849"}],"wp:attachment":[{"href":"https:\/\/www.vorspeisenplatte.de\/speisen\/wp-json\/wp\/v2\/media?parent=68081"}],"wp:term":[{"taxonomy":"category","embeddable":true,"href":"https:\/\/www.vorspeisenplatte.de\/speisen\/wp-json\/wp\/v2\/categories?post=68081"},{"taxonomy":"post_tag","embeddable":true,"href":"https:\/\/www.vorspeisenplatte.de\/speisen\/wp-json\/wp\/v2\/tags?post=68081"}],"curies":[{"name":"wp","href":"https:\/\/api.w.org\/{rel}","templated":true}]}}