{"id":68783,"date":"2021-07-09T06:30:35","date_gmt":"2021-07-09T04:30:35","guid":{"rendered":"https:\/\/www.vorspeisenplatte.de\/speisen\/?p=68783"},"modified":"2021-07-09T08:19:09","modified_gmt":"2021-07-09T06:19:09","slug":"journal-donnerstag-8-juli-2021-impfschutz-gesichert","status":"publish","type":"post","link":"https:\/\/www.vorspeisenplatte.de\/speisen\/2021\/07\/journal-donnerstag-8-juli-2021-impfschutz-gesichert.htm","title":{"rendered":"Journal Donnerstag, 8. Juli 2021 &#8211; Impfschutz gesichert"},"content":{"rendered":"<p>Verschlafen, weil ich den Wecker nicht gestellt hatte &#8211; schon l\u00e4nger nicht passiert. Herr Kaltmamsell weckte mich fast eine halbe Stunde nach meiner geplanten Weckzeit, weil ihm mein langes Schlafen komisch vorkam. Lustigerweise hatte ich im letzten Schlafabschnitt nach Aufwachen um dreiviertel f\u00fcnf mehrfach getr\u00e4umt, dass der Wecker klingelte.<\/p>\n<p>Drau\u00dfen war es grau und schw\u00fclk\u00fchl, also Jeans und Schn\u00fcrschuhe statt Sommerkleid und Sandalen. <\/p>\n<p>In der Arbeit viel Datenbank. Mittags ein dickes Butterbrot vom letzten selbst gebackenen Laib aus der Gefriere. Ich habe keinen rechten Antrieb f\u00fcr erneutes Selberbacken, bei uns wird so wenig Brot gegessen.<\/p>\n<p>Das Wetter blieb den ganzen Tag d\u00fcster, ich schaltete im B\u00fcro immer wieder das Licht an.<\/p>\n<p>Mein digitaler Impfnachweis in der Corona-Warn-App meldet zwei Wochen nach der zweiten Impfung &#8220;G\u00fcltig&#8221;, ein wenig erleichternd &#8211; ich bin mir ja dessen bewusst, dass ich mich dennoch infizieren und andere anstecken kann. Jetzt bin ich &#8220;ein Geist&#8221;, wie es eine Kollegin ausdr\u00fcckte: In begrenzten Menschengruppen z\u00e4hle ich nicht mehr. Die Infektionszahlen in Deutschland steigen langsam wieder, in England (wo es schon jetzt nur noch wenige Beschr\u00e4nkungen gibt, die bis 19. Juli ganz fallen sollen) steigen sie stark (Inzidenz 281), weitere Spitzenreiter: Spanien (190), Portugal (162) und Luxemburg (154), <a href=\"https:\/\/www.corona-in-zahlen.de\/europa\/\" rel=\"noopener\" target=\"_blank\">Quelle<\/a>. Hierzulande gibt es zumindest inzwischen gen\u00fcgend Impf-Kapazit\u00e4ten f\u00fcr alle, jetzt wird sich herausstellen, wie es um die Impfbereitschaft in der Bev\u00f6lkerung \u00fcber 12 Jahren (<del datetime=\"2021-07-09T06:16:55+00:00\">ab diesem Alter gilt die Empfehlung der Impfkommission<\/del><i>Korrektur, danke f\u00fcr den Hinweis: Die Impfkommission empfiehlt sogar erst ab 17, aber alle derzeit in Deutschland zugelassenen Impfstoffe sind auch f\u00fcr Kinder und Jugendliche ab 12 Jahren zugelassen<\/i>.) wirklich bestellt ist.<\/p>\n<p>Nachmittags wurde aus D\u00fcster Regen, ich war froh um meinen Notschirm in der Schreibtischschublade. Meinen Heimweg legte ich \u00fcber Eink\u00e4ufe im Vollcorner, vor allem Obst und Gem\u00fcse von der Einkaufsliste und f\u00fcr Brotzeit.<\/p>\n<p>Zu Hause hatte Herr Kaltmamsell den Salat aus frisch geholtem Ernteanteil bereits gewaschen, ich machte wieder ein Joghurt-Meerrettich-Dressing und schnitt zugekaufte Tomaten hinein. Endg\u00fcltige S\u00e4ttigung durch Schokolade und Kekse.<\/p>\n<p>\u00a7<\/p>\n<blockquote><p>Es ist schwindelerregend, in diesen Tagen in Gro\u00dfbritannien zu leben, wenn man ein gutes Ged\u00e4chtnis hat. Leben unter der Johnson-Regierung hei\u00dft, dass alles, was heute politisch erkl\u00e4rt wird, morgen bereits anders ist. Was man erinnert, hat so nie stattgefunden. Was Johnson getan hat, war gar nicht so, oder es war jemand anders. Boris Johnson ist mit L\u00fcgen, Halbwahrheiten und T\u00e4uschungsman\u00f6vern an die Macht gekommen. Als Premierminister werde er sich das dauerhaft nicht leisten k\u00f6nnen, hofften 2019 Parteifreunde und Kritiker, denen die Zukunft Gro\u00dfbritanniens am Herzen lag.<\/p>\n<p>Anderthalb Jahre nach seinem triumphalen Wahlsieg ist das Gegenteil eingetreten. Johnson ist sich treu geblieben und damit so popul\u00e4r wie nie.<\/p><\/blockquote>\n<p>So beginnt Annette Dittert, vielgeplagte und hochgesch\u00e4tzte Leiterin des ARD-Studios in London, ihre bedr\u00fcckende Analyse:<br \/>\n<a href=\"https:\/\/www.blaetter.de\/ausgabe\/2021\/juli\/die-politik-der-luege\" rel=\"noopener\" target=\"_blank\">&#8220;Die Politik der L\u00fcge<br \/>\nBoris Johnson und die Aush\u00f6hlung des Rechtsstaats&#8221;.<\/a><\/p>\n<p>via <a href=\"https:\/\/twitter.com\/mspro\" rel=\"noopener\" target=\"_blank\">@mspro<\/a><\/p>\n<blockquote><p>Die eigentlichen L\u00fcgen sind dabei nur ein Teil des Problems; das gr\u00f6\u00dfere ist das Verwischen der Wahrheit hinter \u201eBullshit\u201c, wie es der amerikanische Philosoph Harry G. Frankfurt bereits Ende der 1980er Jahre analysierte. Wer l\u00fcgt, muss die Wahrheit kennen, die Tatsachen als Referenzsystem im Auge behalten. Damit beh\u00e4lt die Wahrheit letztendlich ihre G\u00fcltigkeit. Dem \u201eBullshitter\u201c hingegen, und das h\u00e4lt Frankfurt f\u00fcr wesentlich, ist die Wahrheit gleichg\u00fcltig; er nimmt es mit ihr und den Fakten einfach nicht genau. Ihn interessiert nicht, wie es in \u201eWirklichkeit\u201c ist. Ihn interessiert nur, mit seinen Behauptungen durchzukommen. Er biegt sich alles so hin, wie er es braucht, um zu kaschieren, was er im Schilde f\u00fchrt. Er verwischt die Tatsachen als Referenz und untergr\u00e4bt damit die politische Kultur einer Demokratie, die auf die Unterscheidung von wahr und falsch angewiesen ist.<\/p><\/blockquote>\n<p>(&#8230;)<\/p>\n<blockquote><p>Die gro\u00dfe Frage ist nun aber, wer diese Angriffe \u00f6ffentlich thematisieren und r\u00fcckg\u00e4ngig machen soll \u2013 und wer das \u00fcberhaupt kann. Tats\u00e4chlich ist n\u00e4mlich gerade die britische Demokratie besonders schlecht ger\u00fcstet gegen Angriffe dieser Art. Anders als in den USA, in der die Trump-\u00c4ra (vorerst) beendet werden konnte, gibt es im Vereinigten K\u00f6nigreich kein System der <em>checks and balances<\/em>, keine zusammenh\u00e4ngend geschriebene, kodifizierte Verfassung, auf die man in Krisenzeiten zur\u00fcckgreifen k\u00f6nnte. Die britische Verfassung ist stattdessen ein fragiles Geflecht von Konventionen, uralten Regeln und Pr\u00e4zedenzf\u00e4llen ohne eindeutige Regelungen, was wann gilt und wie das von wem entschieden wird. Es funktionierte bislang nach dem sogenannten <em>Good-Chaps<\/em>-Prinzip, also der Annahme, dass moralisch integre Politiker die Seele dieses Durcheinanders schon richtig interpretieren w\u00fcrden. Die Briten sind damit letztlich auf den guten Willen ihrer einmal gew\u00e4hlten Regierung angewiesen. Ein Premierminister, der sich bewusst nicht mehr an die Regeln und den Geist dieser ungeschriebenen Verfassung halten will, deren Prinzipien gar aktiv zu zerst\u00f6ren versucht, ist ein Fall, der nicht vorgesehen ist und f\u00fcr den es deshalb auch kaum Gegenmittel gibt.<\/p><\/blockquote>\n<p> <img loading=\"lazy\" decoding=\"async\" src=\"https:\/\/vg07.met.vgwort.de\/na\/8de4a36b11334ef18dbf1e339da69025\" width=\"1\" height=\"1\" alt=\"\"\/><\/p>\n","protected":false},"excerpt":{"rendered":"<p>Verschlafen, weil ich den Wecker nicht gestellt hatte &#8211; schon l\u00e4nger nicht passiert. Herr Kaltmamsell weckte mich fast eine halbe Stunde nach meiner geplanten Weckzeit, weil ihm mein langes Schlafen komisch vorkam. Lustigerweise hatte ich im letzten Schlafabschnitt nach Aufwachen um dreiviertel f\u00fcnf mehrfach getr\u00e4umt, dass der Wecker klingelte. Drau\u00dfen war es grau und schw\u00fclk\u00fchl, [&hellip;]<\/p>\n","protected":false},"author":2,"featured_media":0,"comment_status":"open","ping_status":"closed","sticky":false,"template":"","format":"standard","meta":{"footnotes":""},"categories":[1],"tags":[],"class_list":["post-68783","post","type-post","status-publish","format-standard","hentry","category-general"],"_links":{"self":[{"href":"https:\/\/www.vorspeisenplatte.de\/speisen\/wp-json\/wp\/v2\/posts\/68783","targetHints":{"allow":["GET"]}}],"collection":[{"href":"https:\/\/www.vorspeisenplatte.de\/speisen\/wp-json\/wp\/v2\/posts"}],"about":[{"href":"https:\/\/www.vorspeisenplatte.de\/speisen\/wp-json\/wp\/v2\/types\/post"}],"author":[{"embeddable":true,"href":"https:\/\/www.vorspeisenplatte.de\/speisen\/wp-json\/wp\/v2\/users\/2"}],"replies":[{"embeddable":true,"href":"https:\/\/www.vorspeisenplatte.de\/speisen\/wp-json\/wp\/v2\/comments?post=68783"}],"version-history":[{"count":3,"href":"https:\/\/www.vorspeisenplatte.de\/speisen\/wp-json\/wp\/v2\/posts\/68783\/revisions"}],"predecessor-version":[{"id":68810,"href":"https:\/\/www.vorspeisenplatte.de\/speisen\/wp-json\/wp\/v2\/posts\/68783\/revisions\/68810"}],"wp:attachment":[{"href":"https:\/\/www.vorspeisenplatte.de\/speisen\/wp-json\/wp\/v2\/media?parent=68783"}],"wp:term":[{"taxonomy":"category","embeddable":true,"href":"https:\/\/www.vorspeisenplatte.de\/speisen\/wp-json\/wp\/v2\/categories?post=68783"},{"taxonomy":"post_tag","embeddable":true,"href":"https:\/\/www.vorspeisenplatte.de\/speisen\/wp-json\/wp\/v2\/tags?post=68783"}],"curies":[{"name":"wp","href":"https:\/\/api.w.org\/{rel}","templated":true}]}}