{"id":68946,"date":"2021-07-16T06:27:25","date_gmt":"2021-07-16T04:27:25","guid":{"rendered":"https:\/\/www.vorspeisenplatte.de\/speisen\/?p=68946"},"modified":"2021-07-16T06:27:25","modified_gmt":"2021-07-16T04:27:25","slug":"journal-donnerstag-15-juli-2021-haare-ab-und-heimische-folgen-der-klimakrise","status":"publish","type":"post","link":"https:\/\/www.vorspeisenplatte.de\/speisen\/2021\/07\/journal-donnerstag-15-juli-2021-haare-ab-und-heimische-folgen-der-klimakrise.htm","title":{"rendered":"Journal Donnerstag, 15. Juli 2021 &#8211; Haare ab und heimische Folgen der Klimakrise"},"content":{"rendered":"<p>Vom Wecker nach nahezu durchgeschlafener Nacht (!) aus Tiefschlaf gerissen.<\/p>\n<p>Drau\u00dfen war es grau und k\u00fchl. Im B\u00fcro musste ich die meiste Zeit das Fenster zubehalten, weil es sonst zu kalt wurde. Seltamer Juli.<\/p>\n<p>Mittags a\u00df ich die andere H\u00e4lfte meines Glases selbst gemachten Tsatsikis mit einer weiteren K\u00f6rnersemmel (eine &#8220;Kernige&#8221; vom Wimmer, f\u00fcr die ich morgens eigens einen Umweg gegangen war). Gestern brauchte ich allerdings nachmittags noch ein St\u00fcck Schokolade.<\/p>\n<p>Highlight gestern nach Feierabend: Friseurtermin. Nachdem dieser dreimal verschoben worden war, rechnete ich bis zuletzt mit einer Absage, doch bis ich kurz nach f\u00fcnf vom B\u00fcro aufbrach, kam nichts. Auf meinem Weg fing es wieder an zu regnen, doch ich wurde nur etwas feucht.<\/p>\n<p>Und dann bekam ich tats\u00e4chlich die Haare geschnitten! Von meinem vertrauten Haarschneider! Das Ergebnis war nicht ganz so kurz wie schon mal (das erledigen wir beim n\u00e4chsten Schnitt), aber es kam ausreichend weg.<\/p>\n<p><a href=\"https:\/\/www.vorspeisenplatte.de\/speisen\/archiv\/210715_02_Haare.jpg\"><img loading=\"lazy\" decoding=\"async\" src=\"https:\/\/www.vorspeisenplatte.de\/speisen\/archiv\/210715_02_Haare.jpg\" alt=\"\" width=\"363\" height=\"336\" class=\"alignnone size-full wp-image-68953\" \/><\/a><\/p>\n<p>Fu\u00df zum Gr\u00f6\u00dfenvergleich. (Meinen Kopf fotografiere ich dieser Tage schon auch noch.)<\/p>\n<p>Au\u00dferdem hatten wir einander sehr viel zu erz\u00e4hlen \u00fcber die Zeit seit vergangenen November, als er mir zuletzt die Haare geschnitten hatte, leider nicht nur Sch\u00f6nes.<\/p>\n<p>U-Bahn nach Hause, wo Herr Kaltmamsell bereits den Salat aus frisch geholtem Ernteanteil gewaschen hatte. Ich machte ihn mit Tahini-Dressing an, mischte ein Glas abgetropfte S\u00fc\u00dflupinenkerne unter, die ich bei einem Einkauf im Vollcorner entdeckt hatte &#8211; gut! Zum Nachtisch eine spanische Madalena, die ich Mittwochabend bei Mittemeer besorgt hatte: Schmeckte tats\u00e4chlich wie die meiner Kindheitsurlaube, als sie in Sep\u00falveda beim Panadero gekauft wurden.<\/p>\n<p>Ich war so sp\u00e4t heimgekommen, dass ich meine t\u00e4gliche Dosis 20-Uhr-<i>Tagesschau<\/i> hintergergucken musste: Nach den gestrigen \u00dcberschwemmungen in NRW und Rheinland-Pfalz (heftige Regenf\u00e4lle) war von 45 Todesopfern die Rede, ganze H\u00e4use wurden weggeschwemmt. Klimaforschende sind sich einig, dass diese Extremwetterereignisse, wie sie sich in den vergangenen Jahren auch in Europa h\u00e4ufen, direkte Auswirkungen der Klimakrise sind. Ebenso wie die <a href=\"https:\/\/www.nytimes.com\/2021\/07\/08\/us\/heat-wave-warning-california.html\" rel=\"noopener\" target=\"_blank\">Hitze und D\u00fcrre in Kalifornien<\/a> (der Fluss Sacramento ist so warm geworden, <a href=\"https:\/\/www.nytimes.com\/2021\/07\/15\/us\/salmon-sacramento-river.html\" rel=\"noopener\" target=\"_blank\">dass junge Lachse daraus gerettet werden m\u00fcssen, weil sie sonst verenden w\u00fcrden<\/a>). <\/p>\n<p>\u00a7<\/p>\n<p>Wolfgang Blau schreibt \u00fcber Prozesse, die journalistische Berichterstattung \u00fcber die Klimakrise aus der Berichterstattung \u00fcber die Corona-Pandemie lernen kann &#8211; und welche nicht:<br \/>\n<a href=\"https:\/\/www.niemanlab.org\/2021\/07\/if-youre-not-a-climate-reporter-yet-you-will-be-covid-19-coverage-offers-lessons-for-reporting-on-the-climate-crisis\" rel=\"noopener\" target=\"_blank\">&#8220;If you\u2019re not a climate reporter yet, you will be: Covid-19 coverage offers lessons for reporting on the climate crisis&#8221;.<\/a><\/p>\n<blockquote><p>\u201cThe last 18 months have been a step change for our newsroom,\u201d said Sven Stockrahm, science editor of German news organization Zeit Online. \u201cOf course, our workload has been staggering, but we are delighted to see how normal it has become for all teams in our newsroom to first consult with the science desk before publishing a story that deals with aspects of Covid-19.\u201d The degree of interdisciplinary collaboration with the science desk is new, and it could prove a model for how news organizations cover the climate crisis.<\/p><\/blockquote>\n<p>(&#8230;)<\/p>\n<blockquote><p>\u201cWe are not learning the lessons that the Covid-19 pandemic taught us, where we have a global crisis and the entire newsroom mobilizes to cover that crisis,\u201d said Emily Atkin, environment reporter and editor of the newsletter Heated, in a recent interview with CNN\u2019s Brian Stelter. \u201cWe understand that this infiltrates every single area of our life.\u201d She continued: \u201cThere is no excuse for a reporter today who doesn\u2019t understand the basic science of Covid-19. Why is it not the same for climate change? Everyone should be a climate reporter. And if you are not a climate reporter right now, you will be.\u201d<\/p><\/blockquote>\n<p>\u00a7<\/p>\n<p>Wieder geht durch die Schlagzeilen, Venedig habe das Einfahren riesiger Kreuzfahrtschiffe verboten, wieder stimmt das nicht so ganz. Wieder schimpft die Wahl-Venezianierin Petra Reski:<br \/>\n<a href=\"https:\/\/www.petrareski.com\/2021\/07\/14\/reingefallen\/\" rel=\"noopener\" target=\"_blank\">&#8220;Reingefallen&#8221;.<\/a><\/p>\n<p>Doch diesmal hat zumindest die <i>S\u00fcddeutsche Zeitung<\/i> genauer hingeschaut. Thomas Steinfeld (\u20ac):<br \/>\n<a href=\"https:\/\/www.sueddeutsche.de\/kultur\/venedig-kreuzfahrtschiffe-lagune-1.5351888?reduced=true\" rel=\"noopener\" target=\"_blank\">&#8220;Verduftet&#8221;.<\/a><\/p>\n<blockquote><p>Tats\u00e4chlich aber erweist sich auch sein j\u00fcngstes Dekret als eine Angelegenheit mit T\u00fccken.<br \/>\nSie beginnt damit, dass der Ministerrat die Reedereien (&#8230;) f\u00fcr die Verluste entsch\u00e4digen will, die ihnen durch die Verlegung der Routen entstehen. Diese Regelung nimmt sich einigerma\u00dfen absurd aus, da am Verkehr mit den Kreuzfahrtschiffen vor allem private Unternehmen verdienten, w\u00e4hrend die Sch\u00e4den, nicht zuletzt an den historischen Geb\u00e4uden Venedigs, mit \u00f6ffentlichen Mitteln beseitigt werden mussten.<\/p><\/blockquote>\n<p>(&#8230;)<\/p>\n<blockquote><p>Von besonderer T\u00fccke ist die Entscheidung des Ministerrats, die Kreuzfahrtschiffe in Zukunft zwar um die Altstadt herum, aber immer noch durch die Lagune zu leiten. Es gibt kein Venedig ohne die Lagune.<\/p><\/blockquote>\n<p>\u00a7<\/p>\n<p>Spot von Channel 4 zu den Paralympics 2020.<\/p>\n<blockquote><p>To be a Paralympian, there&#8217;s got to be something wrong with you<\/p><\/blockquote>\n<div class=\"video-wrapped\" style=\"width: 500px; height: 281px; background-image: url('https:\/\/www.vorspeisenplatte.de\/speisen\/wp-content\/plugins\/video-embed-privacy\/preview\/OjIP9EFbcWY.jpg')\" data-embed-frame=\"&lt;iframe title=&quot;Super. Human. | Tokyo 2020 Paralympic Games Trailer&quot; width=&quot;500&quot; height=&quot;281&quot; src=&quot;https:\/\/www.youtube.com\/embed\/OjIP9EFbcWY?feature=oembed&quot; frameborder=&quot;0&quot; allow=&quot;accelerometer; autoplay; clipboard-write; encrypted-media; gyroscope; picture-in-picture; web-share&quot; referrerpolicy=&quot;strict-origin-when-cross-origin&quot; allowfullscreen&gt;&lt;\/iframe&gt;\" data-embed-play=\"Abspielen&lt;div class=&quot;small&quot;&gt;Das Video wird von Youtube eingebettet abespielt. Es gilt die &lt;a href=&quot;https:\/\/www.google.com\/intl\/de\/policies\/privacy\/&quot; target=&quot;_blank&quot;&gt;Datenschutzerkl\u00e4rung von Google&lt;\/a&gt;&lt;\/div&gt;\">\n<div class=\"video-wrapped-nojs\">Aktivieren Sie JavaScript um das Video zu sehen.<br \/><a href=\"https:\/\/youtu.be\/OjIP9EFbcWY\">https:\/\/youtu.be\/OjIP9EFbcWY<\/a><\/div>\n<\/div>\n<p><img loading=\"lazy\" decoding=\"async\" src=\"https:\/\/vg07.met.vgwort.de\/na\/657e22b1775c43c6a5ecb2f693458d2e\" width=\"1\" height=\"1\" alt=\"\"\/><\/p>\n","protected":false},"excerpt":{"rendered":"<p>Vom Wecker nach nahezu durchgeschlafener Nacht (!) aus Tiefschlaf gerissen. Drau\u00dfen war es grau und k\u00fchl. Im B\u00fcro musste ich die meiste Zeit das Fenster zubehalten, weil es sonst zu kalt wurde. Seltamer Juli. Mittags a\u00df ich die andere H\u00e4lfte meines Glases selbst gemachten Tsatsikis mit einer weiteren K\u00f6rnersemmel (eine &#8220;Kernige&#8221; vom Wimmer, f\u00fcr die [&hellip;]<\/p>\n","protected":false},"author":2,"featured_media":0,"comment_status":"open","ping_status":"closed","sticky":false,"template":"","format":"standard","meta":{"footnotes":""},"categories":[2,1],"tags":[],"class_list":["post-68946","post","type-post","status-publish","format-standard","hentry","category-fotos","category-general"],"_links":{"self":[{"href":"https:\/\/www.vorspeisenplatte.de\/speisen\/wp-json\/wp\/v2\/posts\/68946","targetHints":{"allow":["GET"]}}],"collection":[{"href":"https:\/\/www.vorspeisenplatte.de\/speisen\/wp-json\/wp\/v2\/posts"}],"about":[{"href":"https:\/\/www.vorspeisenplatte.de\/speisen\/wp-json\/wp\/v2\/types\/post"}],"author":[{"embeddable":true,"href":"https:\/\/www.vorspeisenplatte.de\/speisen\/wp-json\/wp\/v2\/users\/2"}],"replies":[{"embeddable":true,"href":"https:\/\/www.vorspeisenplatte.de\/speisen\/wp-json\/wp\/v2\/comments?post=68946"}],"version-history":[{"count":3,"href":"https:\/\/www.vorspeisenplatte.de\/speisen\/wp-json\/wp\/v2\/posts\/68946\/revisions"}],"predecessor-version":[{"id":68961,"href":"https:\/\/www.vorspeisenplatte.de\/speisen\/wp-json\/wp\/v2\/posts\/68946\/revisions\/68961"}],"wp:attachment":[{"href":"https:\/\/www.vorspeisenplatte.de\/speisen\/wp-json\/wp\/v2\/media?parent=68946"}],"wp:term":[{"taxonomy":"category","embeddable":true,"href":"https:\/\/www.vorspeisenplatte.de\/speisen\/wp-json\/wp\/v2\/categories?post=68946"},{"taxonomy":"post_tag","embeddable":true,"href":"https:\/\/www.vorspeisenplatte.de\/speisen\/wp-json\/wp\/v2\/tags?post=68946"}],"curies":[{"name":"wp","href":"https:\/\/api.w.org\/{rel}","templated":true}]}}