{"id":68962,"date":"2021-07-17T09:07:25","date_gmt":"2021-07-17T07:07:25","guid":{"rendered":"https:\/\/www.vorspeisenplatte.de\/speisen\/?p=68962"},"modified":"2021-07-17T09:07:25","modified_gmt":"2021-07-17T07:07:25","slug":"journal-freitag-16-juli-2021-80-geburtstage-heute","status":"publish","type":"post","link":"https:\/\/www.vorspeisenplatte.de\/speisen\/2021\/07\/journal-freitag-16-juli-2021-80-geburtstage-heute.htm","title":{"rendered":"Journal Freitag, 16. Juli 2021 &#8211; 80. Geburtstage heute"},"content":{"rendered":"<p>Verdutzung beim ersten morgentlichen Blick in den Spiegel: etwas getrocknetes Blut auf der Unterlippe. Zweiter Blick: Bl\u00e4schen direkt dr\u00fcber auf Oberlippe. Ich griff sofort zur Herpes-Creme, auch nach Jahren ohne hatte ich sie griffbereit.<\/p>\n<p>Grauer, k\u00fchler, aber trockener Fu\u00dfweg in die Arbeit. Vormittags neben der Arbeit immer ein Seitenblick auf die Entwicklungen der \u00dcberschwemmungen in NRW und Rheinland-Pfalz: Die Nachrichten wurden erst mal immer schlimmer, mehr Tote, mehr \u00dcberschwemmungen, mehr Evakuiereungen, mehr zerst\u00f6rte H\u00e4user &#8211; furchtbar. Vorsichtiges Nachfragen in beruflicher Kommunikation mit Standorten in betroffenen Gebieten.<\/p>\n<p>Mittagessen: &#8220;Texas-Mischung&#8221; aus dem Glas (Bohnen, Mais, Paprika) und zwei riesige und \u00fcberraschend gut Flachpfirsiche.<\/p>\n<p>Freude \u00fcber die kurzen Haare, die ich nicht mehr aus dem Gesicht stecken muss (was den Stirnfransen allerdings bald <i>doch<\/i> passieren k\u00f6nnte).<\/p>\n<p><a href=\"https:\/\/www.vorspeisenplatte.de\/speisen\/archiv\/210716_10_Haarselfie.jpg\"><img loading=\"lazy\" decoding=\"async\" src=\"https:\/\/www.vorspeisenplatte.de\/speisen\/archiv\/210716_10_Haarselfie.jpg\" alt=\"\" width=\"288\" height=\"356\" class=\"alignnone size-full wp-image-68973\" \/><\/a><\/p>\n<p>Die Anweisung f\u00fcr den Friseur lautete \u00fcbrigens:<br \/>\nBitte sehr kurz, fransig, Ohren und Nacken frei. Und irgendeine klare Abgrenzung zu &#8220;praktischer Kurzhaarschnitt f\u00fcr Frauen \u00fcber 50&#8221;. Ich bin mit dem Ergebnis zufrieden, das n\u00e4chste Mal werden sie aber wirklich ganz kurz.<\/p>\n<p>Fr\u00fcher Feierabend, denn ich war in Augsburg zu einem 80. Familiengeburtstag eingeladen. Am Hauptbahnhof traf ich mich mit Herrn Kaltmamsell, in Augsburg wurden wir von seinen Eltern abgeholt und nach K\u00f6nigsbrunn gefahren.<\/p>\n<p>Ich freute mich \u00fcber das Wiedersehen mit zahlreichen Familienteilen, die ich wegen pandemischer Kontaktbeschr\u00e4nkungen seit anderthalb Jahren nicht mehr gesehen hatte. Es gab gutes Essen (ich hatte Salat und Fisch), viele Gespr\u00e4che und Informationen. Und das Erstaunen, wie fit und mitten im Leben 80-j\u00e4hrige heutzutage sind.<\/p>\n<p><a href=\"https:\/\/www.vorspeisenplatte.de\/speisen\/archiv\/210716_11_Gerda80Geburstag.jpg\"><img loading=\"lazy\" decoding=\"async\" src=\"https:\/\/www.vorspeisenplatte.de\/speisen\/archiv\/210716_11_Gerda80Geburstag.jpg\" alt=\"\" width=\"483\" height=\"371\" class=\"alignnone size-full wp-image-68974\" \/><\/a><\/p>\n<p>Herrn Kaltmamsells Eltern brachten uns auch wieder zur\u00fcck zum Bahnhof, um f\u00fcr uns spektakul\u00e4re Mitternacht waren wir im Bett.<\/p>\n<p>\u00a7<\/p>\n<p>Auch wenn Klimapolitik ein zentrales Thema der Bundestagswahl ist, sollten andere Zukunftsthemen nicht vergessen werden, z.B. Einwanderung. <a href=\"https:\/\/twitter.com\/tagesthemen\/status\/1415416577261019138\" rel=\"noopener\" target=\"_blank\">Ein kluger Kommentar von Alice Hasters in den Tagesthemen.<\/a><\/p>\n<p>\u00a7<\/p>\n<p><a href=\"https:\/\/www.extraprimagood.de\/2021\/07\/02\/kostproben-aus-ingolstadt-8\/\" rel=\"noopener\" target=\"_blank\">Steinmarder-Niedlichkeit \u00fcber den D\u00e4chern meiner Geburtstadt.<\/a> <img loading=\"lazy\" decoding=\"async\" src=\"https:\/\/vg07.met.vgwort.de\/na\/793ddddc28c84a0c8ab6ff81ada1ed36\" width=\"1\" height=\"1\" alt=\"\"\/><\/p>\n","protected":false},"excerpt":{"rendered":"<p>Verdutzung beim ersten morgentlichen Blick in den Spiegel: etwas getrocknetes Blut auf der Unterlippe. Zweiter Blick: Bl\u00e4schen direkt dr\u00fcber auf Oberlippe. Ich griff sofort zur Herpes-Creme, auch nach Jahren ohne hatte ich sie griffbereit. Grauer, k\u00fchler, aber trockener Fu\u00dfweg in die Arbeit. Vormittags neben der Arbeit immer ein Seitenblick auf die Entwicklungen der \u00dcberschwemmungen in [&hellip;]<\/p>\n","protected":false},"author":2,"featured_media":0,"comment_status":"open","ping_status":"closed","sticky":false,"template":"","format":"standard","meta":{"footnotes":""},"categories":[2,1],"tags":[],"class_list":["post-68962","post","type-post","status-publish","format-standard","hentry","category-fotos","category-general"],"_links":{"self":[{"href":"https:\/\/www.vorspeisenplatte.de\/speisen\/wp-json\/wp\/v2\/posts\/68962","targetHints":{"allow":["GET"]}}],"collection":[{"href":"https:\/\/www.vorspeisenplatte.de\/speisen\/wp-json\/wp\/v2\/posts"}],"about":[{"href":"https:\/\/www.vorspeisenplatte.de\/speisen\/wp-json\/wp\/v2\/types\/post"}],"author":[{"embeddable":true,"href":"https:\/\/www.vorspeisenplatte.de\/speisen\/wp-json\/wp\/v2\/users\/2"}],"replies":[{"embeddable":true,"href":"https:\/\/www.vorspeisenplatte.de\/speisen\/wp-json\/wp\/v2\/comments?post=68962"}],"version-history":[{"count":3,"href":"https:\/\/www.vorspeisenplatte.de\/speisen\/wp-json\/wp\/v2\/posts\/68962\/revisions"}],"predecessor-version":[{"id":68979,"href":"https:\/\/www.vorspeisenplatte.de\/speisen\/wp-json\/wp\/v2\/posts\/68962\/revisions\/68979"}],"wp:attachment":[{"href":"https:\/\/www.vorspeisenplatte.de\/speisen\/wp-json\/wp\/v2\/media?parent=68962"}],"wp:term":[{"taxonomy":"category","embeddable":true,"href":"https:\/\/www.vorspeisenplatte.de\/speisen\/wp-json\/wp\/v2\/categories?post=68962"},{"taxonomy":"post_tag","embeddable":true,"href":"https:\/\/www.vorspeisenplatte.de\/speisen\/wp-json\/wp\/v2\/tags?post=68962"}],"curies":[{"name":"wp","href":"https:\/\/api.w.org\/{rel}","templated":true}]}}