{"id":69343,"date":"2021-08-01T08:48:39","date_gmt":"2021-08-01T06:48:39","guid":{"rendered":"https:\/\/www.vorspeisenplatte.de\/speisen\/?p=69343"},"modified":"2023-08-07T15:28:15","modified_gmt":"2023-08-07T13:28:15","slug":"journal-samstag-31-juli-2021-draussenschwumm-und-mehr-ueber-neuronale-netze","status":"publish","type":"post","link":"https:\/\/www.vorspeisenplatte.de\/speisen\/2021\/08\/journal-samstag-31-juli-2021-draussenschwumm-und-mehr-ueber-neuronale-netze.htm","title":{"rendered":"Journal Samstag, 31. Juli 2021 &#8211; Drau\u00dfenschwumm und mehr \u00fcber neuronale Netze"},"content":{"rendered":"<p>Ausgeschlafen bis um sieben, zerst\u00fcckelt, aber ohne l\u00e4ngere Pausen.<\/p>\n<p>Sportplan des Samstags war Schwimmen. Ich hatte eigentlich zum Olympiabad rausradeln wollen, doch entgegen der Vorhersage war das Wetter nicht k\u00fchl und nass: Gemischtwolkiger Himmel mit Sonnenl\u00f6chern, milde Luft. Ich sah also nach, ob das Schyrenbad noch Schwimmpl\u00e4tze offen hatte &#8211; und konnte buchen! Auch dorthin nahm ich das Rad, \u00fcbers Wochenende wollte ich das schmerzende Scheinbein schonen und mich zu so wenig Fu\u00dfwegen wie m\u00f6glich zwingen (was das mit der Schrittz\u00e4hl-Statistik in meinem Handy anrichten w\u00fcrde!).<\/p>\n<p>Schon um halb zehn war ich im Becken und schwamm los, \u00fcber mal sonnenglitzerndem, mal fahlgrauem Stahlboden 2600 Meter. Die Bahnen waren mitteldicht besetzt, ich geh\u00f6rte zu den langsamen Schwimmerinnen und hielt mich so weit wie m\u00f6glich au\u00dfen, um gut \u00fcberholbar zu sein. Hin und wieder wurde mir kalt, dann schwamm ich einige Zeit mit mehr Kraft. Kaum k\u00f6rperlichen Beschwerden, lediglich hin und wieder Krampf-Ans\u00e4tze in Waden und Zehen wie schon beim Yoga am Vorabend.<\/p>\n<p>In den Duschen geriet ich in einen Schichtwechsel und musste auf einen freien Platz warten &#8211; es waren zum Abstandhalten nur die H\u00e4lfte der Duschen freigegeben. Cremen, Haaref\u00f6nen, ich merkte mal wieder, wie gut mir Schwimmen tut.<\/p>\n<p><a href=\"https:\/\/www.vorspeisenplatte.de\/speisen\/archiv\/210731_02_Schyrenbad.jpg\"><img loading=\"lazy\" decoding=\"async\" src=\"https:\/\/www.vorspeisenplatte.de\/speisen\/archiv\/210731_02_Schyrenbad.jpg\" alt=\"\" width=\"363\" height=\"454\" class=\"alignnone size-full wp-image-69383\" \/><\/a><\/p>\n<p><a href=\"https:\/\/www.vorspeisenplatte.de\/speisen\/archiv\/210731_03_Schyrenbad.jpg\"><img loading=\"lazy\" decoding=\"async\" src=\"https:\/\/www.vorspeisenplatte.de\/speisen\/archiv\/210731_03_Schyrenbad.jpg\" alt=\"\" width=\"588\" height=\"441\" class=\"alignnone size-full \" \/><\/a><\/p>\n<p>Fl\u00fcchtiger Sonnenmoment beim Verlassen des Schyrenbads.<\/p>\n<p>Auf dem Heimweg hielt ich an f\u00fcr ein paar Eink\u00e4ufe im Biomarkt Schmatz (\u00d6ko aus Zeiten der Strickl\u00e4den mit \u00e4hnlicher Art von Namen), daheim gab&#8217;s erst mal eine gro\u00dfe Tasse Tee.<\/p>\n<p>Vor ein paar Wochen hatte Herr Kaltmamsell eine Online-Fortbildung zu k\u00fcnstlicher Intelligenz \/ neuronalen Systemen gegeben: Das hatte mich sehr interessiert, gestern bekam ich die Fortbildung einzeln. Damit das online funktionierte, sa\u00df Herr Kaltmamsell an seinem Schreibtisch, ich in der K\u00fcche. Einen Vorl\u00e4ufer der Erkl\u00e4rung <a href=\"https:\/\/www.herr-rau.de\/wordpress\/2020\/08\/ki-fast-alles-was-ich-darueber-weiss-teil-3.htm\" rel=\"noopener\" target=\"_blank\">hatte er vor einem Jahr schon mal verbloggt<\/a>, jetzt hatte er auch ein Maschinchen programmiert, mit dem er verschiedene Ebenen neuronaler Netze und verschiedene Funktionen live vorf\u00fchren konnte. Ich bilde mir ein, das meiste verstanden zu haben, sah mich auch darin best\u00e4tigt, dass in den wenigsten F\u00e4llen, in denen &#8220;KI&#8221; draufsteht, auch KI drin ist, und wenn, dann h\u00f6chstens schwache KI. Das Zitat dazu aus Herrn Kaltmamsells Vortrag:<\/p>\n<blockquote><p>As soon as it works, no one calls it AI anymore.<br \/>\n(John McCarthy)<\/p><\/blockquote>\n<p>Jetzt hatte ich aber ordentlich Hunger: Herr Kaltmamsell hatte aus Erntanteil-Sellerie einen Sellerie-Apfel-Walnusssalat gemacht, au\u00dferdem schnippelte ich mir Pfirsich (gut!) mit Tomate zusammen.<\/p>\n<p>Am Vorabend hatte ich nach Jahren mal wieder No-knead-bread angesetzt, also <a href=\"https:\/\/www.vorspeisenplatte.de\/rezepte\/brot-ohne-kneten.htm\" rel=\"noopener\" target=\"_blank\">Brot ohne Kneten<\/a>. Jetzt war es Zeit f\u00fcr die Handgriffe bis St\u00fcckgare.<\/p>\n<p>W\u00e4hrend der Teig tat, was er tun musste, legte ich mich f\u00fcr ein St\u00fcndchen Siesta hin. Beim Kippen in den vorgeheizten Br\u00e4ter blieb der Teig leider im Geschirrtuch kleben, ich hatte es nicht ausreichend bemehlt. Dadurch wurde das Brot weniger fluffig als schon mal.<\/p>\n<p><a href=\"https:\/\/www.vorspeisenplatte.de\/speisen\/archiv\/210731_04_NoKneadBread.jpg\"><img loading=\"lazy\" decoding=\"async\" src=\"https:\/\/www.vorspeisenplatte.de\/speisen\/archiv\/210731_04_NoKneadBread.jpg\" alt=\"\" width=\"378\" height=\"385\" class=\"alignnone size-full wp-image-69385\" \/><\/a><\/p>\n<p>Ich stellte die Lieblingstweets des Monats zusammen, h\u00f6rte dabei Musik \u00fcber Kopfh\u00f6rer. Das machen wir mittlerweile beide, um den anderen nicht zu st\u00f6ren, schlie\u00dflich gibt es keine T\u00fcr mehr zwischen unseren Aufenthaltspl\u00e4tzen. Gestern merkte ich bedauernd, dass ich dadurch gar nicht mehr mitbekomme, was Herr Kaltmamsell so h\u00f6rt &#8211; das war ja doch oft spannend.<\/p>\n<p>Nachmittags ein St\u00fcck neue Schokolade: <a href=\"https:\/\/vivani.de\/chocolate\/edel-bitter-100\/\" rel=\"noopener\" target=\"_blank\">Vivani 100+<\/a>  &#8211; nur Kakaomasse, Kakaobutter und Kakaosplitter. Schmeckte mir sehr gut: komplett uns\u00fc\u00df nat\u00fcrlich, aber nicht sauer &#8211; bitter darf Schokolade f\u00fcr mich gerne sein, aber bitte weder staubig noch sauer.<\/p>\n<p>Auf Wunsch der anderen Haushaltsh\u00e4lfte setzte ich <a href=\"https:\/\/bruellen.blogspot.com\/2014\/05\/sonntagszopf.html\" rel=\"noopener\" target=\"_blank\">Sonntagszopf<\/a> an, aber, und jetzt m\u00fcssen Sie stark sein: Dies ist ein Rosinen-Haushalt. <a href=\"https:\/\/youtu.be\/XrjWM0uDuho?t=49\" rel=\"noopener\" target=\"_blank\">Video-Zopfanleitung<\/a> mal wieder verlinkt f\u00fcrs Selberfinden.<\/p>\n<p>Eine kurze Yoga-Einheit mit Wums, weil ich Lust darauf hatte.<\/p>\n<p>Zum Abendbrot servierte Herr Kaltmamsell Tintenfischsalat mit jungem Knoblauch, gr\u00fcner Paprika und Zucchini aus Ernteanteil sowie zugekaufter Petersilie, dazu das frische Brot. Zum Nachtisch hatte ich mittags Eiscreme gekauft: Unseren Liebling von Roggenkamp Karamell mit Meersalz sowie Joghurt mit Honig, das \u00fcberraschend intensiv nach Honig schmeckte.<\/p>\n<p>Balkoncheck: Es sind noch Mauresegler da. <img loading=\"lazy\" decoding=\"async\" src=\"https:\/\/vg07.met.vgwort.de\/na\/4bc4dfd43b0f4c819754e523169287df\" width=\"1\" height=\"1\" alt=\"\"\/><\/p>\n","protected":false},"excerpt":{"rendered":"<p>Ausgeschlafen bis um sieben, zerst\u00fcckelt, aber ohne l\u00e4ngere Pausen. Sportplan des Samstags war Schwimmen. Ich hatte eigentlich zum Olympiabad rausradeln wollen, doch entgegen der Vorhersage war das Wetter nicht k\u00fchl und nass: Gemischtwolkiger Himmel mit Sonnenl\u00f6chern, milde Luft. Ich sah also nach, ob das Schyrenbad noch Schwimmpl\u00e4tze offen hatte &#8211; und konnte buchen! Auch dorthin [&hellip;]<\/p>\n","protected":false},"author":2,"featured_media":0,"comment_status":"open","ping_status":"closed","sticky":false,"template":"","format":"standard","meta":{"footnotes":""},"categories":[6,2,1],"tags":[],"class_list":["post-69343","post","type-post","status-publish","format-standard","hentry","category-essen","category-fotos","category-general"],"_links":{"self":[{"href":"https:\/\/www.vorspeisenplatte.de\/speisen\/wp-json\/wp\/v2\/posts\/69343","targetHints":{"allow":["GET"]}}],"collection":[{"href":"https:\/\/www.vorspeisenplatte.de\/speisen\/wp-json\/wp\/v2\/posts"}],"about":[{"href":"https:\/\/www.vorspeisenplatte.de\/speisen\/wp-json\/wp\/v2\/types\/post"}],"author":[{"embeddable":true,"href":"https:\/\/www.vorspeisenplatte.de\/speisen\/wp-json\/wp\/v2\/users\/2"}],"replies":[{"embeddable":true,"href":"https:\/\/www.vorspeisenplatte.de\/speisen\/wp-json\/wp\/v2\/comments?post=69343"}],"version-history":[{"count":3,"href":"https:\/\/www.vorspeisenplatte.de\/speisen\/wp-json\/wp\/v2\/posts\/69343\/revisions"}],"predecessor-version":[{"id":89889,"href":"https:\/\/www.vorspeisenplatte.de\/speisen\/wp-json\/wp\/v2\/posts\/69343\/revisions\/89889"}],"wp:attachment":[{"href":"https:\/\/www.vorspeisenplatte.de\/speisen\/wp-json\/wp\/v2\/media?parent=69343"}],"wp:term":[{"taxonomy":"category","embeddable":true,"href":"https:\/\/www.vorspeisenplatte.de\/speisen\/wp-json\/wp\/v2\/categories?post=69343"},{"taxonomy":"post_tag","embeddable":true,"href":"https:\/\/www.vorspeisenplatte.de\/speisen\/wp-json\/wp\/v2\/tags?post=69343"}],"curies":[{"name":"wp","href":"https:\/\/api.w.org\/{rel}","templated":true}]}}