{"id":69487,"date":"2021-08-05T06:49:07","date_gmt":"2021-08-05T04:49:07","guid":{"rendered":"https:\/\/www.vorspeisenplatte.de\/speisen\/?p=69487"},"modified":"2023-08-07T15:40:54","modified_gmt":"2023-08-07T13:40:54","slug":"journal-mittwoch-4-august-2021-uebernachtungsgast-und-clemens-j-setz-indigo","status":"publish","type":"post","link":"https:\/\/www.vorspeisenplatte.de\/speisen\/2021\/08\/journal-mittwoch-4-august-2021-uebernachtungsgast-und-clemens-j-setz-indigo.htm","title":{"rendered":"Journal Mittwoch, 4. August 2021 &#8211; \u00dcbernachtungsgast und Clemens J. Setz, <i>Indigo<\/i>"},"content":{"rendered":"<p>Ordentliche Nacht, aufgewacht zu einem sehr k\u00fchlen und grauen Morgen, es hatte reichlich geregnet.<\/p>\n<p>Meine Idee B\u00fcrgerb\u00fcro Mobilit\u00e4tsberatung schickte ich per E-Mail ans Mobilit\u00e4tsreferat der Stadt M\u00fcnchen, cc B\u00fcro der 2. B\u00fcrgermeisterin Katrin Habenschaden, Vorsitzende des Ausschusses Mobilit\u00e4t. (Tats\u00e4chlich gehe ich davon aus, dass sowas oder \u00c4hnliches dort schon l\u00e4ngst diskutiert wird.)<\/p>\n<p><a href=\"https:\/\/www.vorspeisenplatte.de\/speisen\/archiv\/210804_01_Theresienwiese.jpg\"><img loading=\"lazy\" decoding=\"async\" src=\"https:\/\/www.vorspeisenplatte.de\/speisen\/archiv\/210804_01_Theresienwiese.jpg\" alt=\"\" width=\"611\" height=\"389\" class=\"alignnone size-full \" \/><\/a><\/p>\n<p>Die andere Seite der Theresienwiese, ein wenig Volksfest.<\/p>\n<p>Keine Mauersegler mehr am Himmel. Ein Regentag, es regnete, als beabsichtigte es nie aufzuh\u00f6ren.<\/p>\n<p>Zu Mittag Pumpernickel mit Butter, eine ordentliche Portion Tsatsiki.<\/p>\n<p>Nach Feierabend daheim Vorbereitungen f\u00fcr den \u00dcbernachtungsbesuch, das meiste hatte der ferienhabende Herr Kaltmamsell bereits erledigt, der jetzt in der K\u00fcche stand und das Abendessen zubereitete. Es war noch Zeit f\u00fcr eine kurze Einheit Yoga und Auspacken der Nachbestellung Walk\u00fcre-Tassen.<\/p>\n<p><a href=\"https:\/\/www.vorspeisenplatte.de\/speisen\/archiv\/210804_03_Porzellankiste.jpg\"><img loading=\"lazy\" decoding=\"async\" src=\"https:\/\/www.vorspeisenplatte.de\/speisen\/archiv\/210804_03_Porzellankiste.jpg\" alt=\"\" width=\"321\" height=\"454\" class=\"alignnone size-full wp-image-69509\" \/><\/a><\/p>\n<p>Verpackung f\u00fcr drei Tassen und drei Unterteller. Diese Porzellankiste ist ganz sicher die Tochter der Vorsicht.<\/p>\n<p>Unseren Gast am Hauptbahnhof abgeholt, ich brachte ihr gleich mal einen Schirm mit.<\/p>\n<p><a href=\"https:\/\/www.vorspeisenplatte.de\/speisen\/archiv\/210804_04_Hauptbahnhof.jpg\"><img loading=\"lazy\" decoding=\"async\" src=\"https:\/\/www.vorspeisenplatte.de\/speisen\/archiv\/210804_04_Hauptbahnhof.jpg\" alt=\"\" width=\"416\" height=\"494\" class=\"alignnone size-full wp-image-69510\" \/><\/a><\/p>\n<p>Ich hatte das Bed\u00fcrfnis, mal wieder den legend\u00e4ren Schriftzug GRUNDIG festzuhalten, der nach Sanierung und Umbau verschwunden sein wird.<\/p>\n<p>Wohnungsbesichtigung, Gast \u00e4u\u00dferte gleich mal ein paar sehr hilfreiche Beobachtungen, die bei der weiteren Einrichtung helfen werden. (Und vielleicht die bereits versiegte Nestbauenergie erneuern.) Nachtmahl war k\u00f6stliches Chicken Tikka Masala, auf meine Bitte mit Naan serviert. Erster Austausch von Informationen mit Gast, ich ging aber wegen Erledigtsein gewohnt fr\u00fch ins Bett.<\/p>\n<p><a href=\"https:\/\/www.vorspeisenplatte.de\/speisen\/archiv\/buch_setz.jpg\"><img loading=\"lazy\" decoding=\"async\" src=\"https:\/\/www.vorspeisenplatte.de\/speisen\/archiv\/buch_setz.jpg\" alt=\"\" width=\"150\" height=\"244\" class=\"alignnone size-full wp-image-69299\" \/><\/a><\/p>\n<p>Schon am Vorabend hatte ich Clemens J. Setz, <i>Indigo<\/i> ausgelesen. Ein sehr schr\u00e4ger Roman, aber in meinen Augen auf sehr gute Art. &#8220;Indigo&#8221; ist darin eine Bezeichnung f\u00fcr Kinder, die mit der Eigenschaft auf die Welt kommen, dass Menschen in ihrer N\u00e4he sich sehr krank f\u00fchlen: Kopfweh, Schwindel, \u00dcbelkeit. Auch die Eltern. Der Roman erz\u00e4hlt von ihnen auf mehreren Ebenen: Zum einen aus der Perspektive des Mathematiklehers Clemens J. Setz (hmmm&#8230;), der kurze Zeit an einer Schule f\u00fcr diese Kinder unterrichtet und danach \u00fcber sie recherchiert, vor allem \u00fcber ihr seltsames Verschwinden aus der Schule. Die andere Ebene spielt Jahre sp\u00e4ter und dreht sich um ein erwachsenes Indigo-Kind &#8211; irgendwann in der Pubert\u00e4t h\u00f6rt die sch\u00e4dliche Wirkung auf. Allerdings widersprechen sich die Inhalte zum Teil. Auf beiden Ebenen tauchen nicht-realistische Elemente auf: Menschen reden wirr, ohne es zu merken, es gibt geheime Verbindungen und Verschw\u00f6rungen, erfundene historische und naturwissenschaftliche Umst\u00e4nde &#8211; aber nur ein wenig erfunden, leicht daneben. Dazwischengeschaltet irrlichtern immer wieder scheinbare Faksimiles von Buchseiten alter Werke, eines davon sogar in Fraktur. Mir gefiel ausgesprochen, wie un-angels\u00e4chsisch diese Phantastik sich las, sogar durch und durch \u00f6sterreichisch, angefangen beim Setting in \u00d6sterreich. Gleichzeitig bezog sich viel dieser Phantastik auf andere auch angels\u00e4chsische phantastische Literatur aller Medienarten.<\/p>\n<p>Erst gesamt ergibt das alles eine halbwegs zusammenh\u00e4ngende Geschichte &#8211; ohne dass mir unterwegs langweilig geworden w\u00e4re, denn jeder Abschnitt war f\u00fcr sich fesselnd. Allerdings h\u00e4ngt \u00fcber allem eine ungem\u00fctliche, grausame, bedr\u00fcckende Atmosph\u00e4re, manche Figuren sind ausgesprochen absto\u00dfend gezeichnet. Kein Wunder, dass in einigen Rezensionen davon die Rede ist, es werde einem bei der Lekt\u00fcre unwohl und schwindlig &#8211; wie in der N\u00e4he der Indigos.<\/p>\n<p>Ich empfehle die Rezension von Jan Wiele in der <i>F.A.Z.<\/i>: <a href=\"https:\/\/www.faz.net\/aktuell\/feuilleton\/buecher\/rezensionen\/belletristik\/clemens-j-setz-indigo-die-x-akten-des-postmodernen-romans-11896226.html\" target=\"_blank\" rel=\"noopener\">&#8220;Die X-Akten des postmodernen Romans&#8221;.<\/a><\/p>\n<p>\u00a7<\/p>\n<p>Rachel Roddy (ihr Buch <i>An A &#8211; Z of Pasta<\/i> ist auch vier Wochen nach Bestellung noch nicht mal abgeschickt &#8211; haben wir ein kleines Brexit-Problem?) hat eine sprachliche L\u00f6sung f\u00fcr das Gezicke um die Korrektheit klassischer Gerichte gefunden: <a href=\"https:\/\/www.instagram.com\/p\/CSH6UioI1QI\/\" rel=\"noopener\" target=\"_blank\">Hier ist von &#8220;carbonara principle&#8221; die Rede<\/a>, Zubereitung nach dem Carbonara-Prinzip.<\/p>\n<p>\u00a7<\/p>\n<p>Wenn wir schon mal auf instagram sind: Der hinrei\u00dfende Schneider Zack Pinsent geht gerade St\u00fcck f\u00fcr St\u00fcck die klassische Herrengarderobe im 17. und 18. Jahrhundert durch und ist beim Hals angelangt &#8211; <a href=\"https:\/\/www.instagram.com\/p\/CSHrYUygXfc\/\" rel=\"noopener\" target=\"_blank\">eine Variante sch\u00f6ner als die andere<\/a>. <img loading=\"lazy\" decoding=\"async\" src=\"https:\/\/vg07.met.vgwort.de\/na\/8ade025020514b9aa7b5f3d6b1999285\" width=\"1\" height=\"1\" alt=\"\"\/><\/p>\n","protected":false},"excerpt":{"rendered":"<p>Ordentliche Nacht, aufgewacht zu einem sehr k\u00fchlen und grauen Morgen, es hatte reichlich geregnet. Meine Idee B\u00fcrgerb\u00fcro Mobilit\u00e4tsberatung schickte ich per E-Mail ans Mobilit\u00e4tsreferat der Stadt M\u00fcnchen, cc B\u00fcro der 2. B\u00fcrgermeisterin Katrin Habenschaden, Vorsitzende des Ausschusses Mobilit\u00e4t. (Tats\u00e4chlich gehe ich davon aus, dass sowas oder \u00c4hnliches dort schon l\u00e4ngst diskutiert wird.) Die andere Seite [&hellip;]<\/p>\n","protected":false},"author":2,"featured_media":0,"comment_status":"open","ping_status":"closed","sticky":false,"template":"","format":"standard","meta":{"footnotes":""},"categories":[3,2,1],"tags":[],"class_list":["post-69487","post","type-post","status-publish","format-standard","hentry","category-bucher","category-fotos","category-general"],"_links":{"self":[{"href":"https:\/\/www.vorspeisenplatte.de\/speisen\/wp-json\/wp\/v2\/posts\/69487","targetHints":{"allow":["GET"]}}],"collection":[{"href":"https:\/\/www.vorspeisenplatte.de\/speisen\/wp-json\/wp\/v2\/posts"}],"about":[{"href":"https:\/\/www.vorspeisenplatte.de\/speisen\/wp-json\/wp\/v2\/types\/post"}],"author":[{"embeddable":true,"href":"https:\/\/www.vorspeisenplatte.de\/speisen\/wp-json\/wp\/v2\/users\/2"}],"replies":[{"embeddable":true,"href":"https:\/\/www.vorspeisenplatte.de\/speisen\/wp-json\/wp\/v2\/comments?post=69487"}],"version-history":[{"count":3,"href":"https:\/\/www.vorspeisenplatte.de\/speisen\/wp-json\/wp\/v2\/posts\/69487\/revisions"}],"predecessor-version":[{"id":89890,"href":"https:\/\/www.vorspeisenplatte.de\/speisen\/wp-json\/wp\/v2\/posts\/69487\/revisions\/89890"}],"wp:attachment":[{"href":"https:\/\/www.vorspeisenplatte.de\/speisen\/wp-json\/wp\/v2\/media?parent=69487"}],"wp:term":[{"taxonomy":"category","embeddable":true,"href":"https:\/\/www.vorspeisenplatte.de\/speisen\/wp-json\/wp\/v2\/categories?post=69487"},{"taxonomy":"post_tag","embeddable":true,"href":"https:\/\/www.vorspeisenplatte.de\/speisen\/wp-json\/wp\/v2\/tags?post=69487"}],"curies":[{"name":"wp","href":"https:\/\/api.w.org\/{rel}","templated":true}]}}