{"id":70539,"date":"2021-09-15T06:39:20","date_gmt":"2021-09-15T04:39:20","guid":{"rendered":"https:\/\/www.vorspeisenplatte.de\/speisen\/?p=70539"},"modified":"2021-09-15T06:39:20","modified_gmt":"2021-09-15T04:39:20","slug":"journal-dienstag-14-september-2021-schwindel-aber-haarekurz","status":"publish","type":"post","link":"https:\/\/www.vorspeisenplatte.de\/speisen\/2021\/09\/journal-dienstag-14-september-2021-schwindel-aber-haarekurz.htm","title":{"rendered":"Journal Dienstag, 14. September 2021 &#8211; Schwindel, aber Haarekurz"},"content":{"rendered":"<p>Sie sind ja wirklich ganz zauberhaft: Vielen Dank f\u00fcr die Gl\u00fcckw\u00fcnsche zum Bloggeburtstag!<\/p>\n<p>Guter Nachtschlaf, der allerdings schon vor f\u00fcnf endete. Jetzt steht auch wieder Herr Kaltmamsell um sechs mit verschwommenen Gesichtsz\u00fcgen in der T\u00fcr, gestern begann der Unterricht im Schuljahr 2021\/2022. Beim Verlassen der Wohnung nahm er meine Hand: Ob ich ihn vielleicht in die Schule bringen k\u00f6nne? (<a href=\"https:\/\/twitter.com\/amarjourno\/status\/1436353700839165952\" rel=\"noopener\" target=\"_blank\">Diese Situation ist f\u00fcr Lehrerinnen und Lehrer ja doppelt hart.<\/a>) Mit etwas mehr Vorlauf h\u00e4tte ich mir freinehmen k\u00f6nnen, das machen wir beim n\u00e4chsten ersten Schultag nach Sommerferien.<\/p>\n<p>Ein weiterer sch\u00f6ner Sp\u00e4tsommertag, es war sehr warm und leicht diesig. Ich ging nochmal in Sommerkleid und Sandalen in die Arbeit.<\/p>\n<p>Allerdings f\u00fchlte ich mich gar nicht gut: Lange nicht mehr erlittenes Feature Schwindel. Gestern musste ich mich beim Arbeiten im Stehen immer wieder am h\u00f6henverstellbaren Schreibtisch festhalten, um nicht umzufallen.<\/p>\n<p>Mittags gab es ein St\u00fcck Wei\u00dfbrot und eine Honigmelone (nach sechs Wochen Nachreifen ganz ok). Nachmittags gesellte sich zum Schwindel eine Kreislauf-Attacke mit Schwei\u00dfausbruch und Hei\u00dfhunger, die mich \u00fcber Honigwaffeln, Duplo und schwarze Schokolade in meiner Notfall-Schublade herfallen lie\u00df. H\u00e4tte ich nach der Arbeit nicht den lang ersehnten Friseurtermin gehabt, h\u00e4tte ich mich krank gemeldet.<\/p>\n<p>So aber eierte ich nach Feierabend zum Stiglmaierplatz (die Schreibweise muss ich \u00fcbrigens je-des-mal nachschauen) und lie\u00df mir die Haare endlich wieder wirklich kurz schneiden. Gespr\u00e4chsthema dazu die deutsche Parteienlandschaft: Es war hochinteressant, mal eine ganz andere Einordnung zu h\u00f6ren.<\/p>\n<p>Daheim setzte ich umgehend Linsen auf f\u00fcr das Abendessen am Mittwoch: Pur\u00e9 de lentejas, spanisches Linsenp\u00fcree &#8211; ich versuche eines der wenigen Gerichte nachzubauen, die bei meiner spanischen Yaya wirklich schmeckten.<\/p>\n<p>Als gestriges Nachtmahl hingegen servierte Herr Kaltmamsell das erste Gericht aus Rachel Roddys <i>An A to Z of Pasta<\/i>: Conchiglioni stuffed with spinach and ricotta, also gro\u00dfe Muschelnudeln gef\u00fcllt mit Ricotta und Spinat, im Ofen mit Tomatensauce, Bechamel und vielerlei K\u00e4se \u00fcberbacken.<\/p>\n<p><a href=\"https:\/\/www.vorspeisenplatte.de\/speisen\/archiv\/210914_01_Nachtmahl.jpg\"><img loading=\"lazy\" decoding=\"async\" src=\"https:\/\/www.vorspeisenplatte.de\/speisen\/archiv\/210914_01_Nachtmahl.jpg\" alt=\"\" width=\"333\" height=\"405\" class=\"alignnone size-full wp-image-70557\" \/><\/a><\/p>\n<p>Schmeckte ganz hervorragend und gehaltvoll, ich a\u00df reichlich davon. Es passte nicht mal mehr Nachtisch dahinter.<\/p>\n<p>Endlich mal wieder ein neues Buch angefangen, im Urlaub war ich vor lauter Rumlaufen, Internetlesen und -schreiben fast nicht zum B\u00fccherlesen gekommen: <a href=\"https:\/\/fraunessy.vanessagiese.de\/\" rel=\"noopener\" target=\"_blank\">K\u00e4nnchen-Bloggerin Vanessa Giese<\/a> hat beim Insel-Verlag einen Roman \u00fcber die Luftfahrtpionierin Katharina Paulus ver\u00f6ffentlicht, <a href=\"https:\/\/www.suhrkamp.de\/buch\/vanessa-giese-die-frau-die-den-himmel-eroberte-t-9783458179351\" rel=\"noopener\" target=\"_blank\"><i>Die Frau, die den Himmel eroberte<\/i><\/a>; den lud ich mir aufs Leseger\u00e4t.<\/p>\n<p>\u00a7<\/p>\n<p>Aufschlussreiches Interview mit einem Sozialwissenschaftler zur Ideologie der Taliban:<br \/>\n<a href=\"https:\/\/www.philomag.de\/artikel\/adam-baczko-die-taliban-sind-keine-totalitaere-bewegung\" rel=\"noopener\" target=\"_blank\">&#8220;Adam Baczko: &#8216;Die Taliban sind keine totalit\u00e4re Bewegung'&#8221;.<\/a><\/p>\n<blockquote><p>Die Taliban streben eine konservative Revolution an. F\u00fcr die Sozialisten des zwanzigsten Jahrhunderts ist eine konservative Revolution ein Widerspruch. Aber die Taliban sind der Beweis daf\u00fcr, dass es m\u00f6glich ist. Sie reden st\u00e4ndig davon, zu den alten Zeiten zur\u00fcckzukehren, die alte Ordnung wiederherzustellen, den Eigent\u00fcmern ihre Rechte zur\u00fcckzugeben, den Familienv\u00e4tern die Autorit\u00e4t im Haus wiederzugeben. Es ist ein Diskurs der R\u00fcckkehr zu einer afghanischen Geschichte, die durch ausl\u00e4ndische Interventionen unterbrochen worden sei. Es geht darum, die gro\u00dfe Zerr\u00fcttung des B\u00fcrgerkriegs zu beseitigen. Dies ist offensichtlich eine erfundene und umgeschriebene Geschichte. Doch hinter dem Wunsch, wieder eine Kontinuit\u00e4t mit der Vergangenheit herzustellen, verbirgt dieser konservative Diskurs etwas Revolution\u00e4res, denn die Taliban sind bereit, die Eliten und das Legitimationssystem in Afghanistan zu st\u00fcrzen, um ihre mythische Vergangenheit aufleben zu lassen.<\/p><\/blockquote>\n<p>Ich f\u00fchle mich sehr an die Sehns\u00fcchte in Gro\u00dfbritannien erinnert, die zum Brexit f\u00fchrten.<\/p>\n<p>\u00a7<\/p>\n<p>Sie wohnen in\/um M\u00fcnchen und kommen wegen Lieferschwierigkeiten nicht an ein neues Rad? Wir w\u00e4r&#8217;s mit einem gebrauchten neuen Rad? N\u00e4chsten Freitag und Samstag ist wieder <a href=\"https:\/\/muenchenunterwegs.de\/angebote\/radlflohmarkt\" rel=\"noopener\" target=\"_blank\">Radlflohmarkt der Stadt M\u00fcnchen.<\/a><\/p>\n<p>\u00a7<\/p>\n<p>Regelm\u00e4\u00dfig mache ich mich \u00fcber die gewollt originellen Abk\u00fcrzungen f\u00fcr Forschungsprojekte lustig. Gestern musste ich aber gestehen: Um die Abk\u00fcrzung des <a href=\"https:\/\/www.tu-braunschweig.de\/stadtderzukunft\/forschung\/projekte-und-initiativen\/zentrum-fuer-brandforschung\" rel=\"noopener\" target=\"_blank\">Zentrums f\u00fcr Brandforschung<\/a> kommt man praktisch nicht rum. <img loading=\"lazy\" decoding=\"async\" src=\"https:\/\/vg04.met.vgwort.de\/na\/dd01822111b0474ca2ef2adfdd180d88\" width=\"1\" height=\"1\" alt=\"\"\/><\/p>\n","protected":false},"excerpt":{"rendered":"<p>Sie sind ja wirklich ganz zauberhaft: Vielen Dank f\u00fcr die Gl\u00fcckw\u00fcnsche zum Bloggeburtstag! Guter Nachtschlaf, der allerdings schon vor f\u00fcnf endete. Jetzt steht auch wieder Herr Kaltmamsell um sechs mit verschwommenen Gesichtsz\u00fcgen in der T\u00fcr, gestern begann der Unterricht im Schuljahr 2021\/2022. Beim Verlassen der Wohnung nahm er meine Hand: Ob ich ihn vielleicht in [&hellip;]<\/p>\n","protected":false},"author":2,"featured_media":0,"comment_status":"open","ping_status":"closed","sticky":false,"template":"","format":"standard","meta":{"footnotes":""},"categories":[3,6,1],"tags":[],"class_list":["post-70539","post","type-post","status-publish","format-standard","hentry","category-bucher","category-essen","category-general"],"_links":{"self":[{"href":"https:\/\/www.vorspeisenplatte.de\/speisen\/wp-json\/wp\/v2\/posts\/70539","targetHints":{"allow":["GET"]}}],"collection":[{"href":"https:\/\/www.vorspeisenplatte.de\/speisen\/wp-json\/wp\/v2\/posts"}],"about":[{"href":"https:\/\/www.vorspeisenplatte.de\/speisen\/wp-json\/wp\/v2\/types\/post"}],"author":[{"embeddable":true,"href":"https:\/\/www.vorspeisenplatte.de\/speisen\/wp-json\/wp\/v2\/users\/2"}],"replies":[{"embeddable":true,"href":"https:\/\/www.vorspeisenplatte.de\/speisen\/wp-json\/wp\/v2\/comments?post=70539"}],"version-history":[{"count":3,"href":"https:\/\/www.vorspeisenplatte.de\/speisen\/wp-json\/wp\/v2\/posts\/70539\/revisions"}],"predecessor-version":[{"id":70566,"href":"https:\/\/www.vorspeisenplatte.de\/speisen\/wp-json\/wp\/v2\/posts\/70539\/revisions\/70566"}],"wp:attachment":[{"href":"https:\/\/www.vorspeisenplatte.de\/speisen\/wp-json\/wp\/v2\/media?parent=70539"}],"wp:term":[{"taxonomy":"category","embeddable":true,"href":"https:\/\/www.vorspeisenplatte.de\/speisen\/wp-json\/wp\/v2\/categories?post=70539"},{"taxonomy":"post_tag","embeddable":true,"href":"https:\/\/www.vorspeisenplatte.de\/speisen\/wp-json\/wp\/v2\/tags?post=70539"}],"curies":[{"name":"wp","href":"https:\/\/api.w.org\/{rel}","templated":true}]}}