{"id":72069,"date":"2021-11-13T08:11:29","date_gmt":"2021-11-13T07:11:29","guid":{"rendered":"https:\/\/www.vorspeisenplatte.de\/speisen\/?p=72069"},"modified":"2022-11-04T14:32:21","modified_gmt":"2022-11-04T13:32:21","slug":"journal-freitag-12-november-2021-wochenendeinlaeuten-mit-gutem-essen-und-trinken","status":"publish","type":"post","link":"https:\/\/www.vorspeisenplatte.de\/speisen\/2021\/11\/journal-freitag-12-november-2021-wochenendeinlaeuten-mit-gutem-essen-und-trinken.htm","title":{"rendered":"Journal Freitag, 12. November 2021 &#8211; Wochenendeinl\u00e4uten mit gutem Essen und Trinken"},"content":{"rendered":"<p>Fr\u00fch aufgewacht in einen Nebeltag. Double-take beim Kreuzen der Theresienwiese:<\/p>\n<p><a href=\"https:\/\/www.vorspeisenplatte.de\/speisen\/archiv\/211112_01a_Theresienwiese.jpg\"><img loading=\"lazy\" decoding=\"async\" src=\"https:\/\/www.vorspeisenplatte.de\/speisen\/archiv\/211112_01a_Theresienwiese.jpg\" alt=\"\" width=\"524\" height=\"393\" class=\"alignnone size-full \" \/><\/a><\/p>\n<p>Die R\u00e4nder der beiden rechten Container verrieten bei n\u00e4herer Betrachtung, dass sie h\u00f6chstwahrscheinlich einst ebenso blau waren wie der linke.<\/p>\n<p>Arbeit wie durch Gallert: Ich war ersch\u00f6pft von der Arbeitswoche und wechselte zwischen meinen Aufgaben immer mit Verz\u00f6gerung. Die Corona-Inzidenz stieg am f\u00fcnften Tag in Folge auf immer neuen Rekordh\u00f6hen, das wirkte sich mit Bremsverz\u00f6gerung auf auch berufliche Termine aus, die meine Jobs kreuzen. In meiner pers\u00f6nlichen Umgebung h\u00e4ufen sich die Quarant\u00e4ne-F\u00e4lle und Risiko-Warnungen auf der Corona-Warn-App.<\/p>\n<p>Das mitt\u00e4gliche Zeitunglesen ging schnell: Ich ertrage die Katastrophen der Welt und daheim gerade nicht, meine Neugier ist wegen \u00dcberforderung tempor\u00e4r versiegt. Ich a\u00df ein Butterbrot aus Selbstgebackenem und eine Birne, die zehn Tage nach Kauf herrlich nachgereift und saftig war.<\/p>\n<p>Der Tag wurde nie richtig hell, ich beendete m\u00fchsam ein paar Arbeitsdinge, die mir einen leichteren Start in die n\u00e4chste Woche erm\u00f6glichen.<\/p>\n<p>Auf dem Heimweg Eink\u00e4ufe bei Vollcorner (Brotzeit) und S\u00fcpermarket Verdi (Nachtmahl und Wochenendpl\u00e4ne).<\/p>\n<p>Daheim wartete eine frisch gebrachte Crowdfarming-Kiste Granat\u00e4pfel auf mich, diesmal die gewohnte Sorte der Hauptsaison: Darin ein Brieflein mit der Information, dass heftige Regenf\u00e4lle die Ernte beschleunigt haben, sonst h\u00e4tten die Fr\u00fcchte zu viel Wasser aufgenommen und die Haut w\u00e4re geplatzt. So seien sie also nicht ganz frisch geerntet in die Kiste gekommen. Genau solche Details interessieren mich. Und noch bewahre ich mir die Vorstellung, dass dieses Interesse beiderseitig ist: Dass die Leute <a href=\"https:\/\/www.crowdfarming.com\/de\/farmer\/finca-isla-rubi\/up\/granatapfelbaumpatenschaft-mollar-finca-isla-rubi\/overharvest\" rel=\"noopener\" target=\"_blank\">auf der Finca<\/a> wirklich m\u00f6chten, dasss ich das wisse. Mich erinnert das an die n\u00fctzlichen Hintergrundinfos und Gebrauchsanweisungen, mit denen meine Schw\u00e4gerin mir fr\u00fcher \u00c4pfel aus dem Familiengarten \u00fcbergab: Diese Sorte noch mindestens zwei Wochen liegenlassen, jene gleich essen, die dritte am besten zu Kuchen verarbeiten, die weitere zu Mus.<\/p>\n<p>Telefonat mit meiner Mutter: Eltern haben Terminen f\u00fcr Booster-Impfung, der Christkindlmarkt in Ingolstadt wurde bereits abgesagt (M\u00fcnchen h\u00e4lt noch daran fest), ich spann die Idee, auf unserem Balkon eine Infektions-sichere Christkindlmarkt-Simulation mit Gl\u00fchwein, Jagertee und selbst gebratener Rengschburger spezial zu veranstalten.<\/p>\n<p>F\u00fcrs Nachtmahl putzte ich sch\u00f6ne rote Artischocken. W\u00e4hrend sie kochten, machte ich als Aperitif Whiskey Sour mit Bourbon und Meyer Lemons &#8211; der Drink schmeckt mir derzeit ausgesprochen gut (ist leider sehr unfotogen, Aussehen am ehesten Sp\u00fclwasser).<\/p>\n<p><a href=\"https:\/\/www.vorspeisenplatte.de\/speisen\/archiv\/211112_03_Nachtmahl.jpg\"><img loading=\"lazy\" decoding=\"async\" src=\"https:\/\/www.vorspeisenplatte.de\/speisen\/archiv\/211112_03_Nachtmahl.jpg\" alt=\"\" width=\"333\" height=\"444\" class=\"alignnone size-full wp-image-72081\" \/><\/a><\/p>\n<p>Erster Gang also Artischocken mit leichter (= plus Joghurt) Knoblauchmajo. Wein dazu nordspanischer <a href=\"https:\/\/www.vinos.de\/marisa-blanco-2020-S32372\/?articleNo=32372\" rel=\"noopener\" target=\"_blank\">Marisa Albari\u00f1o<\/a>. Die Artischocken waren besonders aromatisch, der Wein passte aber besser zum Hauptgang: Herr Kaltmamsell hatte auf meine Bitte Risotto gemacht, dazu Lauch aus Ernteanteil und zugekaufte Kr\u00e4uterseitlinge verwendet, mit eigens gekochter H\u00fchnerbr\u00fche aufgegossen (im Kaufhof am Marienplatz gibt es echte Suppenh\u00fchner!).<\/p>\n<p><a href=\"https:\/\/www.vorspeisenplatte.de\/speisen\/archiv\/211112_04_Nachtmahl.jpg\"><img loading=\"lazy\" decoding=\"async\" src=\"https:\/\/www.vorspeisenplatte.de\/speisen\/archiv\/211112_04_Nachtmahl.jpg\" alt=\"\" width=\"291\" height=\"384\" class=\"alignnone size-full wp-image-72082\" \/><\/a><\/p>\n<p>Als Nachtisch stellte ich wieder die S\u00fc\u00dfigkeitenbox auf den Tisch.<\/p>\n<p>\u00a7<\/p>\n<p>Mehr solidarische Landwirtschaft rund um M\u00fcnchen: <a href=\"https:\/\/www.sueddeutsche.de\/muenchen\/landkreismuenchen\/baierbrunn-vorbild-kartoffelkombinat-1.5462051\" rel=\"noopener\" target=\"_blank\">In Baierbrunn ist eine neue Genossenschaft in Gr\u00fcndung.<\/a> <img loading=\"lazy\" decoding=\"async\" src=\"https:\/\/vg04.met.vgwort.de\/na\/ca608cd36bb44f12893cc857c9b19101\" width=\"1\" height=\"1\" alt=\"\"\/><\/p>\n","protected":false},"excerpt":{"rendered":"<p>Fr\u00fch aufgewacht in einen Nebeltag. Double-take beim Kreuzen der Theresienwiese: Die R\u00e4nder der beiden rechten Container verrieten bei n\u00e4herer Betrachtung, dass sie h\u00f6chstwahrscheinlich einst ebenso blau waren wie der linke. Arbeit wie durch Gallert: Ich war ersch\u00f6pft von der Arbeitswoche und wechselte zwischen meinen Aufgaben immer mit Verz\u00f6gerung. Die Corona-Inzidenz stieg am f\u00fcnften Tag in [&hellip;]<\/p>\n","protected":false},"author":2,"featured_media":0,"comment_status":"open","ping_status":"closed","sticky":false,"template":"","format":"standard","meta":{"footnotes":""},"categories":[6,2,1],"tags":[],"class_list":["post-72069","post","type-post","status-publish","format-standard","hentry","category-essen","category-fotos","category-general"],"_links":{"self":[{"href":"https:\/\/www.vorspeisenplatte.de\/speisen\/wp-json\/wp\/v2\/posts\/72069","targetHints":{"allow":["GET"]}}],"collection":[{"href":"https:\/\/www.vorspeisenplatte.de\/speisen\/wp-json\/wp\/v2\/posts"}],"about":[{"href":"https:\/\/www.vorspeisenplatte.de\/speisen\/wp-json\/wp\/v2\/types\/post"}],"author":[{"embeddable":true,"href":"https:\/\/www.vorspeisenplatte.de\/speisen\/wp-json\/wp\/v2\/users\/2"}],"replies":[{"embeddable":true,"href":"https:\/\/www.vorspeisenplatte.de\/speisen\/wp-json\/wp\/v2\/comments?post=72069"}],"version-history":[{"count":3,"href":"https:\/\/www.vorspeisenplatte.de\/speisen\/wp-json\/wp\/v2\/posts\/72069\/revisions"}],"predecessor-version":[{"id":81596,"href":"https:\/\/www.vorspeisenplatte.de\/speisen\/wp-json\/wp\/v2\/posts\/72069\/revisions\/81596"}],"wp:attachment":[{"href":"https:\/\/www.vorspeisenplatte.de\/speisen\/wp-json\/wp\/v2\/media?parent=72069"}],"wp:term":[{"taxonomy":"category","embeddable":true,"href":"https:\/\/www.vorspeisenplatte.de\/speisen\/wp-json\/wp\/v2\/categories?post=72069"},{"taxonomy":"post_tag","embeddable":true,"href":"https:\/\/www.vorspeisenplatte.de\/speisen\/wp-json\/wp\/v2\/tags?post=72069"}],"curies":[{"name":"wp","href":"https:\/\/api.w.org\/{rel}","templated":true}]}}