{"id":72225,"date":"2021-11-20T08:45:30","date_gmt":"2021-11-20T07:45:30","guid":{"rendered":"https:\/\/www.vorspeisenplatte.de\/speisen\/?p=72225"},"modified":"2022-11-04T15:02:46","modified_gmt":"2022-11-04T14:02:46","slug":"journal-freitag-19-november-2021-klare-blaue-stunde-wochenendfeiern","status":"publish","type":"post","link":"https:\/\/www.vorspeisenplatte.de\/speisen\/2021\/11\/journal-freitag-19-november-2021-klare-blaue-stunde-wochenendfeiern.htm","title":{"rendered":"Journal Freitag, 19. November 2021 &#8211; Klare blaue Stunde, Wochenendfeiern"},"content":{"rendered":"<p>Nacht war ok (nur dreimal aufgewacht, immer wieder nach nicht zu gro\u00dfer Pause eingeschlafen), h\u00e4tte aber l\u00e4nger dauern d\u00fcrfen: Der Wecker riss mich in gro\u00dfe Vorfreude auf Ausschlafen am Wochenende. Gesch\u00e4ftiger Start: Sp\u00fclmaschine ausger\u00e4umt, W\u00e4sche aufgeh\u00e4ngt.<\/p>\n<p>Auf dem Weg in die Arbeit querte im Westend vor mir ein rotes Eichh\u00f6rnchen die Stra\u00dfe (bisschen d\u00fcnn f\u00fcr so kurz vor Winter): Dieser L\u00e4chel-Ausl\u00f6ser funktionierte, noch ist nicht alles verloren.<\/p>\n<p>Arbeit in der Arbeit, aber ich hatte ziemlich unangenehme Schmerzen an operierter H\u00fcfte: Dumpfer, hei\u00dfer Ruheschmerz im Sitzen wie im Stehen. (Der nat\u00fcrlich auch von der krummen Lendenwirbels\u00e4ule samt verrutschten Bandscheiben kommen kann, das Rumpeln in der LWS ist ja schon lange schmerzhaft.) Ich nahm nach Langem mal wieder eine Ibu, eine Stunde sp\u00e4ter waren die Schmerzen deutlich milder.<\/p>\n<p><a href=\"https:\/\/www.vorspeisenplatte.de\/speisen\/archiv\/211119_01_Haarschnitt.jpg\"><img loading=\"lazy\" decoding=\"async\" src=\"https:\/\/www.vorspeisenplatte.de\/speisen\/archiv\/211119_01_Haarschnitt.jpg\" alt=\"\" width=\"241\" height=\"294\" class=\"alignnone size-full wp-image-72240\" \/><\/a><\/p>\n<p>Frischer Haarschnitt festgehalten, damit ich ihn beim n\u00e4chsten Friseurbesuch mit &#8220;so wie letztes Mal&#8221; vorzeigen kann (der Haarschneider wei\u00df das ja nicht mehr).<\/p>\n<p>Mittags gab es Pumpernickel mit Butter, Granatapfelkerne mit Joghurt.<\/p>\n<p>Z\u00e4her Nachmittag, ich machte wirklich fr\u00fch Feierabend. So kam ich in den Genuss des letzten Tageslichts, das auf dem Heimweg wundersch\u00f6n und klar war, herbstliche hellblaue Stunde mit leuchtenden Farben.<\/p>\n<p><a href=\"https:\/\/www.vorspeisenplatte.de\/speisen\/archiv\/211119_05_StPaul.jpg\"><img loading=\"lazy\" decoding=\"async\" src=\"https:\/\/www.vorspeisenplatte.de\/speisen\/archiv\/211119_05_StPaul.jpg\" alt=\"\" width=\"480\" height=\"430\" class=\"alignnone size-full \" \/><\/a><\/p>\n<p>Eink\u00e4ufe im Vollcorner (Obst), daheim machte ich mich erst mal an den Teig f\u00fcr den ersten Gang des Abendessens: <a href=\"https:\/\/www.vorspeisenplatte.de\/rezepte\/focaccia-al-formaggio-ligurien.htm\" rel=\"noopener\" target=\"_blank\">Ligurische Focaccia.<\/a> W\u00e4hrend der Teig ruhte, g\u00f6nnte ich mir eine Runde Yoga. Dann Fertigstellung der Focaccia, als F\u00fcllung verwendete ich den jungen Ziegenk\u00e4se aus Crowdfarming gew\u00fcrfelt, der sich als hervorragende Wahl erwies.<\/p>\n<p><a href=\"https:\/\/www.vorspeisenplatte.de\/speisen\/archiv\/211119_10_Focaccia.jpg\"><img loading=\"lazy\" decoding=\"async\" src=\"https:\/\/www.vorspeisenplatte.de\/speisen\/archiv\/211119_10_Focaccia.jpg\" alt=\"\" width=\"366\" height=\"392\" class=\"alignnone size-full wp-image-72243\" \/><\/a><\/p>\n<p>Dazu \u00f6ffneten wir einen Wei\u00dfwein, den Besuch uns aus Luxembuerg mitgebracht hatte:  <a href=\"https:\/\/fru.lu\/\" rel=\"noopener\" target=\"_blank\">Fru Georges Schiltz Terraphon<\/a>, von einem Weinberg, der nicht an der Mosel liegt, wie sonst fast alle Luxemburger Weine, sondern <a href=\"https:\/\/de.wikipedia.org\/wiki\/Rosport\" rel=\"noopener\" target=\"_blank\">am Fluss Sauer<\/a>. <\/p>\n<p><a href=\"https:\/\/www.vorspeisenplatte.de\/speisen\/archiv\/211119_06_WeinFru.jpg\"><img loading=\"lazy\" decoding=\"async\" src=\"https:\/\/www.vorspeisenplatte.de\/speisen\/archiv\/211119_06_WeinFru.jpg\" alt=\"\" width=\"333\" height=\"444\" class=\"alignnone size-full wp-image-72244\" \/><\/a><\/p>\n<p>In der Nase erst ein wenig Hefe, dann Aprikosenkompott, dann die \u00dcberraschung beim ersten Schluck: Der Wein ist lieblich! Damit ist er bei uns schon richtig, wir m\u00f6gen beide durchaus auch nicht-trockene Weine. In diesem konkreten Fall war es f\u00fcr mich lediglich das Fehlen jeglicher S\u00e4ure, das den Wein zumindest nicht zu meinem bevorzugten Begleiter zum Essen machte.<\/p>\n<p>Zum Hauptgang servierte Herr Kaltmamsell ein ganz hervorragendes Entrec\u00f4te, dazu hatte er den Kerbel aus Ernteanteil zu Pesto verarbeitet.<\/p>\n<p><a href=\"https:\/\/www.vorspeisenplatte.de\/speisen\/archiv\/211119_12_Entrecote.jpg\"><img loading=\"lazy\" decoding=\"async\" src=\"https:\/\/www.vorspeisenplatte.de\/speisen\/archiv\/211119_12_Entrecote.jpg\" alt=\"\" width=\"333\" height=\"376\" class=\"alignnone size-full wp-image-72245\" \/><\/a><\/p>\n<p>Die deutsche Politik ist endlich \u00fcber die Corona-Lage wirklich erschrocken. Jetzt werden milde Ma\u00dfnahmen beschlossen (Zugangsbeschr\u00e4nkungen f\u00fcr Ungeimpfte, Impfpflicht f\u00fcr bestimmte Berufsgruppen), die vor zwei Monaten die jetzige Situation verhindern h\u00e4tten k\u00f6nnen, so viel zu sp\u00e4t aber erst f\u00fcr die f\u00fcnfte Welle relevant sind.<\/p>\n<p>\u00a7<\/p>\n<p>Die LGTBQ+-Community in Polen sieht sich immer schlimmerer Unterdr\u00fcckung ausgesetzt: <a href=\"https:\/\/www.tagesspiegel.de\/gesellschaft\/queerspiegel\/queere-menschen-in-polen-sollen-unsichtbar-gemacht-werden-polnisches-parlament-stimmt-fuer-anti-lgbt-gesetz\/27757412.html\" rel=\"noopener\" target=\"_blank\">Sie wird von der Regierungspartei als &#8220;Feinde der Familie&#8221; diffamiert, ein neues Gesetz soll ihr sogar Demos verbieten.<\/a><\/p>\n<p>Dagegen k\u00e4mpft unter anderem, kreativ und mit Humor, das &#8220;Homokomando&#8221;, ein schwuler Sportklub. Sein Ziel: LGTBQ+ sichtbar machen.<br \/>\n<a href=\"https:\/\/www.calvertjournal.com\/articles\/show\/13289\/the-polish-keep-fit-clubs-defying-the-mainstream\" rel=\"noopener\" target=\"_blank\">&#8220;The street fitness movement defying Poland\u2019s conservative mainstream&#8221;.<\/a><\/p>\n<p>via <a href=\"https:\/\/twitter.com\/kscheib\" rel=\"noopener\" target=\"_blank\">@kscheib<\/a><\/p>\n<blockquote><p>Homokomando was founded in July 2019 with the specific goal of holding physical training sessions in public spaces for Poland\u2019s LGBTQ+ individuals. Groups meet on a regular basis to work out together in major cities like Warsaw, Gda\u0144sk, and Gdynia. Last August, Marcin Jaworek joined the Warsaw group, which always trains with a visible rainbow flag.<\/p><\/blockquote>\n<p> <img loading=\"lazy\" decoding=\"async\" src=\"https:\/\/vg05.met.vgwort.de\/na\/fcff6ba948fd43398934da826f7bbafc\" width=\"1\" height=\"1\" alt=\"\"\/><\/p>\n","protected":false},"excerpt":{"rendered":"<p>Nacht war ok (nur dreimal aufgewacht, immer wieder nach nicht zu gro\u00dfer Pause eingeschlafen), h\u00e4tte aber l\u00e4nger dauern d\u00fcrfen: Der Wecker riss mich in gro\u00dfe Vorfreude auf Ausschlafen am Wochenende. Gesch\u00e4ftiger Start: Sp\u00fclmaschine ausger\u00e4umt, W\u00e4sche aufgeh\u00e4ngt. Auf dem Weg in die Arbeit querte im Westend vor mir ein rotes Eichh\u00f6rnchen die Stra\u00dfe (bisschen d\u00fcnn f\u00fcr [&hellip;]<\/p>\n","protected":false},"author":2,"featured_media":0,"comment_status":"open","ping_status":"closed","sticky":false,"template":"","format":"standard","meta":{"footnotes":""},"categories":[6,2,1],"tags":[],"class_list":["post-72225","post","type-post","status-publish","format-standard","hentry","category-essen","category-fotos","category-general"],"_links":{"self":[{"href":"https:\/\/www.vorspeisenplatte.de\/speisen\/wp-json\/wp\/v2\/posts\/72225","targetHints":{"allow":["GET"]}}],"collection":[{"href":"https:\/\/www.vorspeisenplatte.de\/speisen\/wp-json\/wp\/v2\/posts"}],"about":[{"href":"https:\/\/www.vorspeisenplatte.de\/speisen\/wp-json\/wp\/v2\/types\/post"}],"author":[{"embeddable":true,"href":"https:\/\/www.vorspeisenplatte.de\/speisen\/wp-json\/wp\/v2\/users\/2"}],"replies":[{"embeddable":true,"href":"https:\/\/www.vorspeisenplatte.de\/speisen\/wp-json\/wp\/v2\/comments?post=72225"}],"version-history":[{"count":3,"href":"https:\/\/www.vorspeisenplatte.de\/speisen\/wp-json\/wp\/v2\/posts\/72225\/revisions"}],"predecessor-version":[{"id":81599,"href":"https:\/\/www.vorspeisenplatte.de\/speisen\/wp-json\/wp\/v2\/posts\/72225\/revisions\/81599"}],"wp:attachment":[{"href":"https:\/\/www.vorspeisenplatte.de\/speisen\/wp-json\/wp\/v2\/media?parent=72225"}],"wp:term":[{"taxonomy":"category","embeddable":true,"href":"https:\/\/www.vorspeisenplatte.de\/speisen\/wp-json\/wp\/v2\/categories?post=72225"},{"taxonomy":"post_tag","embeddable":true,"href":"https:\/\/www.vorspeisenplatte.de\/speisen\/wp-json\/wp\/v2\/tags?post=72225"}],"curies":[{"name":"wp","href":"https:\/\/api.w.org\/{rel}","templated":true}]}}