{"id":73022,"date":"2021-12-25T08:05:58","date_gmt":"2021-12-25T07:05:58","guid":{"rendered":"https:\/\/www.vorspeisenplatte.de\/speisen\/?p=73022"},"modified":"2022-12-06T17:10:25","modified_gmt":"2022-12-06T16:10:25","slug":"journal-freitag-24-dezember-2021-heilig-abend-in-neuer-wohnung","status":"publish","type":"post","link":"https:\/\/www.vorspeisenplatte.de\/speisen\/2021\/12\/journal-freitag-24-dezember-2021-heilig-abend-in-neuer-wohnung.htm","title":{"rendered":"Journal Freitag, 24. Dezember 2021 &#8211; Heilig Abend in neuer Wohnung"},"content":{"rendered":"<p>Ausgeschlafen bis NACH sechs!<\/p>\n<p>Erst mal die erste Maschine mit Bettw\u00e4sche und sp\u00e4ter die zweite mit Handt\u00fcchern gef\u00fcllt und gestartet.<\/p>\n<p><a href=\"https:\/\/www.vorspeisenplatte.de\/speisen\/archiv\/211224_01_Nussbaumpark.jpg\"><img loading=\"lazy\" decoding=\"async\" src=\"https:\/\/www.vorspeisenplatte.de\/speisen\/archiv\/211224_01_Nussbaumpark.jpg\" alt=\"\" width=\"556\" height=\"366\" class=\"alignnone size-full\" \/><\/a><\/p>\n<p>Der Sonnenaufgang haute sich nochmal rein. Dann aber setzte Regen ein, der den ganzen Tag anhielt.<\/p>\n<p>Den <a href=\"https:\/\/www.kuechengoetter.de\/rezepte\/pain-brioche-brioche-80170\" rel=\"noopener\" target=\"_blank\">Teig f\u00fcr die Brioche<\/a> hatte ich morgens gleich mal aus der K\u00e4lte geholt, verarbeitete ihn aber erst nach zwei Stunden weiter. Selbst dann brauchte der geformte Teig nochmal gut zwei Stunden, bis er bis zum Rezept-Ziel &#8220;bis unter Rand der Form&#8221; gegangen war &#8211; Hefeteig ist nichts f\u00fcr straffe Zeitpl\u00e4ne.<\/p>\n<p><a href=\"https:\/\/www.vorspeisenplatte.de\/speisen\/archiv\/211224_04_Brioche.jpg\"><img loading=\"lazy\" decoding=\"async\" src=\"https:\/\/www.vorspeisenplatte.de\/speisen\/archiv\/211224_04_Brioche.jpg\" alt=\"\" width=\"312\" height=\"428\" class=\"alignnone size-full wp-image-73034\" \/><\/a><\/p>\n<p>Den Riesling-Sekt von Buhl, der nicht Champagner hei\u00dfen darf, obwohl nach Champagner-Methode hergestellt, hatte ich auf den Balkon zum Vork\u00fchlen gestellt. Und jedesmal wenn ich ihn im Vorbeigehen sah, freute ich mich auf ihn. H\u00e4tte ich nicht gewusst, wie schlecht mir Alkohol am Tag tut, h\u00e4tte ich gleich ein Glas getrunken. Aus mir wird in diesem Leben keine Trinkerin mehr.<\/p>\n<p>Ich turnte nochmal die Runde Yoga vom Mittwoch, vormittags machte sie deutlich mehr Spa\u00df als an einem gestressten Feierabend. Zum Fr\u00fchst\u00fcck gab es Apfel, Avocado, Dickmilch mit Orangen. Bett\u00fcberziehen, ein wenig Zeitungslekt\u00fcre, bis ich schon mal das Blaukraut f\u00fcrs Kochen am Samstag vorbereitete, <a href=\"https:\/\/chili-und-ciabatta.de\/2008\/12\/rotkraut-mit-balsamico\/\" rel=\"noopener\" target=\"_blank\">das Rezept von Petra &#8220;Chili und Ciabatta&#8221;<\/a> ist immer noch mein Favorit.<\/p>\n<p>Zwischen drei und vier liegt mittlerweile immer der Start zum Spaziergang &#8220;Wir suchen das Christkind&#8221;. Freundlicherweise machte der Regen gerade Pause, erst auf dem letzten St\u00fcck nach Hause wurde aus den vereinzelten Tropfen echter Regen. Im S\u00fcdfriedhof sah ich traurig in die leere Ecke, in der ohne Pandemie um diese Zeit Blechbl\u00e4ser Weihnachslieder spielen. Doch es war wieder sehr sch\u00f6n, in den Wohnh\u00e4usern im sich herabsenkenden Abend die leuchtenden Christb\u00e4ume hinter den Fenstern zu sehen. Hinter einem entdeckte ich die gleiche Wohnzimmerlampe, die wir gerade im Arbeitszimmer angebracht haben &#8211; sie ist aber auch sch\u00f6n.<\/p>\n<p><a href=\"https:\/\/www.vorspeisenplatte.de\/speisen\/archiv\/211224_11_Christkindspaziergang.jpg\"><img loading=\"lazy\" decoding=\"async\" src=\"https:\/\/www.vorspeisenplatte.de\/speisen\/archiv\/211224_11_Christkindspaziergang.jpg\" alt=\"\" width=\"554\" height=\"419\" class=\"alignnone size-full \" \/><\/a><\/p>\n<p>Dieses Wetter, mild und regnerisch, ist f\u00fcr mich inzwischen typisch Heiliger Abend &#8211; deswegen hatte mich der strenge Frost an den Tagen davor auch eher befremdet.<\/p>\n<p><a href=\"https:\/\/www.vorspeisenplatte.de\/speisen\/archiv\/211224_14_Christkindspaziergang.jpg\"><img loading=\"lazy\" decoding=\"async\" src=\"https:\/\/www.vorspeisenplatte.de\/speisen\/archiv\/211224_14_Christkindspaziergang.jpg\" alt=\"\" width=\"524\" height=\"393\" class=\"alignnone size-full\" \/><\/a><\/p>\n<p><a href=\"https:\/\/www.vorspeisenplatte.de\/speisen\/archiv\/211224_13_Christkindspaziergang.jpg\"><img loading=\"lazy\" decoding=\"async\" src=\"https:\/\/www.vorspeisenplatte.de\/speisen\/archiv\/211224_13_Christkindspaziergang.jpg\" alt=\"\" width=\"564\" height=\"423\" class=\"alignnone size-full \" \/><\/a><\/p>\n<p>Neue Kunst unter der Corneliusbr\u00fccke.<\/p>\n<p><a href=\"https:\/\/www.vorspeisenplatte.de\/speisen\/archiv\/211224_16_Christkindspaziergang.jpg\"><img loading=\"lazy\" decoding=\"async\" src=\"https:\/\/www.vorspeisenplatte.de\/speisen\/archiv\/211224_16_Christkindspaziergang.jpg\" alt=\"\" width=\"406\" height=\"517\" class=\"alignnone size-full wp-image-73041\" \/><\/a><\/p>\n<p>Mir war sehr bewusst, dass ich die beiden vergangenen Heiligen Abende wegen kaputter respektive frisch operierter H\u00fcfte deutlich weniger flott unterwegs gewesen war &#8211; ich genoss die zur\u00fcckgekehrte Mobilit\u00e4t. <\/p>\n<p>Daheim machte ich nach Langem wieder mal selbst Majonese, <a href=\"https:\/\/www.deliciousdays.com\/archives\/2009\/08\/12\/homemade-mayo-minute-made\/\" rel=\"noopener\" target=\"_blank\">nach dem bew\u00e4hrten Idiotenrezept von Nicky Stich<\/a>. Ich hatte vergessen, die Zutaten rechtzeitig aus dem K\u00fchlschrank zu holen, damit sie Zimmertemperatur annehmen konnten, und arbeitete waghalsig mit untemperierten &#8211; kein Problem.<\/p>\n<p>Kurzes Frischmachen und Umziehen, kein Christbaum, keine Weihnachtsdeko &#8211; aber Festmen\u00fc, das lautete:<\/p>\n<p>Eggnog.<br \/>\n1. Speckdatteln und Guacamole.<br \/>\nChampagner (der nicht so hei\u00dfen darf)<br \/>\n2. Vom Dallmayr Foie gras von gl\u00fccklichen Enten<sup><a href=\"#footnote_1_73022\" id=\"identifier_1_73022\" class=\"footnote-link footnote-identifier-link\" title=\"Hatte ich schon Anfang Dezember besorgt, vor dem gro&szlig;en Andrang beim Dallmayr, und bis vorgestern eingefroren &ndash; kein Qualit&auml;tsverlust.\">1<\/a><\/sup> mit hervorragend passendem Weingelee zu Brioche. (Sein&#8217;S mir nicht b\u00f6s: Ist Brioche vielleicht einfach ein glorifizierter Hefezopf?)<br \/>\n3. Artischocken mit Aioli.<br \/>\n4. Dosenpfirsiche.<br \/>\nSpanischer <i>turr\u00f3n<\/i> und Brandy.<\/p>\n<p><a href=\"https:\/\/www.vorspeisenplatte.de\/speisen\/archiv\/211224_Menue.jpg\"><img loading=\"lazy\" decoding=\"async\" src=\"https:\/\/www.vorspeisenplatte.de\/speisen\/archiv\/211224_Menue.jpg\" alt=\"\" width=\"444\" height=\"504\" class=\"alignnone size-full wp-image-73032\" \/><\/a><\/p>\n<p>Beim Champagner\u00f6ffnen ergab sich eine Situation:<\/p>\n<p><a href=\"https:\/\/www.vorspeisenplatte.de\/speisen\/archiv\/211224_20_Nachtmahl.jpg\"><img loading=\"lazy\" decoding=\"async\" src=\"https:\/\/www.vorspeisenplatte.de\/speisen\/archiv\/211224_20_Nachtmahl.jpg\" alt=\"\" width=\"302\" height=\"263\" class=\"alignnone size-full wp-image-73050\" \/><\/a><\/p>\n<p>Er lie\u00df sich n\u00e4mlich nicht \u00f6ffnen. Herr Kaltmamsell prokelte so lange am Korken herum, bis das obere St\u00fcck abbrach und er den Rest mit dem Korkenzieher herausbekam.<\/p>\n<p>Die Dosenpfirsiche und der Brandy passten letztlich leider nicht mehr rein.<br \/>\nIrgendwann lie\u00dfen wir dazu <i>Sissi<\/i> von 1955 laufen und stellten fest: Da passiert aber nicht viel.<\/p>\n<p>Geschenke gab es auch: Zuschuss zur neuen Wohnungseinrichtung, Sitzkissen f\u00fcr unsere neuen St\u00fchle, edles Oliven\u00f6l aus Florenz. Herr Kaltmamsell hielt sogar bis nach zehn durch, doch als mein Bruder zum Heilig-Abend-Telefonat anrief, hatte er bereits die Zahnb\u00fcrste im Mund. Ich r\u00e4umte noch ein wenig, las im Bett eine Runde. <img loading=\"lazy\" decoding=\"async\" src=\"https:\/\/vg05.met.vgwort.de\/na\/96a0e77890d64328a97b5cd467ca66ac\" width=\"1\" height=\"1\" alt=\"\"\/><\/p>\n<ol class=\"footnotes\"><li id=\"footnote_1_73022\" class=\"footnote\">Hatte ich schon Anfang Dezember besorgt, vor dem gro\u00dfen Andrang beim Dallmayr, und bis vorgestern eingefroren &#8211; kein Qualit\u00e4tsverlust.<span class=\"footnote-back-link-wrapper\"> [<a href=\"#identifier_1_73022\" class=\"footnote-link footnote-back-link\">&#8617;<\/a>]<\/span><\/li><\/ol>","protected":false},"excerpt":{"rendered":"<p>Ausgeschlafen bis NACH sechs! Erst mal die erste Maschine mit Bettw\u00e4sche und sp\u00e4ter die zweite mit Handt\u00fcchern gef\u00fcllt und gestartet. Der Sonnenaufgang haute sich nochmal rein. Dann aber setzte Regen ein, der den ganzen Tag anhielt. Den Teig f\u00fcr die Brioche hatte ich morgens gleich mal aus der K\u00e4lte geholt, verarbeitete ihn aber erst nach [&hellip;]<\/p>\n","protected":false},"author":2,"featured_media":0,"comment_status":"open","ping_status":"closed","sticky":false,"template":"","format":"standard","meta":{"footnotes":""},"categories":[6,2,1],"tags":[],"class_list":["post-73022","post","type-post","status-publish","format-standard","hentry","category-essen","category-fotos","category-general"],"_links":{"self":[{"href":"https:\/\/www.vorspeisenplatte.de\/speisen\/wp-json\/wp\/v2\/posts\/73022","targetHints":{"allow":["GET"]}}],"collection":[{"href":"https:\/\/www.vorspeisenplatte.de\/speisen\/wp-json\/wp\/v2\/posts"}],"about":[{"href":"https:\/\/www.vorspeisenplatte.de\/speisen\/wp-json\/wp\/v2\/types\/post"}],"author":[{"embeddable":true,"href":"https:\/\/www.vorspeisenplatte.de\/speisen\/wp-json\/wp\/v2\/users\/2"}],"replies":[{"embeddable":true,"href":"https:\/\/www.vorspeisenplatte.de\/speisen\/wp-json\/wp\/v2\/comments?post=73022"}],"version-history":[{"count":3,"href":"https:\/\/www.vorspeisenplatte.de\/speisen\/wp-json\/wp\/v2\/posts\/73022\/revisions"}],"predecessor-version":[{"id":82469,"href":"https:\/\/www.vorspeisenplatte.de\/speisen\/wp-json\/wp\/v2\/posts\/73022\/revisions\/82469"}],"wp:attachment":[{"href":"https:\/\/www.vorspeisenplatte.de\/speisen\/wp-json\/wp\/v2\/media?parent=73022"}],"wp:term":[{"taxonomy":"category","embeddable":true,"href":"https:\/\/www.vorspeisenplatte.de\/speisen\/wp-json\/wp\/v2\/categories?post=73022"},{"taxonomy":"post_tag","embeddable":true,"href":"https:\/\/www.vorspeisenplatte.de\/speisen\/wp-json\/wp\/v2\/tags?post=73022"}],"curies":[{"name":"wp","href":"https:\/\/api.w.org\/{rel}","templated":true}]}}