{"id":73553,"date":"2022-01-19T06:30:53","date_gmt":"2022-01-19T05:30:53","guid":{"rendered":"https:\/\/www.vorspeisenplatte.de\/speisen\/?p=73553"},"modified":"2024-01-29T19:26:55","modified_gmt":"2024-01-29T18:26:55","slug":"journal-dienstag-18-januar-2022-ein-voellig-durchschnittlicher-arbeitstag-im-januar","status":"publish","type":"post","link":"https:\/\/www.vorspeisenplatte.de\/speisen\/2022\/01\/journal-dienstag-18-januar-2022-ein-voellig-durchschnittlicher-arbeitstag-im-januar.htm","title":{"rendered":"Journal Dienstag, 18. Januar 2022 &#8211; Ein v\u00f6llig durchschnittlicher Arbeitstag im Januar"},"content":{"rendered":"<p>Wie: Erst Dienstag?<br \/>\nWider Erwarten hatte ich gut geschlafen, meine \u00c4ngste und ihr Einfluss auf meine N\u00e4chte bleiben unergr\u00fcndlich.<\/p>\n<p>Als ich im Bad halbnass ins Badetuch gewickelt wieder nicht nur die Glas-Trennwand, sondern auch die grundgereinigt gl\u00e4nzenden Kacheln rundum sorgf\u00e4ltig abtrockenete, weil sonst Verkalken und Schimmel drohen, was ungef\u00e4hr so lange dauerte wie das Duschen selbst, fragte ich mich schon: An welcher Stelle sind wir da zivilisatorisch blo\u00df falsch abgebogen?<\/p>\n<p>Drau\u00dfen waren Stra\u00dfen und Wege nass, die Temperaturen nur mittelkalt &#8211; aber inzwischen wei\u00df ich, dass der Boden zwischen Bavariapark und Verkehrsmuseum genau dann eisglatt sein kann. Ich ging vorsichtig, schlidderte nur wenig.<\/p>\n<p>Arbeitsstart wieder unter gro\u00dfem Druck und mit einigen Unw\u00e4gbarkeiten.<\/p>\n<p>Mittagessen: Apfel, Avocado (von einem nicht-adoptierten Baum: schmeckt gleich ganz anders) (Scherz) mit Balsamico, Zitrus-Obstsalat (Orange &#8211; die Sorte Vaniglia wie von der Verk\u00e4uferin angek\u00fcndigt besonders s\u00fc\u00df, aber nicht sehr aromatisch -, Mandarine, Grapefruit).<\/p>\n<p>Nachmittags beruhigte sich die Lage, ich konnte ruhig Dinge wegarbeiten.<\/p>\n<p>Auf dem Heimweg kaufte ich noch Granat\u00e4pfel ein, auch wenn die Saison merklich zu Ende geht und sie nicht besonders sch\u00f6n waren. Sp\u00e4ter adoptierte ich f\u00fcr die n\u00e4chste Saison bei Crowdfarming einen Granatapfelbaum, dieser Fr\u00fcchte werde ich nicht so schnell \u00fcberdr\u00fcssig (Lieferung kommt aber auch in 5-Kilo-Kisten statt in der 10-Kilo-Portion der Orangen).<\/p>\n<p>Daheim Yoga, die Einstiegsfolge in die 30 Tage &#8220;Move&#8221;, war in Ordnung. Ich bilde mir ein, dass Yoga vor allem f\u00fcr meine heikle und OP-geplagte H\u00fcftmuskulatur genau das Richtige ist.<\/p>\n<p>Abendessen aus der Hand von Herrn Kaltmamsell: Linsen mit Stangensellerie und Guanciale, dazu ged\u00e4mpfte Ernteanteil-Kartoffeln. Nachtisch Halva und Schokolade.<\/p>\n<p>\u00a7<\/p>\n<p><a href=\"https:\/\/twitter.com\/MelsGedanken\/status\/1483315601431007234\" rel=\"noopener\" target=\"_blank\">Ein Schultag Distanzunterricht aus Lehrenden-Perspektive.<\/a><\/p>\n<p>\u00a7<\/p>\n<p><a href=\"https:\/\/twitter.com\/PreetBharara\/status\/1482937872449744896\" rel=\"noopener\" target=\"_blank\">ENTH\u00dcLLUNGEN \u00dcBER ELVIS!<\/a> <img loading=\"lazy\" decoding=\"async\" src=\"https:\/\/vg05.met.vgwort.de\/na\/001869bd47c44eb0b9a51142e29c8fcb\" width=\"1\" height=\"1\" alt=\"\"\/><\/p>\n","protected":false},"excerpt":{"rendered":"<p>Wie: Erst Dienstag? Wider Erwarten hatte ich gut geschlafen, meine \u00c4ngste und ihr Einfluss auf meine N\u00e4chte bleiben unergr\u00fcndlich. Als ich im Bad halbnass ins Badetuch gewickelt wieder nicht nur die Glas-Trennwand, sondern auch die grundgereinigt gl\u00e4nzenden Kacheln rundum sorgf\u00e4ltig abtrockenete, weil sonst Verkalken und Schimmel drohen, was ungef\u00e4hr so lange dauerte wie das Duschen [&hellip;]<\/p>\n","protected":false},"author":2,"featured_media":0,"comment_status":"open","ping_status":"closed","sticky":false,"template":"","format":"standard","meta":{"footnotes":""},"categories":[1],"tags":[],"class_list":["post-73553","post","type-post","status-publish","format-standard","hentry","category-general"],"_links":{"self":[{"href":"https:\/\/www.vorspeisenplatte.de\/speisen\/wp-json\/wp\/v2\/posts\/73553","targetHints":{"allow":["GET"]}}],"collection":[{"href":"https:\/\/www.vorspeisenplatte.de\/speisen\/wp-json\/wp\/v2\/posts"}],"about":[{"href":"https:\/\/www.vorspeisenplatte.de\/speisen\/wp-json\/wp\/v2\/types\/post"}],"author":[{"embeddable":true,"href":"https:\/\/www.vorspeisenplatte.de\/speisen\/wp-json\/wp\/v2\/users\/2"}],"replies":[{"embeddable":true,"href":"https:\/\/www.vorspeisenplatte.de\/speisen\/wp-json\/wp\/v2\/comments?post=73553"}],"version-history":[{"count":3,"href":"https:\/\/www.vorspeisenplatte.de\/speisen\/wp-json\/wp\/v2\/posts\/73553\/revisions"}],"predecessor-version":[{"id":94833,"href":"https:\/\/www.vorspeisenplatte.de\/speisen\/wp-json\/wp\/v2\/posts\/73553\/revisions\/94833"}],"wp:attachment":[{"href":"https:\/\/www.vorspeisenplatte.de\/speisen\/wp-json\/wp\/v2\/media?parent=73553"}],"wp:term":[{"taxonomy":"category","embeddable":true,"href":"https:\/\/www.vorspeisenplatte.de\/speisen\/wp-json\/wp\/v2\/categories?post=73553"},{"taxonomy":"post_tag","embeddable":true,"href":"https:\/\/www.vorspeisenplatte.de\/speisen\/wp-json\/wp\/v2\/tags?post=73553"}],"curies":[{"name":"wp","href":"https:\/\/api.w.org\/{rel}","templated":true}]}}