{"id":73710,"date":"2022-01-28T06:44:17","date_gmt":"2022-01-28T05:44:17","guid":{"rendered":"https:\/\/www.vorspeisenplatte.de\/speisen\/?p=73710"},"modified":"2022-01-28T06:53:52","modified_gmt":"2022-01-28T05:53:52","slug":"journal-donnerstag-27-januar-2022-arbeit-mit-stoerung","status":"publish","type":"post","link":"https:\/\/www.vorspeisenplatte.de\/speisen\/2022\/01\/journal-donnerstag-27-januar-2022-arbeit-mit-stoerung.htm","title":{"rendered":"Journal Donnerstag, 27. Januar 2022 &#8211; Arbeit mit &#8220;St\u00f6rung&#8221;"},"content":{"rendered":"<p>Nur dreimal B\u00c4NG!-Aufwachen geht derzeit als gute Nacht durch.<\/p>\n<p>Zackiger Morgen, zum Warmhalten marschierte ich auch besonders zackig in die Arbeit. Wolkenloser Himmel, eisiger Bodennebel.<\/p>\n<p>Turbulenter Arbeitsvormittag. Die Dichte der Probleme (ich dachte oft an meinen Vater, der in der Instandhaltung einer riesigen Fabrik arbeitete, wie er manchmal v\u00f6llig fertig von der Schicht nach Hause kam und die Erkl\u00e4rung fast immer lautete: &#8220;St\u00f6rung.&#8221;) brachte mich nahe an Verzweiflung, jede kleine L\u00f6sung erzeugte die Euphorie &#8220;so sch\u00f6n, wenn der Schmerz nachl\u00e4sst&#8221;.<\/p>\n<p>Beim Einpacken der Brotzeit (ein Glas mit zwei Orangen und zwei Clementinen in St\u00fccken, ein 500ml-Glas Quark mit Joghurt) hatte ich noch gedacht: Das ist zu viel, ich werden mich \u00fcberfressen f\u00fchlen. Zur Mittagspause kam ich auf die brillante Idee, erst mal nur die H\u00e4lfte Joghurtquark zu essen, dann das Obst &#8211; und tats\u00e4chlich war ich dann so satt, dass ich den restlichen Joghurtquark f\u00fcr Freitag in den K\u00fchlschrank stellte (<i>find what feels good<\/i>!). M\u00f6glicherweise die Idee, auf die ich gestern am allerstolzesten war.<\/p>\n<p>Zu Feierabend war ich ziemlich erledigt.<\/p>\n<p><a href=\"https:\/\/www.vorspeisenplatte.de\/speisen\/archiv\/220128_02_Heimeranplatz.jpg\"><img loading=\"lazy\" decoding=\"async\" class=\"alignnone size-full wp-image-73723\" src=\"https:\/\/www.vorspeisenplatte.de\/speisen\/archiv\/220128_02_Heimeranplatz.jpg\" alt=\"\" width=\"384\" height=\"455\" \/><\/a><\/p>\n<p><a href=\"https:\/\/www.vorspeisenplatte.de\/speisen\/archiv\/220128_03_Bueroblick.jpg\"><img loading=\"lazy\" decoding=\"async\" class=\"alignnone size-full wp-image-73724\" src=\"https:\/\/www.vorspeisenplatte.de\/speisen\/archiv\/220128_03_Bueroblick.jpg\" alt=\"\" width=\"432\" height=\"513\" \/><\/a><\/p>\n<p>Das Abendrosa machte mir bewusst, dass der Tag herrlich sonnig gewesen war, Temperaturen etwas \u00fcber Null.<\/p>\n<p>Direkter Heimweg: Mir fiel kein Anlass f\u00fcr einen Umweg ein, und ich freute mich auf eine Runde Yoga. Diese <a href=\"https:\/\/youtu.be\/EZ8H7AvIF3k\" target=\"_blank\" rel=\"noopener\">Folge 9 des 30-Tage-Programms &#8220;Move&#8221;<\/a> f\u00fchlte sich ungew\u00f6hnlich an und gut, die will ich nochmal machen.<\/p>\n<p>W\u00e4hrend ich meine Brotzeit f\u00fcr Freitag schnippelte (mehr Orangen und Clementinen) briet Herr Kaltmamsell das Abendessen: Bratkartoffeln aus frisch geholtem Ernteanteil mit Spiegelei, ich machte den Ernteanteil-Portulak mit einer klassischen Vinaigrette an. Nachtisch Schokolade.<\/p>\n<p>Mehr Wohnungseinrichtung: Ich ging meine Einmerker daf\u00fcr durch, beriet mich mit Herrn Kaltmamsell und bestellte f\u00fcr den Flur einen Teppichl\u00e4ufer. Auch f\u00fcrs Wohnzimmer fand ich einen Teppich (d\u00fcnner Kelim), der uns beiden gefiel, muss aber noch l\u00e4nger \u00fcberlegen, ob ein kontrastreiches Muster den Raum nicht zu unruhig macht.<\/p>\n<p>\u00a7<\/p>\n<p>Was Genozid auch bedeutet: Dass niemand mehr da ist, der sich an einzelne Ermordete erinnert. Genau dagegen arbeitet <a href=\"https:\/\/www.yadvashem.org\/de.html\" target=\"_blank\" rel=\"noopener\">Yad Vashem<\/a>, und auf Twitter hat gestern zum Holocaust Gedenktag <a href=\"https:\/\/twitter.com\/hugorifkind\/status\/1486733736083292163\" target=\"_blank\" rel=\"noopener\">@hugorifkind die Geschichte von Sulamita Szapiro<\/a> aufgeschrieben &#8211; und warum er sich als Bewahrer ihres Andenkens sieht.<\/p>\n<p>\u00a7<\/p>\n<p>H\u00e4tte ich auch nicht gedacht: Dass ich mir mal w\u00fcnsche, mich bei Dior einkleiden zu d\u00fcrfen &#8211; diese perfekten Schnitte! <a href=\"https:\/\/www.vogue.com\/fashion-shows\/spring-2022-couture\/christian-dior\/slideshow\/collection#1\" target=\"_blank\" rel=\"noopener\">Hier die Christian Dior Spring 2022 Couture als Dia-Show.<\/a> (Meine Favoriten: <a href=\"https:\/\/www.vogue.com\/fashion-shows\/spring-2022-couture\/christian-dior\/slideshow\/collection#5\" target=\"_blank\" rel=\"noopener\">Dieser Mantel<\/a>, <a href=\"https:\/\/www.vogue.com\/fashion-shows\/spring-2022-couture\/christian-dior\/slideshow\/collection#10\" target=\"_blank\" rel=\"noopener\">dieses Kleid<\/a>, <a href=\"https:\/\/www.vogue.com\/fashion-shows\/spring-2022-couture\/christian-dior\/slideshow\/collection#22\" target=\"_blank\" rel=\"noopener\">dieses Kost\u00fcm<\/a>, <a href=\"https:\/\/www.vogue.com\/fashion-shows\/spring-2022-couture\/christian-dior\/slideshow\/collection#25\" target=\"_blank\" rel=\"noopener\">dieses Abendkleid<\/a>, <a href=\"https:\/\/www.vogue.com\/fashion-shows\/spring-2022-couture\/christian-dior\/slideshow\/collection#37\" target=\"_blank\" rel=\"noopener\">dieser Anzug<\/a>.)<img loading=\"lazy\" decoding=\"async\" src=\"https:\/\/vg05.met.vgwort.de\/na\/4d325d2e167f4833b5e5f40e0a3ca090\" alt=\"\" width=\"1\" height=\"1\" \/><\/p>\n","protected":false},"excerpt":{"rendered":"<p>Nur dreimal B\u00c4NG!-Aufwachen geht derzeit als gute Nacht durch. Zackiger Morgen, zum Warmhalten marschierte ich auch besonders zackig in die Arbeit. Wolkenloser Himmel, eisiger Bodennebel. Turbulenter Arbeitsvormittag. Die Dichte der Probleme (ich dachte oft an meinen Vater, der in der Instandhaltung einer riesigen Fabrik arbeitete, wie er manchmal v\u00f6llig fertig von der Schicht nach Hause [&hellip;]<\/p>\n","protected":false},"author":2,"featured_media":0,"comment_status":"open","ping_status":"closed","sticky":false,"template":"","format":"standard","meta":{"footnotes":""},"categories":[2,1],"tags":[],"class_list":["post-73710","post","type-post","status-publish","format-standard","hentry","category-fotos","category-general"],"_links":{"self":[{"href":"https:\/\/www.vorspeisenplatte.de\/speisen\/wp-json\/wp\/v2\/posts\/73710","targetHints":{"allow":["GET"]}}],"collection":[{"href":"https:\/\/www.vorspeisenplatte.de\/speisen\/wp-json\/wp\/v2\/posts"}],"about":[{"href":"https:\/\/www.vorspeisenplatte.de\/speisen\/wp-json\/wp\/v2\/types\/post"}],"author":[{"embeddable":true,"href":"https:\/\/www.vorspeisenplatte.de\/speisen\/wp-json\/wp\/v2\/users\/2"}],"replies":[{"embeddable":true,"href":"https:\/\/www.vorspeisenplatte.de\/speisen\/wp-json\/wp\/v2\/comments?post=73710"}],"version-history":[{"count":3,"href":"https:\/\/www.vorspeisenplatte.de\/speisen\/wp-json\/wp\/v2\/posts\/73710\/revisions"}],"predecessor-version":[{"id":73731,"href":"https:\/\/www.vorspeisenplatte.de\/speisen\/wp-json\/wp\/v2\/posts\/73710\/revisions\/73731"}],"wp:attachment":[{"href":"https:\/\/www.vorspeisenplatte.de\/speisen\/wp-json\/wp\/v2\/media?parent=73710"}],"wp:term":[{"taxonomy":"category","embeddable":true,"href":"https:\/\/www.vorspeisenplatte.de\/speisen\/wp-json\/wp\/v2\/categories?post=73710"},{"taxonomy":"post_tag","embeddable":true,"href":"https:\/\/www.vorspeisenplatte.de\/speisen\/wp-json\/wp\/v2\/tags?post=73710"}],"curies":[{"name":"wp","href":"https:\/\/api.w.org\/{rel}","templated":true}]}}