{"id":74405,"date":"2022-02-27T08:33:19","date_gmt":"2022-02-27T07:33:19","guid":{"rendered":"https:\/\/www.vorspeisenplatte.de\/speisen\/?p=74405"},"modified":"2023-02-02T16:01:09","modified_gmt":"2023-02-02T15:01:09","slug":"journal-samstag-26-februar-2022-isarlauf-wohnzimmernachmittag-operettenabend","status":"publish","type":"post","link":"https:\/\/www.vorspeisenplatte.de\/speisen\/2022\/02\/journal-samstag-26-februar-2022-isarlauf-wohnzimmernachmittag-operettenabend.htm","title":{"rendered":"Journal Samstag, 26. Februar 2022 &#8211; Isarlauf, Wohnzimmernachmittag, Operettenabend"},"content":{"rendered":"<p>Mittelschlechte Nacht, zumindest dauerte der st\u00fcckweise Schlaf bis sieben.<\/p>\n<p>Gem\u00fctlicher Morgen bis ich mich fertigmachte zu einer Laufrunde an der Isar. Das Drau\u00dfen war bew\u00f6lkt und kalt, die Luft biss frostiger, als mich die nassen Stra\u00dfen h\u00e4tten vermuten lassen.<\/p>\n<p>Ich lief \u00fcber den Alten S\u00fcdfriedhof an die Wittelsbacherbr\u00fccke, nach Thalkirchen, zur Gro\u00dfhesseloher Br\u00fccke und drehte an der Waldwirtschaft um, nahm am Thalkirchner U-Bahnhof nach Semmelkauf eine U-Bahn zur\u00fcck. Der alte K\u00f6rper spielte gut mit, erst in der letzten Viertelstunde zwickten die Waden<\/p>\n<p>Samstagvormittag bleibt die beste Sportzeit der Woche: Ich genoss herrlich leere Wege an der Isar. So lief ich zwischen Thalkirchen und Gro\u00dfhesseloher Br\u00fccke nach Langem mal wieder Hauptwege, die ich sonst wegen zu vieler Menschen meide.<\/p>\n<p>Unterwegs kam bald die Sonne heraus und wechselte sich mit verschiedenen Wolken ab. Auch an der Isar hatten die St\u00fcrme der Vorwoche gew\u00fctet, ich sah etliche riesige Baumleichen bereits f\u00fcr den Transport zerst\u00fcckelt, oft auch nur noch ihre St\u00fcmpfe (ordentliche Stadt, hier bleibt nichts lang herumliegen).<\/p>\n<p><a href=\"https:\/\/www.vorspeisenplatte.de\/speisen\/archiv\/220226_02_Wittelbacherbr.jpg\"><img loading=\"lazy\" decoding=\"async\" src=\"https:\/\/www.vorspeisenplatte.de\/speisen\/archiv\/220226_02_Wittelbacherbr.jpg\" alt=\"\" width=\"421\" height=\"526\" class=\"alignnone size-full wp-image-74416\" \/><\/a><\/p>\n<p>Hinter der Wittelsbacherbr\u00fccke.<\/p>\n<p><a href=\"https:\/\/www.vorspeisenplatte.de\/speisen\/archiv\/220226_04_Flaucher.jpg\"><img loading=\"lazy\" decoding=\"async\" src=\"https:\/\/www.vorspeisenplatte.de\/speisen\/archiv\/220226_04_Flaucher.jpg\" alt=\"\" width=\"598\" height=\"475\" class=\"alignnone size-full wp-image-74417\" \/><\/a><\/p>\n<p>Blick vom Flaucher Richtung Thalkirchen.<\/p>\n<p><a href=\"https:\/\/www.vorspeisenplatte.de\/speisen\/archiv\/220226_07_MariaEinsiedel.jpg\"><img loading=\"lazy\" decoding=\"async\" src=\"https:\/\/www.vorspeisenplatte.de\/speisen\/archiv\/220226_07_MariaEinsiedel.jpg\" alt=\"\" width=\"432\" height=\"554\" class=\"alignnone size-full wp-image-74418\" \/><\/a><\/p>\n<p>Isarwehrkanal.<\/p>\n<p><a href=\"https:\/\/www.vorspeisenplatte.de\/speisen\/archiv\/220226_08_Isarfloesser.jpg\"><img loading=\"lazy\" decoding=\"async\" src=\"https:\/\/www.vorspeisenplatte.de\/speisen\/archiv\/220226_08_Isarfloesser.jpg\" alt=\"\" width=\"409\" height=\"554\" class=\"alignnone size-full wp-image-74419\" \/><\/a><\/p>\n<p>Der <a href=\"https:\/\/de.wikipedia.org\/wiki\/Der_Isarfl%C3%B6%C3%9Fer\" rel=\"noopener\" target=\"_blank\">Isarfl\u00f6\u00dfer von Fritz Koelle<\/a>.<\/p>\n<p><a href=\"https:\/\/www.vorspeisenplatte.de\/speisen\/archiv\/220226_10_Isarwehrkanal.jpg\"><img loading=\"lazy\" decoding=\"async\" src=\"https:\/\/www.vorspeisenplatte.de\/speisen\/archiv\/220226_10_Isarwehrkanal.jpg\" alt=\"\" width=\"524\" height=\"393\" class=\"alignnone size-full \" \/><\/a><\/p>\n<p>Letztes St\u00fcck Isarwehrkanal vor der Thalkirchner Br\u00fccke.<br \/>\n(Ich bin mit der Bildbearbeitung in der aktuellen Gimp-Version unzufrieden: W\u00e4hrend die Bild-Verkleinerung als Ansicht auf dem Bildschirm super aussieht, sind die tats\u00e4chlich verkleinerten Versionen f\u00fcrs Blog deutlich weniger scharf bis zerpixelt. Werde wohl doch Anleitungen lesen m\u00fcssen.)<\/p>\n<p>Gestern gelernt: Wenn man beim U-Bahn-Fahren weiterhin Abstand h\u00e4lt, kann es passieren, dass einem beim Einsteigen die T\u00fcr vor der Nase geschlossen wird. Zum Gl\u00fcck sah mich die U-Bahn-Fahrerin und lie\u00df mich die T\u00fcr nochmal \u00f6ffnen, ich war ausgesprochen verdutzt.<\/p>\n<p>Fr\u00fchst\u00fcck um halb zwei: Semmeln, Mandarinen, Halbtrockenpflaumen, und weil ich mich dann immer noch nicht richtig satt f\u00fchlte, auch noch Sauerteigcracker &#8211; die mir anschlie\u00dfend allerdings sehr schwer im Magen lagen.<\/p>\n<p>Ich hatte einen echten freien Tag, legte mich wegen Bettschwere zu einem St\u00fcndchen Siesta hin. Dann Zeitunglesen im Sessel in Sonnenlicht, dominantes Thema nat\u00fcrlich der Angriff Russlands auf die Ukraine. Es ist f\u00fcr die Berichterstattung schwierig, an verl\u00e4ssliche Informationen \u00fcber aktuelle Abl\u00e4ufe zu kommen; das war in Krisen zwar schon immer so, doch unsere Mediengewohnheiten haben zu deutlich gestiegenen Anspr\u00fcchen an Aktualit\u00e4t und Unmittelbarkeit gef\u00fchrt &#8211; nur dass Echtzeit sich nicht vertr\u00e4gt mit Pr\u00fcfung und Absicherung von Information, schon gar nicht mit Einordnung und Analyse.<\/p>\n<p>Apropos Einordnung und Analyse: Gestern fand ich endlich Zeit, mir die arte-Doku \u00fcber Angela Merkel anzusehen, <a href=\"https:\/\/www.arte.tv\/de\/videos\/058922-000-F\/angela-merkel-im-lauf-der-zeit\/\" rel=\"noopener\" target=\"_blank\"><i>Angela Merkel &#8211; Im Lauf der Zeit<\/i><\/a>. Ich sah sie gefesselt, fand sehr aufschlussreich, wer alles \u00fcber Erlebnisse mit ihr sprach (durchaus nicht nur Menschen aus ihrem eigenen politischen Lager) und wer nicht &#8211; ein &#8220;Making of&#8221; w\u00fcrde mich arg interessieren.<\/p>\n<p>Jetzt waren die Sauerteigcracker genug verdaut f\u00fcr eine Runde Yoga, ich wiederholte die Move-Folge 24 vom Donnerstag.<\/p>\n<p>Den ganzen Nachmittag \u00fcber hatte das Abendessen bei niedriger Temparatur im Ofen gegart: Ein Mufflonbraten, den Herr Kaltmamsell schon im Dezember gekauft und eingefroren hatte. Er servierte ihn mit selbst geschabten Sp\u00e4tzle, schmeckte sehr gut &#8211; und das Fleisch war fest, aber nicht z\u00e4h, schmeckte eher nach Wild als nach Lamm. Dazu gab es ein Glas Lemberger, Nachtisch S\u00fc\u00dfigkeiten.<\/p>\n<p>Im Fernsehen lie\u00dfen wir <a href=\"https:\/\/www.3sat.de\/kultur\/musik\/die-fledermaus-staatsoper-wien-2021-100.html\" rel=\"noopener\" target=\"_blank\">eine klassische (Otto Schenk) Inszenierung von <i>Die Fledermaus<\/i><\/a> laufen, Herr Kaltmamsell liebt die Operette und wei\u00df zu jedem Detail Hintergrund. Ich assoziiere damit am liebsten <a href=\"https:\/\/youtu.be\/GKK3k7y12Rs\" rel=\"noopener\" target=\"_blank\">Florence Foster Jenkins und ihre epochale Interpretation von &#8220;Mein Herr Marquis&#8221;<\/a>, die ich, wie ich gestern feststellte, ziemlich trefflich nachahmen kann. (Armer Herr Kaltmamsell.)<\/p>\n<p>Im Bett noch lange gelesen.<\/p>\n<p>\u00a7<\/p>\n<p>Auch zum Krieg in der Ukraine gibt es fundierte Expertise. Hier ein Beitrag <a href=\"https:\/\/www.swp-berlin.org\/die-swp\/ueber-uns\" rel=\"noopener\" target=\"_blank\">der Stiftung Wissenschaft und Politik (SWP)<\/a> in \u00fcbersichtlich strukturierten Kapiteln:<br \/>\n<a href=\"https:\/\/www.swp-berlin.org\/publikation\/zeitenwende-fuer-die-euro-atlantische-sicherheit\" rel=\"noopener\" target=\"_blank\">&#8220;Russischer Angriff auf die Ukraine: Zeitenwende f\u00fcr die euro-atlantische Sicherheit&#8221;.<\/a><\/p>\n<blockquote><p>Der russische Angriff auf die Ukraine wird \u00fcber den milit\u00e4rischen Konflikt hinaus schwerwiegende Folgen f\u00fcr die euro-atlantische Sicherheit haben. In einer ersten multiperspektivischen Lageanalyse nimmt die SWP eine Einordnung vor im Hinblick auf die russische Innenpolitik, die Situation in der Ukraine, westliche Sanktionen und die Antwort der Nato, Chinas Rolle und das V\u00f6lkerrecht.<\/p><\/blockquote>\n<p> <img loading=\"lazy\" decoding=\"async\" src=\"https:\/\/vg02.met.vgwort.de\/na\/114c8364e6694fe0af82cc34d4ffc529\" width=\"1\" height=\"1\" alt=\"\"\/><\/p>\n","protected":false},"excerpt":{"rendered":"<p>Mittelschlechte Nacht, zumindest dauerte der st\u00fcckweise Schlaf bis sieben. Gem\u00fctlicher Morgen bis ich mich fertigmachte zu einer Laufrunde an der Isar. Das Drau\u00dfen war bew\u00f6lkt und kalt, die Luft biss frostiger, als mich die nassen Stra\u00dfen h\u00e4tten vermuten lassen. Ich lief \u00fcber den Alten S\u00fcdfriedhof an die Wittelsbacherbr\u00fccke, nach Thalkirchen, zur Gro\u00dfhesseloher Br\u00fccke und drehte [&hellip;]<\/p>\n","protected":false},"author":2,"featured_media":0,"comment_status":"open","ping_status":"closed","sticky":false,"template":"","format":"standard","meta":{"footnotes":""},"categories":[2,1],"tags":[],"class_list":["post-74405","post","type-post","status-publish","format-standard","hentry","category-fotos","category-general"],"_links":{"self":[{"href":"https:\/\/www.vorspeisenplatte.de\/speisen\/wp-json\/wp\/v2\/posts\/74405","targetHints":{"allow":["GET"]}}],"collection":[{"href":"https:\/\/www.vorspeisenplatte.de\/speisen\/wp-json\/wp\/v2\/posts"}],"about":[{"href":"https:\/\/www.vorspeisenplatte.de\/speisen\/wp-json\/wp\/v2\/types\/post"}],"author":[{"embeddable":true,"href":"https:\/\/www.vorspeisenplatte.de\/speisen\/wp-json\/wp\/v2\/users\/2"}],"replies":[{"embeddable":true,"href":"https:\/\/www.vorspeisenplatte.de\/speisen\/wp-json\/wp\/v2\/comments?post=74405"}],"version-history":[{"count":3,"href":"https:\/\/www.vorspeisenplatte.de\/speisen\/wp-json\/wp\/v2\/posts\/74405\/revisions"}],"predecessor-version":[{"id":84178,"href":"https:\/\/www.vorspeisenplatte.de\/speisen\/wp-json\/wp\/v2\/posts\/74405\/revisions\/84178"}],"wp:attachment":[{"href":"https:\/\/www.vorspeisenplatte.de\/speisen\/wp-json\/wp\/v2\/media?parent=74405"}],"wp:term":[{"taxonomy":"category","embeddable":true,"href":"https:\/\/www.vorspeisenplatte.de\/speisen\/wp-json\/wp\/v2\/categories?post=74405"},{"taxonomy":"post_tag","embeddable":true,"href":"https:\/\/www.vorspeisenplatte.de\/speisen\/wp-json\/wp\/v2\/tags?post=74405"}],"curies":[{"name":"wp","href":"https:\/\/api.w.org\/{rel}","templated":true}]}}