{"id":74539,"date":"2022-03-03T06:32:27","date_gmt":"2022-03-03T05:32:27","guid":{"rendered":"https:\/\/www.vorspeisenplatte.de\/speisen\/?p=74539"},"modified":"2022-03-03T06:32:27","modified_gmt":"2022-03-03T05:32:27","slug":"journal-mittwoch-2-maerz-2022-ereignisloser-arbeitstag","status":"publish","type":"post","link":"https:\/\/www.vorspeisenplatte.de\/speisen\/2022\/03\/journal-mittwoch-2-maerz-2022-ereignisloser-arbeitstag.htm","title":{"rendered":"Journal Mittwoch, 2. M\u00e4rz 2022 &#8211; Ereignisloser Arbeitstag"},"content":{"rendered":"<p>Die Nacht war ok, aufgewacht vor Weckerklingeln.<\/p>\n<p>Der Tag startete wieder sonnig und knackig kalt, bew\u00f6lkte sich bis zum Abend aber.<\/p>\n<p>Im B\u00fcro traf ich auf die bef\u00fcrchtete Welle, weil viele meiner internen Schnittstellen die Betriebsferien Montag\/Dienstag nicht freigenommen hatten, manche auch das Wochenende durchgearbeitet. Bis Mittag sah ich langsam Land.<\/p>\n<p>Mittagessen war <a href=\"https:\/\/www.vorspeisenplatte.de\/rezepte\/karottensalat-mit-koriander.htm\" rel=\"noopener\" target=\"_blank\">Karottensalat<\/a> mit viel Koriander (uns fiel kein weiterer Einsatz in den n\u00e4chsten Tagen ein, also kam der ganze kleine Bund rein) und Grapefruit.<\/p>\n<p>Der Nachmittag war ebenfalls voll, ich beendete ihn sp\u00e4t und ersch\u00f6pft.<\/p>\n<p>Mir fiel absolut nichts einzukaufen ein, also ging ich nach Feierabend direkt nach Hause.<\/p>\n<p>Eine Maschine W\u00e4sche gef\u00fcllt und eingeschaltet, eine interessante Runde Yoga geturnt. W\u00e4hrenddessen gingen in M\u00fcnchen Zehntausende auf die Demo <a href=\"https:\/\/www.instagram.com\/p\/CanAa1ss5E8\/\" rel=\"noopener\" target=\"_blank\">auf dem K\u00f6nigsplatz<\/a> gegen den russischen Angriff auf die Ukraine.<\/p>\n<p><a href=\"https:\/\/www.sueddeutsche.de\/muenchen\/muenchen-koenigsplatz-demo-ukraine-1.5540203\" rel=\"noopener\" target=\"_blank\"><\/p>\n<blockquote><p>Insgesamt waren f\u00fcr die Veranstaltung 17 Rednerinnen und Redner angek\u00fcndigt, darunter die Generalkonsuln der Ukraine und der USA sowie Vertreter aller weiterer Parteien &#8211; au\u00dfer der AfD.<\/p><\/blockquote>\n<p><\/a><\/p>\n<p>F\u00fcrs Abendessen hatte ich mich zust\u00e4ndig gemacht. Am Vorabend hatte ich schon mal den Teig f\u00fcr <a href=\"https:\/\/www.vorspeisenplatte.de\/rezepte\/focaccia-al-formaggio-ligurien.htm\" rel=\"noopener\" target=\"_blank\">ligurische Focaccia al formaggio<\/a> zubereitet &#8211; und morgens festgestellt, dass das keine gute Idee war: Einiges des vielen eingearbeiteten Oliven\u00f6ls war wieder ausgetreten. (Habe ich im Rezept festgehalten.)<\/p>\n<p>Verarbeiten lie\u00df sich der Teig zum Gl\u00fcck trotzdem gut, wurde aber beim Backen nicht so bl\u00e4ttrig-m\u00fcrbe wie gewohnt. Als K\u00e4se verwendete ich das letzte St\u00fcck Weichk\u00e4se aus dem \u00fcber Crowdfarming erworbenen Paket <a href=\"https:\/\/www.crowdfarming.com\/de\/farmer\/aubagueta\/up\/eine-murciano-granadina-ziege-adoptieren\/overharvest\" rel=\"noopener\" target=\"_blank\">Ziegenk\u00e4se von Aubagueta<\/a> (derzeit kann man dort \u00fcbrigens wieder einkaufen).<\/p>\n<p><a href=\"https:\/\/www.vorspeisenplatte.de\/speisen\/archiv\/220302_02_Nachtmahl.jpg\"><img loading=\"lazy\" decoding=\"async\" src=\"https:\/\/www.vorspeisenplatte.de\/speisen\/archiv\/220302_02_Nachtmahl.jpg\" alt=\"\" width=\"363\" height=\"395\" class=\"alignnone size-full wp-image-74546\" \/><\/a><\/p>\n<p>Dazu machte ich Chicoree-Orangen-Salat, der besonders gut schmeckte. Nachtisch viele S\u00fc\u00dfigkeiten.<\/p>\n","protected":false},"excerpt":{"rendered":"<p>Die Nacht war ok, aufgewacht vor Weckerklingeln. Der Tag startete wieder sonnig und knackig kalt, bew\u00f6lkte sich bis zum Abend aber. Im B\u00fcro traf ich auf die bef\u00fcrchtete Welle, weil viele meiner internen Schnittstellen die Betriebsferien Montag\/Dienstag nicht freigenommen hatten, manche auch das Wochenende durchgearbeitet. Bis Mittag sah ich langsam Land. Mittagessen war Karottensalat mit [&hellip;]<\/p>\n","protected":false},"author":2,"featured_media":0,"comment_status":"open","ping_status":"closed","sticky":false,"template":"","format":"standard","meta":{"footnotes":""},"categories":[6,2,1],"tags":[],"class_list":["post-74539","post","type-post","status-publish","format-standard","hentry","category-essen","category-fotos","category-general"],"_links":{"self":[{"href":"https:\/\/www.vorspeisenplatte.de\/speisen\/wp-json\/wp\/v2\/posts\/74539","targetHints":{"allow":["GET"]}}],"collection":[{"href":"https:\/\/www.vorspeisenplatte.de\/speisen\/wp-json\/wp\/v2\/posts"}],"about":[{"href":"https:\/\/www.vorspeisenplatte.de\/speisen\/wp-json\/wp\/v2\/types\/post"}],"author":[{"embeddable":true,"href":"https:\/\/www.vorspeisenplatte.de\/speisen\/wp-json\/wp\/v2\/users\/2"}],"replies":[{"embeddable":true,"href":"https:\/\/www.vorspeisenplatte.de\/speisen\/wp-json\/wp\/v2\/comments?post=74539"}],"version-history":[{"count":3,"href":"https:\/\/www.vorspeisenplatte.de\/speisen\/wp-json\/wp\/v2\/posts\/74539\/revisions"}],"predecessor-version":[{"id":74549,"href":"https:\/\/www.vorspeisenplatte.de\/speisen\/wp-json\/wp\/v2\/posts\/74539\/revisions\/74549"}],"wp:attachment":[{"href":"https:\/\/www.vorspeisenplatte.de\/speisen\/wp-json\/wp\/v2\/media?parent=74539"}],"wp:term":[{"taxonomy":"category","embeddable":true,"href":"https:\/\/www.vorspeisenplatte.de\/speisen\/wp-json\/wp\/v2\/categories?post=74539"},{"taxonomy":"post_tag","embeddable":true,"href":"https:\/\/www.vorspeisenplatte.de\/speisen\/wp-json\/wp\/v2\/tags?post=74539"}],"curies":[{"name":"wp","href":"https:\/\/api.w.org\/{rel}","templated":true}]}}