{"id":74550,"date":"2022-03-04T06:39:30","date_gmt":"2022-03-04T05:39:30","guid":{"rendered":"https:\/\/www.vorspeisenplatte.de\/speisen\/?p=74550"},"modified":"2023-03-01T15:17:57","modified_gmt":"2023-03-01T14:17:57","slug":"journal-donnerstag-3-maerz-2022-fruehlingsblumen-fortgesetzte-pandemie-vorsicht-vor-kriegsgeschichten","status":"publish","type":"post","link":"https:\/\/www.vorspeisenplatte.de\/speisen\/2022\/03\/journal-donnerstag-3-maerz-2022-fruehlingsblumen-fortgesetzte-pandemie-vorsicht-vor-kriegsgeschichten.htm","title":{"rendered":"Journal Donnerstag, 3. M\u00e4rz 2022 &#8211; Fr\u00fchlingsblumen, fortgesetzte Pandemie, Vorsicht vor Kriegsgeschichten"},"content":{"rendered":"<p>Eher unruhige Nacht mit seltsamen Tr\u00e4umen, in einem war Christine Lagarde eine meiner Chefinnen.<\/p>\n<p>Auf dem Weg in die Arbeit Fr\u00fchlingsblumen in Vorg\u00e4rten &#8211; sogar mit Schl\u00fcsselblumen.<\/p>\n<p><a href=\"https:\/\/www.vorspeisenplatte.de\/speisen\/archiv\/220303_03_Pettenkoferstr.jpg\"><img loading=\"lazy\" decoding=\"async\" class=\"alignnone size-full \" src=\"https:\/\/www.vorspeisenplatte.de\/speisen\/archiv\/220303_03_Pettenkoferstr.jpg\" alt=\"\" width=\"410\" height=\"378\" \/><\/a><\/p>\n<p>Im B\u00fcro weitere, durchaus verzweifelte Anl\u00e4ufe, Probleme mit dem neuen IT-System zu l\u00f6sen oder zumindest einen Work-around zu finden.<\/p>\n<p>Mittags restlichen Chicoree-Orangen-Salat vom Vorabend, ein Laugenz\u00f6pferl.<\/p>\n<p>Nachrichten von der K\u00f6rper-Front: Derzeit k\u00e4mpfe ich mit einer Herpesbl\u00e4schen-Attacke von seit Jahrzehnten unbekannter Vehemenz. Sie begann bl\u00f6derweise am Dienstag auf der Wanderung: Zwar habe ich als Fieberbl\u00e4schen-Veteranin Handtasche, B\u00fcroschublade und die Hausapotheke daheim jederzeit mit der antiviralen Creme best\u00fcckt, nicht aber meine Wander-Ausr\u00fcstung. Also konnte ich sie nicht umgehend anwenden, sondern erst einige Stunden sp\u00e4ter. Seither breiten sich die Bl\u00e4schen am Mundwinkel trotz kontinuierlicher Creme-Anwendung aus &#8211; und schmerzen \u00fcberraschend heftig. Au\u00dferdem bilde ich mir ein, auch sonst nicht wirklich fit zu sein.<\/p>\n<p>Wichtiger f\u00fcr Nachwelt (womit ich eigentlich immer mein sp\u00e4teres Ich meine): Die Corona-Pandemie tobt unvermindert, M\u00fcnchen vermeldete gestern eine 7-Tage-Inzidenz von 1156 &#8211; diese Gr\u00f6\u00dfenordnung war noch vor wenigen Monaten komplett unvorstellbar.<\/p>\n<p><a href=\"https:\/\/www.vorspeisenplatte.de\/speisen\/archiv\/220303_Tweet.jpg\"><img loading=\"lazy\" decoding=\"async\" class=\"alignnone size-full wp-image-74555\" src=\"https:\/\/www.vorspeisenplatte.de\/speisen\/archiv\/220303_Tweet.jpg\" alt=\"\" width=\"357\" height=\"398\" \/><\/a><\/p>\n<p>Dennoch haben die Bundesl\u00e4nder <a href=\"https:\/\/www.bundesregierung.de\/breg-de\/themen\/coronavirus\/corona-oeffnungsschritte-2005760\" target=\"_blank\" rel=\"noopener\">die schrittweise, aber recht schnelle Aufhebung der meisten Pandemiema\u00dfnahmen<\/a> beschlossen. Wir sind nicht etwa in der ersehnten endemischen Phase gelandet, sondern haben als Gesellschaft akzeptiert, dass man jetzt halt Covid-19 bekommt, fr\u00fcher oder sp\u00e4ter. Mit wahrscheinlich schlimmen Folgen f\u00fcr Ungeimpfte, sehr wahrscheinlich nicht so schlimmen, wenn man gr\u00fcndlich geimpft ist. Mit dem Risiko von Long Covid, das dem chronischen Ersch\u00f6pfungssyndrom \u00e4hnelt und bislang nicht heilbar ist (deswegen \u00fcbrigens der Rat, einen positiven Schnelltest unbedingt durch PCR-Test best\u00e4tigen zu lassen, damit man im Fall von Long Covid den Zusammenhang mit der Infektion belegen kann).<\/p>\n<p>Unerfreulicher Nachmittag in der Arbeit, der eine oder andere Erfolg w\u00e4re mal wieder sch\u00f6n.<\/p>\n<p>Den Heimweg ging ich wieder direkt &#8211; und erlebte eine brennende Theresienwiese.<\/p>\n<p><a href=\"https:\/\/www.vorspeisenplatte.de\/speisen\/archiv\/220303_07_Theresienwiese.jpg\"><img loading=\"lazy\" decoding=\"async\" class=\"alignnone size-full \" src=\"https:\/\/www.vorspeisenplatte.de\/speisen\/archiv\/220303_07_Theresienwiese.jpg\" alt=\"\" width=\"542\" height=\"485\" \/><\/a><\/p>\n<p>Daheim Yoga (anstrengende Folge 27 von Move, die mache ich nochmal) (vielleicht war sie ja nur wegen allgemeinen Kr\u00e4nklichkeitsgef\u00fchls anstrengend), dann probierte ich frisch gelieferte Kleidung an: Passte und stand mir fast alles, nur ein Sommerkleid muss ich wegen \u00fcberraschender Sackigkeit zur\u00fcckschicken, ein anderes Sommerkleid aber sieht <i>noch<\/i> besser aus, als ich es mir vorgestellt hatte. Eine Hose b\u00fcgelte ich gleich, um sie am Freitag zu tragen.<\/p>\n<p>Als Nachtmahl servierte Herr Kaltmamsell Ofenkartoffeln (Ernteanteil Vorwoche &#8211; wir hatten uns beide daran erinnert, dass Jacket Potatoes zur Zeit unserer Auslandsstudienjahre Anfang der 1990er in UK sehr angesagt waren und zum Standard Fast Food geh\u00f6rten) mit K\u00e4se, Soja-Hack mit wei\u00dfen Bohnen, Sauerrahm, dazu machte ich den Ernteanteil-Ruccola an. Gut! Abschlie\u00dfend wieder viel S\u00fc\u00dfigkeiten.<\/p>\n<p>\u00a7<\/p>\n<p>Die <i>New York Times<\/i> beschreibt an konkreten Beispielen, wie im Ukraine-Krieg auch offizielle Stellen Helden- und Opfergeschichten durch belegbar falsche Informationen erz\u00e4hlen:<br \/>\n<a href=\"https:\/\/www.nytimes.com\/2022\/03\/03\/technology\/ukraine-war-misinfo.html\" target=\"_blank\" rel=\"noopener\">&#8220;Fact and Mythmaking Blend in Ukraine\u2019s Information War&#8221;.<\/a><\/p>\n<p>\u00a7<\/p>\n<p>Ilya Lozovsky \u00fcbersetzt in einem Twitter-Thread eine Online-Sendung des russischen Bildungsministeriums f\u00fcr Kinder &#8211; <a href=\"https:\/\/twitter.com\/ichbinilya\/status\/1499308474563534849\" target=\"_blank\" rel=\"noopener\">zur Erkl\u00e4rung des Ukraine-Kriegs<\/a>. (Hier seine <a href=\"https:\/\/twitter.com\/ichbinilya\/status\/1499321618719457283\" target=\"_blank\" rel=\"noopener\">zus\u00e4tzliche Analyse und sein Faktencheck<\/a>). <img loading=\"lazy\" decoding=\"async\" src=\"https:\/\/vg02.met.vgwort.de\/na\/9830a475556b4bdfae6e71feb9a85e30\" alt=\"\" width=\"1\" height=\"1\" \/><\/p>\n","protected":false},"excerpt":{"rendered":"<p>Eher unruhige Nacht mit seltsamen Tr\u00e4umen, in einem war Christine Lagarde eine meiner Chefinnen. Auf dem Weg in die Arbeit Fr\u00fchlingsblumen in Vorg\u00e4rten &#8211; sogar mit Schl\u00fcsselblumen. Im B\u00fcro weitere, durchaus verzweifelte Anl\u00e4ufe, Probleme mit dem neuen IT-System zu l\u00f6sen oder zumindest einen Work-around zu finden. Mittags restlichen Chicoree-Orangen-Salat vom Vorabend, ein Laugenz\u00f6pferl. Nachrichten von [&hellip;]<\/p>\n","protected":false},"author":2,"featured_media":0,"comment_status":"open","ping_status":"closed","sticky":false,"template":"","format":"standard","meta":{"footnotes":""},"categories":[6,2,1],"tags":[],"class_list":["post-74550","post","type-post","status-publish","format-standard","hentry","category-essen","category-fotos","category-general"],"_links":{"self":[{"href":"https:\/\/www.vorspeisenplatte.de\/speisen\/wp-json\/wp\/v2\/posts\/74550","targetHints":{"allow":["GET"]}}],"collection":[{"href":"https:\/\/www.vorspeisenplatte.de\/speisen\/wp-json\/wp\/v2\/posts"}],"about":[{"href":"https:\/\/www.vorspeisenplatte.de\/speisen\/wp-json\/wp\/v2\/types\/post"}],"author":[{"embeddable":true,"href":"https:\/\/www.vorspeisenplatte.de\/speisen\/wp-json\/wp\/v2\/users\/2"}],"replies":[{"embeddable":true,"href":"https:\/\/www.vorspeisenplatte.de\/speisen\/wp-json\/wp\/v2\/comments?post=74550"}],"version-history":[{"count":3,"href":"https:\/\/www.vorspeisenplatte.de\/speisen\/wp-json\/wp\/v2\/posts\/74550\/revisions"}],"predecessor-version":[{"id":84979,"href":"https:\/\/www.vorspeisenplatte.de\/speisen\/wp-json\/wp\/v2\/posts\/74550\/revisions\/84979"}],"wp:attachment":[{"href":"https:\/\/www.vorspeisenplatte.de\/speisen\/wp-json\/wp\/v2\/media?parent=74550"}],"wp:term":[{"taxonomy":"category","embeddable":true,"href":"https:\/\/www.vorspeisenplatte.de\/speisen\/wp-json\/wp\/v2\/categories?post=74550"},{"taxonomy":"post_tag","embeddable":true,"href":"https:\/\/www.vorspeisenplatte.de\/speisen\/wp-json\/wp\/v2\/tags?post=74550"}],"curies":[{"name":"wp","href":"https:\/\/api.w.org\/{rel}","templated":true}]}}