{"id":74601,"date":"2022-03-06T08:45:03","date_gmt":"2022-03-06T07:45:03","guid":{"rendered":"https:\/\/www.vorspeisenplatte.de\/speisen\/?p=74601"},"modified":"2022-03-06T08:45:03","modified_gmt":"2022-03-06T07:45:03","slug":"journal-samstag-5-maerz-2022-wmdedgt-mit-schrankaufbau-und-italienischem-restaurantessen","status":"publish","type":"post","link":"https:\/\/www.vorspeisenplatte.de\/speisen\/2022\/03\/journal-samstag-5-maerz-2022-wmdedgt-mit-schrankaufbau-und-italienischem-restaurantessen.htm","title":{"rendered":"Journal Samstag, 5. M\u00e4rz 2022 &#8211; #WMDEDGT mit Schrankaufbau und italienischem Restaurantessen"},"content":{"rendered":"<p>Frau Haxenbruch-beim-Skifahren Br\u00fcllen sammelt auch an diesem F\u00fcnften des Monats Tagebucheintr\u00e4ge, <a href=\"https:\/\/bruellen.blogspot.com\/2022\/03\/050322-wmdedgt-0322-corona-edition-24.html\" rel=\"noopener\" target=\"_blank\">die ihre Frage &#8220;Was machst du eigentlich den ganzen Tag?&#8221;, #WMDEDGT, beantworten<\/a>. Hier, bittesch\u00f6n.<\/p>\n<p>Extra beschissene Nacht. Nach dem Aufwachen um zwei schlief ich nicht mehr ein. Nach einer Stunde gab ich auf, zog meine Schlumpfklamotten an, las im Wohnzimmer eine Stunde lang und f\u00fchlte mich ein wenig j\u00e4mmerlich. Danach weitere D\u00e4mmer-Wach-Phasen, zum Gl\u00fcck war Wochenende und ich konnte nach halb sechs anderthalb Stunden am St\u00fcck schlafen. Dann erwachte ich zu einem wundervoll sonnigen Morgen.<\/p>\n<p>Die Corona-Warn-App hatte auf Rot gewechselt: F\u00fcr vergangenen Sonntag gab sie eine Risikobegegnung an, das war ein Tag mit Zugfahrten und Restaurantbesuch gewesen. Der Schnelltest war aber negativ, Symptome hatte ich ja auch keine.<\/p>\n<p>Bloggen und R\u00e4umen: Meine Eltern hatten sich bereit erkl\u00e4rt, beim Schrankbauen zu helfen, endlich sollte im Wohnzimmer die Wand mit B\u00fccherschr\u00e4nken komplettiert werden. Ich schl\u00fcpfte nach dem Duschen in Sportklamotten, um f\u00fcrs Handwerkenhelfen m\u00f6glichst beweglich zu sein. P\u00fcnktlich um zehn klingelte es, und dann wurde zusammengebaut, geschraubt, gesteckt, mein Vater s\u00e4gte in die R\u00fcckwand eine Aussparung f\u00fcr Steckdosenzugang, in die Seitenwand einen Ausgang f\u00fcr die Kabel. Gleichzeitig f\u00e4delte meine Mutter Gardinenhaken in zwei umgen\u00e4hte Stoffe, die anschlie\u00dfend zu Schals links und rechts vom Arbeitszimmerfenster wurden.<\/p>\n<p><a href=\"https:\/\/www.vorspeisenplatte.de\/speisen\/archiv\/220305_07_Schrankaufbau.jpg\"><img loading=\"lazy\" decoding=\"async\" src=\"https:\/\/www.vorspeisenplatte.de\/speisen\/archiv\/220305_07_Schrankaufbau.jpg\" alt=\"\" width=\"363\" height=\"430\" class=\"alignnone size-full wp-image-74609\" \/><\/a><\/p>\n<p><a href=\"https:\/\/www.vorspeisenplatte.de\/speisen\/archiv\/220305_09_Schrankaufbau.jpg\"><img loading=\"lazy\" decoding=\"async\" src=\"https:\/\/www.vorspeisenplatte.de\/speisen\/archiv\/220305_09_Schrankaufbau.jpg\" alt=\"\" width=\"355\" height=\"462\" class=\"alignnone size-full wp-image-74610\" \/><\/a><\/p>\n<p>Weil er schon mal da war, guckte mein Vater sich auch den wackelnden Wasserhahn in der K\u00fcche an &#8211; und zog von unten mit einigen Verrenkungen eine Schraubenmutter an. Noch sind wir um kompletten Auseinanderbau zum Entkalken oder gar um Auswechseln herumgekommen. Ich hielt, reichte an, schraubte, steckte, wischte Staub, wusste Werkzeugbezeichnungen (kann ich mir deutlich einfacher merken als W\u00f6rter f\u00fcr Deko- und Einrichtungsdinge).<\/p>\n<p>Gegen eins hatten wir alles abgeschlossen, ich war SO dankbar f\u00fcr die Unterst\u00fctzung. <\/p>\n<p>In leicht diesiger Sonne hollte ich Semmeln (definitv Plusgrade, aber eine M\u00fctze brauchte ich doch), die ich zu einem Apfel und einer Avocado fr\u00fchst\u00fcckte. Der volle Bauch verschaffte mir die n\u00f6tige Bettschwere f\u00fcr eine Siesta, ich holte eine Stunde tiefen Schlaf nach.<\/p>\n<p>Es hatte sich B\u00fcgelw\u00e4sche angesammelt, ich schaffte sie weg mit Podcast auf den Ohren: Aus der Serie <a href=\"https:\/\/open.spotify.com\/show\/4Alpp1Heatk6eRHzpUemmT\" rel=\"noopener\" target=\"_blank\"><i>\u00dcberMerkel &#8211; Vertraute erz\u00e4hlen<\/i><\/a> h\u00f6rte ich die Folge mit der langj\u00e4hrigen journalistischen Merkel-Biografin Evelyn Roll, <a href=\"https:\/\/open.spotify.com\/episode\/6i9g7T5iiDEJyALV1Rlfbu\" rel=\"noopener\" target=\"_blank\">&#8220;Als ich sie das letzte Mal gesehen habe, kam sie mir vor wie eine verpanzerte Schildkr\u00f6te&#8221;<\/a>, und die mit Ursula von der Leyen, <a href=\"https:\/\/open.spotify.com\/episode\/0LgB9obkODLgxz5kfbVoG4\" rel=\"noopener\" target=\"_blank\">&#8220;Ich war davor, das Handtuch zu schmei\u00dfen&#8221;<\/a>.<\/p>\n<p>Ich g\u00f6nnte mir wieder eine Folge Yoga, die allerdings blo\u00df aus ein wenig Schnaufen und Dehnen bestand. Ansonsten werde ich an diesem Wochenende keine Gelegenheit f\u00fcr Sport haben. Aus den Yogaklamotten wechselte ich in Kleid und Strumpfhose, denn abends waren Herr Kaltmamsell und ich mit Freunden zum Essen verabredet, wir trafen uns bei deren Lieblingsitaliener <a href=\"https:\/\/friulana.de\/\" rel=\"noopener\" target=\"_blank\">Friulana<\/a>. Der Abend brachte eine neue Bekanntschaft, Geschichten aus der zeitgen\u00f6ssischen Hotelerie, Berichte \u00fcber sehr konkrete und handfeste Hilfe f\u00fcr Fl\u00fcchtlinge aus der Ukraine, zwei interessante Weine (Muzic Collio Ribolla Gialla 2020 aus dem Friaul \/ ein kalabresischer Patros Pietro Azienda Vinicola Malaspina) &#8211; und sehr viel gutes Essen.<\/p>\n<p><a href=\"https:\/\/www.vorspeisenplatte.de\/speisen\/archiv\/220305_12_Friulana.jpg\"><img loading=\"lazy\" decoding=\"async\" src=\"https:\/\/www.vorspeisenplatte.de\/speisen\/archiv\/220305_12_Friulana.jpg\" alt=\"\" width=\"362\" height=\"462\" class=\"alignnone size-full wp-image-74611\" \/><\/a><\/p>\n<p><a href=\"https:\/\/www.vorspeisenplatte.de\/speisen\/archiv\/220305_15_Friulana.jpg\"><img loading=\"lazy\" decoding=\"async\" src=\"https:\/\/www.vorspeisenplatte.de\/speisen\/archiv\/220305_15_Friulana.jpg\" alt=\"\" width=\"333\" height=\"409\" class=\"alignnone size-full wp-image-74612\" \/><\/a><\/p>\n<p><a href=\"https:\/\/www.vorspeisenplatte.de\/speisen\/archiv\/220305_16_Friulana.jpg\"><img loading=\"lazy\" decoding=\"async\" src=\"https:\/\/www.vorspeisenplatte.de\/speisen\/archiv\/220305_16_Friulana.jpg\" alt=\"\" width=\"302\" height=\"376\" class=\"alignnone size-full wp-image-74613\" \/><\/a><\/p>\n<p>Deutlich nach Mitternacht spazierten wir durch immer noch bei\u00dfende K\u00e4lte nach Hause.<\/p>\n<p>\u00a7<\/p>\n<p>Maximilian Buddenbohm ist ja ein freundlicher und im Ton eher zur\u00fcckhaltender Blogger. Damit er laut wird, muss schon einiges zusammenkommen.<br \/>\n<a href=\"https:\/\/www.buddenbohm-und-soehne.de\/2022\/03\/05\/okay\/\" rel=\"noopener\" target=\"_blank\">&#8220;Okay&#8221;.<\/a><\/p>\n<blockquote><p>Ich lese die Timelines und frage mich unfreundliche Fragen, ob bei denen da auf dem Bildschirm denn die Lampen nicht an sind oder was, so wie die auf einmal nahtlos auf Heldenverehrung umschalten und auf eine netflixm\u00e4\u00dfige Plotentwicklung lauern, es ist alles kurz vor Abenteuerfilm mit dem ukrainischen Pr\u00e4sidenten in der sympathischen Hauptrolle. Nichts gegen diesen Pr\u00e4sidenten, versteht sich. Aber wie sie alle Filmchen und Bilder aus dem Kriegsgebiet teilen, ungepr\u00fcft, unkommentiert, hau raus, es passt schon. S\u00fc\u00dfe Szenen, grauenvolle Szenen, Tr\u00e4nendr\u00fccker und Sp\u00e4\u00dfchen, immer her damit, auch jede Eilmeldung gleich weiterflanken. Und f\u00fcr die eigenen Kinder fordern sie dann wieder vehement Medienerziehung und -kompetenz, das sollen die Schulen bitte mal richten.<\/p>\n<p>Und dann das M\u00e4nnlichkeitsbild, das Frauenbild, das Kriegsbild, der allgemeine R\u00fcstungstaumel, die starken Entscheidungen starker M\u00e4nner. Die Wehrpflicht, wie alt sind meine S\u00f6hne, na, da fehlt ja nicht viel. Heute am Morgen irgendwo die Schlagzeile: \u201eLindner hat Gro\u00dfes mit der Bundeswehr vor\u201c, und ich denke da gleich an Therapie, nicht zuerst an die Weltpolitik. Das macht mein Alter, Sie m\u00fcssen das entschuldigen. Friedensbewegung und so, AKW nee und all das, wir haben das ja ernst gemeint damals, auch die Abkehr von den Heldenmythen, das Postheroische, give peace a chance. Wir haben Elternzeit genommen und fanden das richtig, die Care-Arbeit, die neuen Rollen, Mental-Load-Debatten, neue M\u00e4nner braucht das Land, es stand vereinzelt an W\u00e4nden, erinnern Sie sich. All die Diskurse, und jetzt, zack, wir spulen mal eben ein Jahrhundert zur\u00fcck, ich ziehe in den Krieg, du ziehst die Kinder gro\u00df.<\/p><\/blockquote>\n<p> <img loading=\"lazy\" decoding=\"async\" src=\"https:\/\/vg02.met.vgwort.de\/na\/eab6ee01feeb4ede91bff7b7369d81f9\" width=\"1\" height=\"1\" alt=\"\"\/><\/p>\n","protected":false},"excerpt":{"rendered":"<p>Frau Haxenbruch-beim-Skifahren Br\u00fcllen sammelt auch an diesem F\u00fcnften des Monats Tagebucheintr\u00e4ge, die ihre Frage &#8220;Was machst du eigentlich den ganzen Tag?&#8221;, #WMDEDGT, beantworten. Hier, bittesch\u00f6n. Extra beschissene Nacht. Nach dem Aufwachen um zwei schlief ich nicht mehr ein. Nach einer Stunde gab ich auf, zog meine Schlumpfklamotten an, las im Wohnzimmer eine Stunde lang und [&hellip;]<\/p>\n","protected":false},"author":2,"featured_media":0,"comment_status":"open","ping_status":"closed","sticky":false,"template":"","format":"standard","meta":{"footnotes":""},"categories":[6,2,1],"tags":[],"class_list":["post-74601","post","type-post","status-publish","format-standard","hentry","category-essen","category-fotos","category-general"],"_links":{"self":[{"href":"https:\/\/www.vorspeisenplatte.de\/speisen\/wp-json\/wp\/v2\/posts\/74601","targetHints":{"allow":["GET"]}}],"collection":[{"href":"https:\/\/www.vorspeisenplatte.de\/speisen\/wp-json\/wp\/v2\/posts"}],"about":[{"href":"https:\/\/www.vorspeisenplatte.de\/speisen\/wp-json\/wp\/v2\/types\/post"}],"author":[{"embeddable":true,"href":"https:\/\/www.vorspeisenplatte.de\/speisen\/wp-json\/wp\/v2\/users\/2"}],"replies":[{"embeddable":true,"href":"https:\/\/www.vorspeisenplatte.de\/speisen\/wp-json\/wp\/v2\/comments?post=74601"}],"version-history":[{"count":3,"href":"https:\/\/www.vorspeisenplatte.de\/speisen\/wp-json\/wp\/v2\/posts\/74601\/revisions"}],"predecessor-version":[{"id":74618,"href":"https:\/\/www.vorspeisenplatte.de\/speisen\/wp-json\/wp\/v2\/posts\/74601\/revisions\/74618"}],"wp:attachment":[{"href":"https:\/\/www.vorspeisenplatte.de\/speisen\/wp-json\/wp\/v2\/media?parent=74601"}],"wp:term":[{"taxonomy":"category","embeddable":true,"href":"https:\/\/www.vorspeisenplatte.de\/speisen\/wp-json\/wp\/v2\/categories?post=74601"},{"taxonomy":"post_tag","embeddable":true,"href":"https:\/\/www.vorspeisenplatte.de\/speisen\/wp-json\/wp\/v2\/tags?post=74601"}],"curies":[{"name":"wp","href":"https:\/\/api.w.org\/{rel}","templated":true}]}}