{"id":74620,"date":"2022-03-07T06:23:26","date_gmt":"2022-03-07T05:23:26","guid":{"rendered":"https:\/\/www.vorspeisenplatte.de\/speisen\/?p=74620"},"modified":"2023-03-01T15:29:50","modified_gmt":"2023-03-01T14:29:50","slug":"journal-sonntag-6-maerz-2022-schwiegerfamilienzusammenkunft","status":"publish","type":"post","link":"https:\/\/www.vorspeisenplatte.de\/speisen\/2022\/03\/journal-sonntag-6-maerz-2022-schwiegerfamilienzusammenkunft.htm","title":{"rendered":"Journal Sonntag, 6. M\u00e4rz 2022 &#8211; Schwiegerfamilienzusammenkunft"},"content":{"rendered":"<p>Nach dem sp\u00e4ten Vorabend zu fr\u00fch aufgewacht, aber ich hatte zwischen einigen Aufwachen mehrere Stunden am St\u00fcck geschlafen.<\/p>\n<p>Gem\u00fctlicher Morgen, drau\u00dfen war es hell und trocken. Vormittags machten wir uns auf den Weg zum Bahnhof: Wir waren wieder von Schwiegers in Augsburg eingeladen, diesmal mit allen ihren S\u00f6hnen und deren Familien.<\/p>\n<p>Unterwegs entdeckte ich, dass das M\u00fcnchner Bahnhofsviertel auch einen ortsspezifischen Fetisch bedient.<\/p>\n<p><a href=\"https:\/\/www.vorspeisenplatte.de\/speisen\/archiv\/220306_01_Bahnhofsviertel.jpg\"><img loading=\"lazy\" decoding=\"async\" src=\"https:\/\/www.vorspeisenplatte.de\/speisen\/archiv\/220306_01_Bahnhofsviertel.jpg\" alt=\"\" width=\"330\" height=\"483\" class=\"alignnone size-full wp-image-74623\" \/><\/a><\/p>\n<p>Wie diese Bedienung im Detail aussieht, mochte ich mir nicht ausmalen.<\/p>\n<p>In Augsburg wurden wir wieder abgeholt und zum italienischen Restaurant vom Vorsonntag gefahren. Ich freute mich sehr, die Schwagerfamilien nach langer Corona-Pause mal wieder zu sehen, alle wohlauf. <\/p>\n<p><a href=\"https:\/\/www.vorspeisenplatte.de\/speisen\/archiv\/220306_03_BellaItalia.jpg\"><img loading=\"lazy\" decoding=\"async\" src=\"https:\/\/www.vorspeisenplatte.de\/speisen\/archiv\/220306_03_BellaItalia.jpg\" alt=\"\" width=\"435\" height=\"468\" class=\"alignnone size-full wp-image-74624\" \/><\/a><\/p>\n<p>Hier wird Respekt f\u00fcr Technik gezeigt: Die ausgemusterte Espressomaschine bekommt ihr Gnadenbrot als Deko im Keller des Restaurants.<\/p>\n<p>Nach Aperitif (ein Erdbeer-Campari-Spritz) und sehr gutem Brot mit Oliven\u00f6l a\u00df ich hausgemachte Ravioli mit Butter und Salbei. Bei den Schwiegers daheim gab&#8217;s Kaffeeundkuchen (ich belie\u00df es bei Tee) zu mehr Spa\u00df und Geschichten. Herr Schwieger drapierte alle aufs Sofa zu einem Gruppenfoto mit Selbstausl\u00f6ser &#8211; eine sehr gute Idee, erfahrungsgem\u00e4\u00df sind es genau diese Bilder, die sp\u00e4ter am h\u00e4ufigsten rumgereicht werden, die man gemeinsam ansieht.<\/p>\n<p>Auch zur R\u00fcckfahrt wurden wir am sp\u00e4teren Nachmittag an den Bahnhof gefahren. Wir hatten noch ein wenig Zeit, bis unser Zug kam, und drehten eine kleine Runde durch den benachbarten <a href=\"http:\/\/home.protestantischer-friedhof.de\/\" rel=\"noopener\" target=\"_blank\">Protestantischen Friedhof<\/a> &#8211; historisch interessant (gegr\u00fcndet 1534, mit den Gr\u00e4bern von Stadtwerkmeister Elias Holl, Angeh\u00f6rigen der Familien Schaezler, Riedinger, Klaucke, Firnhaber, den Eltern von Bert Brecht sowie von Anna Barbara von Stetten), aber bis heute f\u00fcr Beerdigungen genutzt. Es war weiterhin unangenehm kalt.<\/p>\n<p><a href=\"https:\/\/www.vorspeisenplatte.de\/speisen\/archiv\/220306_06_ProtestantischerFriedhof.jpg\"><img loading=\"lazy\" decoding=\"async\" src=\"https:\/\/www.vorspeisenplatte.de\/speisen\/archiv\/220306_06_ProtestantischerFriedhof.jpg\" alt=\"\" width=\"379\" height=\"536\" class=\"alignnone size-full wp-image-74626\" \/><\/a><\/p>\n<p><a href=\"https:\/\/www.vorspeisenplatte.de\/speisen\/archiv\/220306_07_ProtestantischerFriedhof.jpg\"><img loading=\"lazy\" decoding=\"async\" src=\"https:\/\/www.vorspeisenplatte.de\/speisen\/archiv\/220306_07_ProtestantischerFriedhof.jpg\" alt=\"\" width=\"377\" height=\"548\" class=\"alignnone size-full wp-image-74627\" \/><\/a><\/p>\n<p>Zur\u00fcck daheim in M\u00fcnchen stellte ich fest, dass einer der beiden neuen Ohrringe, die ich gestern zum ersten Mal getragen hatte, weg war &#8211; ich hatte ihn vermutlich bei einem Maskenaufsetzen oder -abnehmen erwischt. Ach M\u00e4nno.<\/p>\n<p>Geknickt absolvierte ich umfassende Pedi- und Manik\u00fcre (Augenroll-Emoji), damit hatte ich mir eine Runde Yoga verdient (diese vorletzte Folge der 30-Tage-Serie <i>Move<\/i> mache ich nochmal).<\/p>\n<p>F\u00fcrs Abendessen hatte ich wieder genug Hunger, es gab gewurstetes R\u00fchrei und K\u00e4se, danach S\u00fc\u00dfigkeiten. Auf Fernsehen hatten wir beide keine Lust. Statt dessen buchte ich endlich eine Unterkunft in Berlin zur n\u00e4chsten re:publica im Juni, daraus wird eine ganze Woche Berlin-Urlaub werden. Auf die ich mich ab sofort freuen kann! <img loading=\"lazy\" decoding=\"async\" src=\"https:\/\/vg02.met.vgwort.de\/na\/e72fa653e62d4badbfcf825723a0bd07\" width=\"1\" height=\"1\" alt=\"\"\/><\/p>\n","protected":false},"excerpt":{"rendered":"<p>Nach dem sp\u00e4ten Vorabend zu fr\u00fch aufgewacht, aber ich hatte zwischen einigen Aufwachen mehrere Stunden am St\u00fcck geschlafen. Gem\u00fctlicher Morgen, drau\u00dfen war es hell und trocken. Vormittags machten wir uns auf den Weg zum Bahnhof: Wir waren wieder von Schwiegers in Augsburg eingeladen, diesmal mit allen ihren S\u00f6hnen und deren Familien. Unterwegs entdeckte ich, dass [&hellip;]<\/p>\n","protected":false},"author":2,"featured_media":0,"comment_status":"open","ping_status":"closed","sticky":false,"template":"","format":"standard","meta":{"footnotes":""},"categories":[2,1],"tags":[],"class_list":["post-74620","post","type-post","status-publish","format-standard","hentry","category-fotos","category-general"],"_links":{"self":[{"href":"https:\/\/www.vorspeisenplatte.de\/speisen\/wp-json\/wp\/v2\/posts\/74620","targetHints":{"allow":["GET"]}}],"collection":[{"href":"https:\/\/www.vorspeisenplatte.de\/speisen\/wp-json\/wp\/v2\/posts"}],"about":[{"href":"https:\/\/www.vorspeisenplatte.de\/speisen\/wp-json\/wp\/v2\/types\/post"}],"author":[{"embeddable":true,"href":"https:\/\/www.vorspeisenplatte.de\/speisen\/wp-json\/wp\/v2\/users\/2"}],"replies":[{"embeddable":true,"href":"https:\/\/www.vorspeisenplatte.de\/speisen\/wp-json\/wp\/v2\/comments?post=74620"}],"version-history":[{"count":3,"href":"https:\/\/www.vorspeisenplatte.de\/speisen\/wp-json\/wp\/v2\/posts\/74620\/revisions"}],"predecessor-version":[{"id":84981,"href":"https:\/\/www.vorspeisenplatte.de\/speisen\/wp-json\/wp\/v2\/posts\/74620\/revisions\/84981"}],"wp:attachment":[{"href":"https:\/\/www.vorspeisenplatte.de\/speisen\/wp-json\/wp\/v2\/media?parent=74620"}],"wp:term":[{"taxonomy":"category","embeddable":true,"href":"https:\/\/www.vorspeisenplatte.de\/speisen\/wp-json\/wp\/v2\/categories?post=74620"},{"taxonomy":"post_tag","embeddable":true,"href":"https:\/\/www.vorspeisenplatte.de\/speisen\/wp-json\/wp\/v2\/tags?post=74620"}],"curies":[{"name":"wp","href":"https:\/\/api.w.org\/{rel}","templated":true}]}}