{"id":74636,"date":"2022-03-08T06:46:32","date_gmt":"2022-03-08T05:46:32","guid":{"rendered":"https:\/\/www.vorspeisenplatte.de\/speisen\/?p=74636"},"modified":"2022-03-08T07:11:23","modified_gmt":"2022-03-08T06:11:23","slug":"journal-montag-7-maerz-2020-aerztliche-untreue-beifang-aus-dem-internetz","status":"publish","type":"post","link":"https:\/\/www.vorspeisenplatte.de\/speisen\/2022\/03\/journal-montag-7-maerz-2020-aerztliche-untreue-beifang-aus-dem-internetz.htm","title":{"rendered":"Journal Montag, 7. M\u00e4rz 2020 &#8211; \u00c4rztliche Treulosigkeit, Beifang aus dem Internetz"},"content":{"rendered":"<p>Ordentliche Nacht, nur wenige Male aufgewacht.<\/p>\n<p>Als Herr Kaltmamsell fast zeitgleich mit mir aus seinem Zimmer kam, winkte er mich herein und zeigte mir: In den Kastanien vorm Fenster \u00fcbernachtete ein gro\u00dfer Kr\u00e4henschwarm; er hatte ihn entdeckt, als gerade ein Dutzend wegflog.<\/p>\n<p>Ein grauer Tag. Auf dem Weg in die Arbeit schwebte alle paar hundert Meter eine Schneeflocke herab, so langsam, dass sie in der Luft zu stehen schienen &#8211; es war KALT.<\/p>\n<p>Vormittags eine unangenehme \u00dcberraschung: Meine langj\u00e4hrige und gesch\u00e4tzte Haus\u00e4rztin hat ihre kassen\u00e4rztliche Zulassung abgegeben und behandelt nur noch Privatpatient*innen und Selbstzahlende. Das erfuhr ich, als ich turnusm\u00e4\u00dfig in der Praxis anrief, um meinen Bedarf nach einem Rezept anzuk\u00fcndigen. Die Praxis-Website, auf die ich f\u00fcr Hintergr\u00fcnde verwiesen wurde, nennt einen allgemein\u00e4rztlichen \u00dcbernehmer der Patientenkartei, den ich gleich anrief: &#8220;Gr\u00fc\u00df Gott, mein Name ist Kaltmamsell, ich war bis vor zwei Minuten Patientin bei Frau Allgemein\u00e4rztin.&#8221; Dass die Angestellte am Telefon daraufhin lachte, macht diese Praxis ja schon mal sympathisch. Dienstagmorgen gehe ich hin, stimme der \u00dcbernahme meiner Daten zu und bekomme hoffentlich das Rezept (knapp kalkuliert, f\u00fcr Mittwoch habe ich schon nichts mehr &#8211; k\u00fcnftig rechne ich solche Verz\u00f6gerungen zur Sicherheit ein).<\/p>\n<p>Mittags gab&#8217;s \u00c4pfel (aus Ernteanteil und besonders k\u00f6stlich: mit Kirscharoma!) und eine K\u00fcrbiskernsemmel, die vom samst\u00e4glichen Fr\u00fchst\u00fcck \u00fcbrig war.<\/p>\n<p>Uuuuuund wieder lustiges Jacke-an-Jacke-aus\/Fenster-auf-Fenster-zu-Ballett auf der klimakterischen K\u00f6rpertemperatur-Achterbahn. Mein K\u00f6rper gaslighted mich.<\/p>\n<p><a href=\"https:\/\/www.vorspeisenplatte.de\/speisen\/archiv\/220307_02_Heimeranplatz.jpg\"><img loading=\"lazy\" decoding=\"async\" class=\"alignnone size-full wp-image-74660\" src=\"https:\/\/www.vorspeisenplatte.de\/speisen\/archiv\/220307_02_Heimeranplatz.jpg\" alt=\"\" width=\"383\" height=\"477\" \/><\/a><\/p>\n<p>\u00dcber den Tag immer wieder Sonne, der B\u00fcroturm am Heimeranplatz entwickelt sich. (Und das Sheraton am Heimeranplatz gibt es wohl nicht mehr: Ich entdeckte schon vor Wochen, dass das stattliche rote Logo entfernt worden war, die Fenster sind dunkel.)<\/p>\n<p>Der Heimweg war wieder bei\u00dfend kalt, ich merke, dass ich langsam ungehalten werde \u00fcber die Notwendigkeit von Wintermantel, dicker M\u00fctze und dicken Handschuhen. Einkaufsabstecher im Drogeriemarkt.<\/p>\n<p>Zu Hause sortierte ich mal wieder anderthalb Meter B\u00fccher aus &#8211; so sch\u00f6n! Es gibt so viele B\u00fccher, die ich noch lesen m\u00f6chte, da ist es ausgesprochen unwahrscheinlich, dass ich M\u00e4rchenb\u00fccher aus Kinderzeit, die gesamten D\u00f6rrie-Romane und -Kurzgeschichten oder Dumas&#8217; <i>Graf von Monte Christo<\/i> in der gebrauchten Buchclub-Ausgabe vom Flohmarkt vermissen werde.<\/p>\n<p>Nochmal die Runde Yoga vom Sonntag, wieder interessant.<\/p>\n<p>Herr Kaltmamsell hatte f\u00fcrs Nachtmahl restliche Kartoffeln und Lauch aus Ernteanteil in eine wundervolle Quiche verwandelt.<\/p>\n<p><a href=\"https:\/\/www.vorspeisenplatte.de\/speisen\/archiv\/220307_03_Nachtmahl.jpg\"><img loading=\"lazy\" decoding=\"async\" class=\"alignnone size-full wp-image-74661\" src=\"https:\/\/www.vorspeisenplatte.de\/speisen\/archiv\/220307_03_Nachtmahl.jpg\" alt=\"\" width=\"363\" height=\"484\" \/><\/a><\/p>\n<p>Abendunterhaltung: <a href=\"https:\/\/www.ardmediathek.de\/sendung\/beforeigners\/beforeigners\/staffel-2\/Y3JpZDovL2Rhc2Vyc3RlLmRlL2JlZm9yZWlnbmVycw\/2\" target=\"_blank\" rel=\"noopener\">Die zweite Staffel <i>Beforeigners<\/i> ist da<\/a>, Herr Kaltmamsell hatte sie am Wochenende gleich mal gesichert. Wir guckten die erste Folge.<\/p>\n<p>\u00a7<\/p>\n<p>CNN berichtet, wie die Redaktion Bilder und Videos von Social Media pr\u00fcft, die angeblich aus dem Ukraine-Krieg kommen &#8211; an einem konkreten Beispiel (so machen das praktisch alle seri\u00f6sen Redaktionen):<br \/>\n<a href=\"https:\/\/edition.cnn.com\/2022\/02\/28\/world\/ukraine-social-media-footage-verification\/index.html\" target=\"_blank\" rel=\"noopener\">&#8220;How CNN geolocates and verifies social media footage from Ukraine&#8221;.<\/a><\/p>\n<p>via <a href=\"https:\/\/twitter.com\/stedtenh0pp1A\" target=\"_blank\" rel=\"noopener\">@stedtenh0pp1A<\/a><\/p>\n<p>\u00a7<\/p>\n<p>Simon Borowiak musste von 2000 bis 2005 um die Behandlung seiner Transiden\u00adtit\u00e4t k\u00e4mpfen. In der <i>taz<\/i> schreibt er dr\u00fcber &#8211; ziemlich lustig und mit \u00fcberraschenden Details.<br \/>\n<a href=\"https:\/\/taz.de\/Die-Schwierigkeit-der-Transidentitaet\/!5833989\/\" target=\"_blank\" rel=\"noopener\">&#8220;Aus dem Leben eines trans Mannes&#8221;.<\/a><\/p>\n<p>via <a href=\"https:\/\/twitter.com\/vonhorst\" target=\"_blank\" rel=\"noopener\">@vonhorst<\/a><\/p>\n<blockquote><p>Abgesehen von der extremen Erleichterung durch die k\u00f6rperliche Anpassung kann ich endlich tun, was mir bisher verwehrt wurde. Zum Beispiel zur Wahl bei \u201eDeutschlands unbegehrtester Junggeselle\u201c antreten. Und: Transsein ist bewusstseinserweiternd. Weil ich jahrzehntelang im inner circle von Frauen lebte und mit diesem Geheimwissen nun im inner circle von M\u00e4nnern \u2013 da lernt man beiderlei interne Sozialgesetzgebung kennen und die jeweiligen M\u00e4tzchen zu durchschauen.<\/p>\n<p>Man bekommt einen R\u00f6ntgenblick auf den Geschlechterzirkus. Auch fit haltend: Es kommt vor, dass ich mit meinem Status quo ante und der jetzigen Au\u00dfenwirkung inkongruent bin. Zum Beispiel verlor ich fr\u00fcher in Disputen gern die Geduld. Und war mein Gegen\u00fcber m\u00e4nnlich und unsympathisch, beendete ich das Gespr\u00e4ch mit einem aggressiven: \u201eWollen wir vor die T\u00fcr?\u201c<\/p>\n<p>Das war schon ernst gemeint, aber ich konnte mich ja darauf verlassen, dass schlimmstenfalls gelacht wurde. Dieses alte Wutmuster ist mir j\u00fcngst noch mal unterlaufen; erst als sich mein schrankgro\u00dfes Gegen\u00fcber erhob, wurde mir klar, dass ich da etwas vergessen hatte.<\/p><\/blockquote>\n<p>\u00a7<\/p>\n<p>Mal ein ganz anderer Handwerker-Besuch, n\u00e4mlich bei Gaga Nielsen:<br \/>\n<a href=\"https:\/\/gaganielsen.com\/2022\/02\/23\/23-februar-2022\/\" target=\"_blank\" rel=\"noopener\">&#8220;23. Februar 2022&#8221;.<\/a><\/p>\n<p>\u00a7<\/p>\n<p>Ein herrliches Portrait der 90-j\u00e4hrigen Rita Moreno mit Interview:<br \/>\n<a href=\"https:\/\/www.townandcountrymag.com\/leisure\/arts-and-culture\/a39045918\/rita-moreno-west-side-story-interview\/\" target=\"_blank\" rel=\"noopener\">&#8220;Rita Moreno is Just Getting Started&#8221;.<\/a><\/p>\n<p>Achtung, <i>West Side Story<\/i>-Spoiler &#8211; aber die Fotos! Wieder ein sch\u00f6nes Beispiel, dass Jugendlichkeit keine Bedingung f\u00fcr Sch\u00f6nheit ist. Aber unbedingt auch die alten <i>Life<\/i>-Fotos anklicken.<\/p>\n<p>\u00a7<\/p>\n<p>Der eigentliche S\u00fcndenfall. Naturwissenschaftlich betrachtet.<\/p>\n<div class=\"video-wrapped\" style=\"width: 500px; height: 281px; background-image: url('https:\/\/www.vorspeisenplatte.de\/speisen\/wp-content\/plugins\/video-embed-privacy\/preview\/TnLdO3PYZHM.jpg')\" data-embed-frame=\"&lt;iframe title=&quot;When our ancestors left the water #shorts&quot; width=&quot;500&quot; height=&quot;281&quot; src=&quot;https:\/\/www.youtube.com\/embed\/TnLdO3PYZHM?feature=oembed&quot; frameborder=&quot;0&quot; allow=&quot;accelerometer; autoplay; clipboard-write; encrypted-media; gyroscope; picture-in-picture; web-share&quot; referrerpolicy=&quot;strict-origin-when-cross-origin&quot; allowfullscreen&gt;&lt;\/iframe&gt;\" data-embed-play=\"Abspielen&lt;div class=&quot;small&quot;&gt;Das Video wird von Youtube eingebettet abespielt. Es gilt die &lt;a href=&quot;https:\/\/www.google.com\/intl\/de\/policies\/privacy\/&quot; target=&quot;_blank&quot;&gt;Datenschutzerkl\u00e4rung von Google&lt;\/a&gt;&lt;\/div&gt;\">\n<div class=\"video-wrapped-nojs\">Aktivieren Sie JavaScript um das Video zu sehen.<br \/><a href=\"https:\/\/youtu.be\/TnLdO3PYZHM\">https:\/\/youtu.be\/TnLdO3PYZHM<\/a><\/div>\n<\/div>\n<p><img loading=\"lazy\" decoding=\"async\" src=\"https:\/\/vg02.met.vgwort.de\/na\/c8530ab4fd8a4266948a81531d6c5e2b\" alt=\"\" width=\"1\" height=\"1\" \/><\/p>\n","protected":false},"excerpt":{"rendered":"<p>Ordentliche Nacht, nur wenige Male aufgewacht. Als Herr Kaltmamsell fast zeitgleich mit mir aus seinem Zimmer kam, winkte er mich herein und zeigte mir: In den Kastanien vorm Fenster \u00fcbernachtete ein gro\u00dfer Kr\u00e4henschwarm; er hatte ihn entdeckt, als gerade ein Dutzend wegflog. Ein grauer Tag. Auf dem Weg in die Arbeit schwebte alle paar hundert [&hellip;]<\/p>\n","protected":false},"author":2,"featured_media":0,"comment_status":"open","ping_status":"closed","sticky":false,"template":"","format":"standard","meta":{"footnotes":""},"categories":[6,2,1],"tags":[],"class_list":["post-74636","post","type-post","status-publish","format-standard","hentry","category-essen","category-fotos","category-general"],"_links":{"self":[{"href":"https:\/\/www.vorspeisenplatte.de\/speisen\/wp-json\/wp\/v2\/posts\/74636","targetHints":{"allow":["GET"]}}],"collection":[{"href":"https:\/\/www.vorspeisenplatte.de\/speisen\/wp-json\/wp\/v2\/posts"}],"about":[{"href":"https:\/\/www.vorspeisenplatte.de\/speisen\/wp-json\/wp\/v2\/types\/post"}],"author":[{"embeddable":true,"href":"https:\/\/www.vorspeisenplatte.de\/speisen\/wp-json\/wp\/v2\/users\/2"}],"replies":[{"embeddable":true,"href":"https:\/\/www.vorspeisenplatte.de\/speisen\/wp-json\/wp\/v2\/comments?post=74636"}],"version-history":[{"count":3,"href":"https:\/\/www.vorspeisenplatte.de\/speisen\/wp-json\/wp\/v2\/posts\/74636\/revisions"}],"predecessor-version":[{"id":74668,"href":"https:\/\/www.vorspeisenplatte.de\/speisen\/wp-json\/wp\/v2\/posts\/74636\/revisions\/74668"}],"wp:attachment":[{"href":"https:\/\/www.vorspeisenplatte.de\/speisen\/wp-json\/wp\/v2\/media?parent=74636"}],"wp:term":[{"taxonomy":"category","embeddable":true,"href":"https:\/\/www.vorspeisenplatte.de\/speisen\/wp-json\/wp\/v2\/categories?post=74636"},{"taxonomy":"post_tag","embeddable":true,"href":"https:\/\/www.vorspeisenplatte.de\/speisen\/wp-json\/wp\/v2\/tags?post=74636"}],"curies":[{"name":"wp","href":"https:\/\/api.w.org\/{rel}","templated":true}]}}