{"id":7464,"date":"2010-04-09T08:13:04","date_gmt":"2010-04-09T07:13:04","guid":{"rendered":"https:\/\/www.vorspeisenplatte.de\/speisen\/?p=7464"},"modified":"2010-04-08T19:14:10","modified_gmt":"2010-04-08T18:14:10","slug":"ich-bin-ja-keine-feministin-aber","status":"publish","type":"post","link":"https:\/\/www.vorspeisenplatte.de\/speisen\/2010\/04\/ich-bin-ja-keine-feministin-aber.htm","title":{"rendered":"\u201eIch bin ja keine Feministin, aber\u2026\u201c"},"content":{"rendered":"<p>Ich fand die ersten drei Folgen von Doris D\u00f6rries Fernseh-Sechsteiler <i>Klimawandel<\/i> gro\u00dfartig. Es ist schon sehr lange her, dass mich etwas f\u00fcrs Fernsehen Produziertes dazu brachte, meinen Klapprechner zu schlie\u00dfen und mich ganz der alten R\u00f6hre zuzuwenden. 100 Prozent Missfits-Humor (die eine H\u00e4lfte der Missfits, Gerburg Jahnke, <a href=\"http:\/\/www.derwesten.de\/nachrichten\/im-westen\/Gerburg-Jahnke-von-Faechern-Schweiss-und-heissen-Naechten-id2829044.html\" target=_new>findet das wohl auch<\/a>), den ich schon immer sehr mochte: Genau anderthalb Zentimeter jenseits der Schmerzgrenze. Ich fand es ungeheuer herzerfrischend, das Thema Klimakterium ohne Samthandschuhe oder gar analytisch realistisch anzugehen. In <i>Klimawandel<\/i> kracht es ordentlich, Ulrike Kriener habe ich sehr gerne wiedergesehen, und Andrea Sawatzki darf mal ganz anders (auch wenn eine Bayerin wie ich sofort h\u00f6rt, dass Bayerisch nicht ihre Muttersprache ist).<\/p>\n<p>Selbst hatte ich meine Mutter w\u00e4hrend unseres gemeinsamen Urlaubs letztes Jahr in Brighton darauf angesprochen: \u201eDu hast mich auf meine erste Menstruation vorbereitet. Jetzt ist es an der Zeit, deine Tochter auf die Wechseljahre vorzubereiten.\u201c Was sie nach bestem Wissen und Gewissen tat. Und alles davon h\u00f6rte sich so wenig lustig an, dass man wirklich jeden Anlass begr\u00fc\u00dfen sollte, dar\u00fcber zu lachen.<\/p>\n<p>\u00a7<\/p>\n<blockquote><p>&#8220;I&#8217;m not a feminist, but \u2026&#8221; is a way of telling the world that we don&#8217;t pose too much of a threat. It&#8217;s a way of saying that we don&#8217;t plan to rock the boat too much, that we will play nice.<\/p><\/blockquote>\n<p>Chloe Angyal warnt <a href=\"http:\/\/www.guardian.co.uk\/commentisfree\/2010\/apr\/07\/feminist-f-word-young-women\" target=_new>im <i>Guardian<\/i><\/a> vor den handels\u00fcblichen Disclaimer \u201eIch bin ja keine Feministin, aber\u2026\u201c (via <a href=\"http:\/\/www.feministing.com\/archives\/020673.html\" target=_new>feministing<\/a>)<\/p>\n","protected":false},"excerpt":{"rendered":"<p>Ich fand die ersten drei Folgen von Doris D\u00f6rries Fernseh-Sechsteiler Klimawandel gro\u00dfartig. Es ist schon sehr lange her, dass mich etwas f\u00fcrs Fernsehen Produziertes dazu brachte, meinen Klapprechner zu schlie\u00dfen und mich ganz der alten R\u00f6hre zuzuwenden. 100 Prozent Missfits-Humor (die eine H\u00e4lfte der Missfits, Gerburg Jahnke, findet das wohl auch), den ich schon immer [&hellip;]<\/p>\n","protected":false},"author":2,"featured_media":0,"comment_status":"open","ping_status":"closed","sticky":false,"template":"","format":"standard","meta":{"footnotes":""},"categories":[1],"tags":[],"class_list":["post-7464","post","type-post","status-publish","format-standard","hentry","category-general"],"_links":{"self":[{"href":"https:\/\/www.vorspeisenplatte.de\/speisen\/wp-json\/wp\/v2\/posts\/7464","targetHints":{"allow":["GET"]}}],"collection":[{"href":"https:\/\/www.vorspeisenplatte.de\/speisen\/wp-json\/wp\/v2\/posts"}],"about":[{"href":"https:\/\/www.vorspeisenplatte.de\/speisen\/wp-json\/wp\/v2\/types\/post"}],"author":[{"embeddable":true,"href":"https:\/\/www.vorspeisenplatte.de\/speisen\/wp-json\/wp\/v2\/users\/2"}],"replies":[{"embeddable":true,"href":"https:\/\/www.vorspeisenplatte.de\/speisen\/wp-json\/wp\/v2\/comments?post=7464"}],"version-history":[{"count":0,"href":"https:\/\/www.vorspeisenplatte.de\/speisen\/wp-json\/wp\/v2\/posts\/7464\/revisions"}],"wp:attachment":[{"href":"https:\/\/www.vorspeisenplatte.de\/speisen\/wp-json\/wp\/v2\/media?parent=7464"}],"wp:term":[{"taxonomy":"category","embeddable":true,"href":"https:\/\/www.vorspeisenplatte.de\/speisen\/wp-json\/wp\/v2\/categories?post=7464"},{"taxonomy":"post_tag","embeddable":true,"href":"https:\/\/www.vorspeisenplatte.de\/speisen\/wp-json\/wp\/v2\/tags?post=7464"}],"curies":[{"name":"wp","href":"https:\/\/api.w.org\/{rel}","templated":true}]}}