{"id":75026,"date":"2022-03-24T06:34:48","date_gmt":"2022-03-24T05:34:48","guid":{"rendered":"https:\/\/www.vorspeisenplatte.de\/speisen\/?p=75026"},"modified":"2022-03-24T12:02:11","modified_gmt":"2022-03-24T11:02:11","slug":"journal-mittwoch-23-maerz-2022-muede-aber-geschaeftig","status":"publish","type":"post","link":"https:\/\/www.vorspeisenplatte.de\/speisen\/2022\/03\/journal-mittwoch-23-maerz-2022-muede-aber-geschaeftig.htm","title":{"rendered":"Journal Mittwoch, 23. M\u00e4rz 2022 &#8211; M\u00fcde aber gesch\u00e4ftig"},"content":{"rendered":"<p>Unruhige Nacht mit vielen Aufwachen, u.a. mit Kr\u00e4mpfen. M\u00fcder Morgen.<\/p>\n<p>Diesmal hatte ich mich den ganzen Dienstag \u00fcber darauf vorbereitet, dass gestern erst Mittwoch war, ich trug den Umstand tapfer.<\/p>\n<p>Wieder Raureif auf der Theresienwiese, aber die Magnolie auf der Westseite macht weiter.<\/p>\n<p><a href=\"https:\/\/www.vorspeisenplatte.de\/speisen\/archiv\/220323_03_MagnolieBavariapark.jpg\"><img loading=\"lazy\" decoding=\"async\" src=\"https:\/\/www.vorspeisenplatte.de\/speisen\/archiv\/220323_03_MagnolieBavariapark.jpg\" alt=\"\" width=\"360\" height=\"480\" class=\"alignnone size-full wp-image-75036\" \/><\/a><\/p>\n<p>Der Morgen begann im B\u00fcro erst mal hektisch, weil der Vormittag mit Schulung und Besprechung voll war.<\/p>\n<p>Mittags gab es ein paar L\u00f6ffel Linsen vom Vorabend, Grapefruit mit Joghurt, ein Glas Haselnussmilch (auf Empfehlung der Nichte besorgt &#8211; schmeckt sehr gut, doch der Test als Cappuccino-Milch war nicht \u00fcberzeugend).<\/p>\n<p>Auch der Nachmittag verlief intensiv, um vier war ich eigentlich fix und fertig &#8211; aber der Arbeitstag noch nicht rum.<\/p>\n<p><a href=\"https:\/\/www.vorspeisenplatte.de\/speisen\/archiv\/220323_04_Heimeranplatz.jpg\"><img loading=\"lazy\" decoding=\"async\" src=\"https:\/\/www.vorspeisenplatte.de\/speisen\/archiv\/220323_04_Heimeranplatz.jpg\" alt=\"\" width=\"380\" height=\"450\" class=\"alignnone size-full wp-image-75038\" \/><\/a><\/p>\n<p>Eine weitere Reihe Fenster f\u00fcr den Neubau am Heimeranplatz.<\/p>\n<p>Nach endlich Feierabend spazierte ich durch milde Luft (der Tag war wolkenlos gewesen, Menschen sa\u00dfen mittags mit baren Armen in der Sonne) zum S\u00fcpermarket Verdi und kaufte noch f\u00fcrs Abendessen ein.<\/p>\n<p>Daheim aber erst mal Bett\u00fcberziehen, dann eine Runde Yoga: Viel Stabilit\u00e4ts- und Balance-\u00dcbungen, ich fiel m\u00f6glichst achtsam um.<\/p>\n<p>Herr Kaltmamsell war online verabredet, das Abendessen kochte ich: Orecchiette mit Brokkoli und roter Paprika. Es zeigte sich, wie gut es ist, dass abends Herr Kaltmamsell in unserer K\u00fcche steht. Nicht nur bin ich ausgesprochen ungeschickt: Ich kann mich auch bis weitaus jenseits der L\u00e4cherlichkeit dar\u00fcber aufregen. Fast h\u00e4tte ich gar keinen Appetit f\u00fcrs Essen aufgebracht. Aber dann reichte er auch noch f\u00fcr S\u00fc\u00dfigkeiten zum Nachtisch.<\/p>\n<p>K\u00fcche s\u00e4ubern, W\u00e4sche aufh\u00e4ngen, Blumen gie\u00dfen &#8211; dann hatte ich endlich frei.<\/p>\n<p>\u00a7<\/p>\n<p>Gute Zusammenfassung von Wolfgang Janisch in der <i>S\u00fcddeutschen<\/i> zur deutschen Rechtsprechung bei spezifisch sexistischem Hass im Netz (\u20ac):<br \/>\n<a href=\"https:\/\/www.sueddeutsche.de\/medien\/bundesverfassungsgericht-hassrede-sexismus-beleidigung-soziale-medien-1.5552666?reduced=true\" rel=\"noopener\" target=\"_blank\">&#8220;Hass im Netz:<br \/>\nHabt euch nicht so&#8221;.<\/a><\/p>\n<blockquote><p>Die sozialen Medien haben das b\u00f6se Spiel mit der Beleidigung, in dem es schon immer um Macht und Herabsetzung ging, entscheidend versch\u00e4rft. &#8220;Die Zunahme von Hass im Netz hat die wissenschaftliche und kriminalpolitische Debatte grundlegend ver\u00e4ndert&#8221;, schreibt die Leipziger Strafrechtsprofessorin Elisa Hoven in der <i>Neuen Juristischen Wochenschrift<\/i>.<\/p>\n<p>Das Schl\u00fcsselwort, um das es Hoven geht, lautet &#8220;Silencing&#8221;. Der Hass im Netz ist zum Instrument der Unterdr\u00fcckung geworden, mal hat er rassistische, mal schwulenfeindliche, mal nationalistische Wurzeln. Gegen Frauen richtet er sich in einer spezifisch sexistischen Weise, ganz sicher nicht zuf\u00e4llig in dem historischen Moment, in dem Frauen nachdr\u00fccklich ihre gleichberechtigte Teilhabe einfordern. Ver\u00e4chtliche Zoten m\u00f6gen so klingen wie fr\u00fcher, aber ihre Wirkung ver\u00e4ndert sich. &#8220;Beleidigungen im Internet sind nicht l\u00e4nger die private Angelegenheit des einzelnen, sondern stellen eine Bedrohung f\u00fcr den freien \u00f6ffentlichen Meinungsaustausch dar&#8221;, schreibt Hoven. Das Private ist nicht l\u00e4nger privat. Es ist politisch.<\/p><\/blockquote>\n<p>\u00a7<\/p>\n<p>HACHZ! Der Bund Naturschutz hat meinen Traum von einer M\u00fcnchner Sonnenstra\u00dfe der Zukunft durchgedacht, mit Promenade und viel Platz f\u00fcr Fu\u00df- und Radverkehr! Und planen lassen. Er nennt das Ergebnis:<br \/>\n<a href=\"https:\/\/bn-muenchen.de\/munich-central-park\/\" rel=\"noopener\" target=\"_blank\">&#8220;Munich Central Park &#8211; der Park im Herzen der Stadt&#8221;.<\/a><\/p>\n<p>\u00a7<\/p>\n<p>M\u00f6chten Sie ein paar v\u00f6llig unspektakul\u00e4re Sekunden Kakapo sehen, der nach Gesundheitsproblemen zur\u00fcck in die Wildnis entlassen wird? <a href=\"https:\/\/twitter.com\/takapodigs\/status\/1506566646772633600\" rel=\"noopener\" target=\"_blank\">Bittesch\u00f6n.<\/a> <img loading=\"lazy\" decoding=\"async\" src=\"https:\/\/vg02.met.vgwort.de\/na\/cf726d6f82c0473bbf4240b251910e79\" width=\"1\" height=\"1\" alt=\"\"\/><\/p>\n","protected":false},"excerpt":{"rendered":"<p>Unruhige Nacht mit vielen Aufwachen, u.a. mit Kr\u00e4mpfen. M\u00fcder Morgen. Diesmal hatte ich mich den ganzen Dienstag \u00fcber darauf vorbereitet, dass gestern erst Mittwoch war, ich trug den Umstand tapfer. Wieder Raureif auf der Theresienwiese, aber die Magnolie auf der Westseite macht weiter. Der Morgen begann im B\u00fcro erst mal hektisch, weil der Vormittag mit [&hellip;]<\/p>\n","protected":false},"author":2,"featured_media":0,"comment_status":"open","ping_status":"closed","sticky":false,"template":"","format":"standard","meta":{"footnotes":""},"categories":[2,1],"tags":[],"class_list":["post-75026","post","type-post","status-publish","format-standard","hentry","category-fotos","category-general"],"_links":{"self":[{"href":"https:\/\/www.vorspeisenplatte.de\/speisen\/wp-json\/wp\/v2\/posts\/75026","targetHints":{"allow":["GET"]}}],"collection":[{"href":"https:\/\/www.vorspeisenplatte.de\/speisen\/wp-json\/wp\/v2\/posts"}],"about":[{"href":"https:\/\/www.vorspeisenplatte.de\/speisen\/wp-json\/wp\/v2\/types\/post"}],"author":[{"embeddable":true,"href":"https:\/\/www.vorspeisenplatte.de\/speisen\/wp-json\/wp\/v2\/users\/2"}],"replies":[{"embeddable":true,"href":"https:\/\/www.vorspeisenplatte.de\/speisen\/wp-json\/wp\/v2\/comments?post=75026"}],"version-history":[{"count":3,"href":"https:\/\/www.vorspeisenplatte.de\/speisen\/wp-json\/wp\/v2\/posts\/75026\/revisions"}],"predecessor-version":[{"id":75056,"href":"https:\/\/www.vorspeisenplatte.de\/speisen\/wp-json\/wp\/v2\/posts\/75026\/revisions\/75056"}],"wp:attachment":[{"href":"https:\/\/www.vorspeisenplatte.de\/speisen\/wp-json\/wp\/v2\/media?parent=75026"}],"wp:term":[{"taxonomy":"category","embeddable":true,"href":"https:\/\/www.vorspeisenplatte.de\/speisen\/wp-json\/wp\/v2\/categories?post=75026"},{"taxonomy":"post_tag","embeddable":true,"href":"https:\/\/www.vorspeisenplatte.de\/speisen\/wp-json\/wp\/v2\/tags?post=75026"}],"curies":[{"name":"wp","href":"https:\/\/api.w.org\/{rel}","templated":true}]}}