{"id":7538,"date":"2010-04-20T08:55:36","date_gmt":"2010-04-20T06:55:36","guid":{"rendered":"https:\/\/www.vorspeisenplatte.de\/speisen\/?p=7538"},"modified":"2010-04-20T08:55:36","modified_gmt":"2010-04-20T06:55:36","slug":"fahrradsaison-eroffnet","status":"publish","type":"post","link":"https:\/\/www.vorspeisenplatte.de\/speisen\/2010\/04\/fahrradsaison-eroffnet.htm","title":{"rendered":"Fahrradsaison er\u00f6ffnet"},"content":{"rendered":"<p>Als bekennende Sch\u00f6nwetterradlerin (was ich mit meinem Businesskasperinnenoutfit rechtfertige) er\u00f6ffnete ich die Fahrradsaison erst heute \u2013 anscheinend immer noch vor vielen anderen M\u00fcnchner Radfahrern, denn die Stra\u00dfen und Wege waren noch erfreulich wenig belegt von <a href=\"https:\/\/www.vorspeisenplatte.de\/speisen\/2009\/06\/journal-12-juni-2009.htm\">dieser Seuche<\/a>.<br \/>\nUnd so erschrak ich nur ein einziges Mal auf dem 25 Minuten dauernden Weg zu Tode, als n\u00e4mlich ein Radler von rechts und gegen die Fahrtrichtung aus einer Einbahnstra\u00dfe schoss.<\/p>\n<p>Was hat sich oberirdisch getan in den vergangenen sieben Monaten, in denen ich ausschlie\u00dflich unterirdisch zur Arbeit kam? Es gibt zum Beispiel erheblich weniger Baustellen:<br \/>\n&#8211; Das Nadel\u00f6hr hinter dem Rathaus zwischen Franziskaner und Spatenhaus ist erheblich breiter und erm\u00f6glicht ein Nebeneinander von beliefernden Brauereiwagen, Fu\u00dfg\u00e4ngern und Radlern.<br \/>\n&#8211; Die M\u00fcnchner Freiheit ist fertig, inklusive einem eigenen und besonders h\u00fcbschen Radweg um den neuen Raumschiffhafen.<br \/>\nDaf\u00fcr haben sie die Residenzstra\u00dfe aufgerissen. Und es ist ja noch fr\u00fch im Jahr, die Aufrei\u00dfsaison hat gerade erst begonnen.<\/p>\n<p>In Nordschwabing stellte sich mir ein Stockerpel in den Weg. Obwohl ich heftig bremste und ihm auswich, quakte er mich b\u00f6se an. Vermutlich hatte auch er wegen der Vulkanaschewolke au\u00dferplanm\u00e4\u00dfig landen m\u00fcssen \u2013 das n\u00e4chste Gew\u00e4sser liegt gut zwei Kilometer entfernt.<\/p>\n","protected":false},"excerpt":{"rendered":"<p>Als bekennende Sch\u00f6nwetterradlerin (was ich mit meinem Businesskasperinnenoutfit rechtfertige) er\u00f6ffnete ich die Fahrradsaison erst heute \u2013 anscheinend immer noch vor vielen anderen M\u00fcnchner Radfahrern, denn die Stra\u00dfen und Wege waren noch erfreulich wenig belegt von dieser Seuche. Und so erschrak ich nur ein einziges Mal auf dem 25 Minuten dauernden Weg zu Tode, als n\u00e4mlich [&hellip;]<\/p>\n","protected":false},"author":2,"featured_media":0,"comment_status":"open","ping_status":"closed","sticky":false,"template":"","format":"standard","meta":{"footnotes":""},"categories":[1],"tags":[],"class_list":["post-7538","post","type-post","status-publish","format-standard","hentry","category-general"],"_links":{"self":[{"href":"https:\/\/www.vorspeisenplatte.de\/speisen\/wp-json\/wp\/v2\/posts\/7538","targetHints":{"allow":["GET"]}}],"collection":[{"href":"https:\/\/www.vorspeisenplatte.de\/speisen\/wp-json\/wp\/v2\/posts"}],"about":[{"href":"https:\/\/www.vorspeisenplatte.de\/speisen\/wp-json\/wp\/v2\/types\/post"}],"author":[{"embeddable":true,"href":"https:\/\/www.vorspeisenplatte.de\/speisen\/wp-json\/wp\/v2\/users\/2"}],"replies":[{"embeddable":true,"href":"https:\/\/www.vorspeisenplatte.de\/speisen\/wp-json\/wp\/v2\/comments?post=7538"}],"version-history":[{"count":0,"href":"https:\/\/www.vorspeisenplatte.de\/speisen\/wp-json\/wp\/v2\/posts\/7538\/revisions"}],"wp:attachment":[{"href":"https:\/\/www.vorspeisenplatte.de\/speisen\/wp-json\/wp\/v2\/media?parent=7538"}],"wp:term":[{"taxonomy":"category","embeddable":true,"href":"https:\/\/www.vorspeisenplatte.de\/speisen\/wp-json\/wp\/v2\/categories?post=7538"},{"taxonomy":"post_tag","embeddable":true,"href":"https:\/\/www.vorspeisenplatte.de\/speisen\/wp-json\/wp\/v2\/tags?post=7538"}],"curies":[{"name":"wp","href":"https:\/\/api.w.org\/{rel}","templated":true}]}}