{"id":76093,"date":"2022-05-03T06:35:04","date_gmt":"2022-05-03T04:35:04","guid":{"rendered":"https:\/\/www.vorspeisenplatte.de\/speisen\/?p=76093"},"modified":"2023-05-02T16:39:48","modified_gmt":"2023-05-02T14:39:48","slug":"journal-montag-2-mai-2022-vergebliche-sommerkleidung","status":"publish","type":"post","link":"https:\/\/www.vorspeisenplatte.de\/speisen\/2022\/05\/journal-montag-2-mai-2022-vergebliche-sommerkleidung.htm","title":{"rendered":"Journal Montag, 2. Mai 2022 &#8211; Vergebliche Sommerkleidung"},"content":{"rendered":"<p>Da m\u00f6gen meine Blutwerte noch so super gewesen sein, ich f\u00fchlte mich beim Aufstehen ausgesprochen unfit und nicht gesund.<\/p>\n<p>Was mich nicht an meinem geplanten Bekleidungs-Experiment hinderte: Ich verkneife mir ja m\u00fchevoll den Kauf weiterer Kleidung, unter anderem weil mich eh ausschlie\u00dflich Sommerkleidung anlacht, mir aber sehr bewusst ist, dass deren Einsatz in unseren Breiten auf h\u00f6chstens 15 Prozent des Jahres begrenzt ist (selbst im tats\u00e4chlichen Sommer hat&#8217;s ja k\u00fchle Tage). Jetzt versuchte ich&#8217;s mal mit Sommerkleid und dicken Strumphosen plus lang\u00e4rmligem T-Shirt drunter. Der erste solche Kombination war schon mal nicht so gut: Im Lauf des Tages stellte ich fest, dass das Sommerkleid in dieser Kombi wie ein OP-Kittel aussah.<\/p>\n<p>Wobei mir mal wieder auffiel, dass die Schaufenster \u00fcber die H\u00e4lfte des Jahres von Sommerkleidung dominiert zu sein scheinen &#8211; was machen die K\u00e4ufer*innen damit?<\/p>\n<p>Das Drau\u00dfen war wieder ausgesprochen kalt.<\/p>\n<p><a href=\"https:\/\/www.vorspeisenplatte.de\/speisen\/archiv\/220502_01_Theresienwiese.jpg\"><img loading=\"lazy\" decoding=\"async\" src=\"https:\/\/www.vorspeisenplatte.de\/speisen\/archiv\/220502_01_Theresienwiese.jpg\" alt=\"\" width=\"423\" height=\"564\" class=\"alignnone size-full wp-image-76104\" \/><\/a><\/p>\n<p><a href=\"https:\/\/www.vorspeisenplatte.de\/speisen\/archiv\/220502_02_Theresienwiese.jpg\"><img loading=\"lazy\" decoding=\"async\" src=\"https:\/\/www.vorspeisenplatte.de\/speisen\/archiv\/220502_02_Theresienwiese.jpg\" alt=\"\" width=\"528\" height=\"428\" class=\"alignnone size-full \" \/><\/a><\/p>\n<p>Ordentlich Arbeit in der Arbeit. Durchs B\u00fcrofenster sah ich einen Zeppelin mit Goodyear-Aufschrift, der mir schon am Samstag \u00fcberm Dantebad aufgefallen war. <a href=\"https:\/\/www.goodyear.eu\/de_de\/consumer\/why-goodyear\/blimp.html\" rel=\"noopener\" target=\"_blank\">Ein sch\u00f6n altmodischer Schriftzug<\/a> &#8211; der halt auch f\u00fcr die alles dominierende Automobilindustrie steht.<\/p>\n<p>Mittags Apfel, gummiges selbstgebackenes Brot (ich musste so viel kauen wie am Vollkornbrot), Orangen-Mandel-Kuchen.<\/p>\n<p>Nachmittags misslangen mir Dinge in der Arbeit, damit kann ich sehr, sehr schlecht umgehen.<\/p>\n<p>Nach Feierabend machte ich einen kleinen Umweg und kaufte doch mal Yoga-Bl\u00f6cke (sehr praktisch: ich hatte vorher im Web sicherstellen k\u00f6nnen, dass diese Filiale sie im Bestand hatte &#8211; mit Anbindung ans zeitgen\u00f6ssische Warenwirtschaftssystem technisch kein Problem, dennoch eine selten angebotene Funktion). Ich f\u00fchlte mich gar nicht wohl, mir war leicht \u00fcbel und ziemlich wackelig. Doch ich freute mich auf eine halbe Stunde Yoga daheim. Es wurde <a href=\"https:\/\/youtu.be\/O31JKPhfJ5w\" rel=\"noopener\" target=\"_blank\">eine zweite Einheit mit der hier empfohlenen B\u00e4rbel Miessner<\/a>: Auch diese richtet sich an Menschen mit Vorkenntnissen, sagt die meisten Bewegungen und Haltungen lediglich an, legt ein flottes Tempo vor. Erstmals setzte ich einen Yoga-Block ein. Und wieder ging es mir danach deutlich besser als vorher. Allerdings merke ich: Je l\u00e4nger ich Yoga in aller Freiheit f\u00fcr mich allein zu Hause turne, desto h\u00f6her wird die H\u00fcrde, das mal live in einer Gruppe mit echter Vorturnerin zu tun &#8211; ich bezweifle, dass ich dort dieses &#8220;find what feels good&#8221; bekomme. Hat hier jemand eine verl\u00e4ssliche Empfehlung f\u00fcrs M\u00fcnchner Zentrum (im Altstadtring bis Westenend), Hatha\/Vinyasa? Ich bitte um Influencierung.<\/p>\n<p>Als Nachtmahl servierte Herr Kaltmamsell Pak Choi aus Ernteanteil mit einer Hand voll Ruccola aus derselben Quelle chinesisch mit Sojahack als scharfes Pfannengericht, dazu Reis &#8211; ganz hervorragend. Nachtisch Osterschokolade.<\/p>\n<p>\u00a7<\/p>\n<p><a href=\"https:\/\/youtu.be\/m3FPjVWO_2o\" rel=\"noopener\" target=\"_blank\">Warum viele dem Internet keine Zukunft zutrauten &#8211; und manche halt doch.<\/a> <img loading=\"lazy\" decoding=\"async\" src=\"https:\/\/vg02.met.vgwort.de\/na\/cc1cb16123594d548065322938589c2f\" width=\"1\" height=\"1\" alt=\"\"\/><\/p>\n","protected":false},"excerpt":{"rendered":"<p>Da m\u00f6gen meine Blutwerte noch so super gewesen sein, ich f\u00fchlte mich beim Aufstehen ausgesprochen unfit und nicht gesund. Was mich nicht an meinem geplanten Bekleidungs-Experiment hinderte: Ich verkneife mir ja m\u00fchevoll den Kauf weiterer Kleidung, unter anderem weil mich eh ausschlie\u00dflich Sommerkleidung anlacht, mir aber sehr bewusst ist, dass deren Einsatz in unseren Breiten [&hellip;]<\/p>\n","protected":false},"author":2,"featured_media":0,"comment_status":"open","ping_status":"closed","sticky":false,"template":"","format":"standard","meta":{"footnotes":""},"categories":[2,1],"tags":[],"class_list":["post-76093","post","type-post","status-publish","format-standard","hentry","category-fotos","category-general"],"_links":{"self":[{"href":"https:\/\/www.vorspeisenplatte.de\/speisen\/wp-json\/wp\/v2\/posts\/76093","targetHints":{"allow":["GET"]}}],"collection":[{"href":"https:\/\/www.vorspeisenplatte.de\/speisen\/wp-json\/wp\/v2\/posts"}],"about":[{"href":"https:\/\/www.vorspeisenplatte.de\/speisen\/wp-json\/wp\/v2\/types\/post"}],"author":[{"embeddable":true,"href":"https:\/\/www.vorspeisenplatte.de\/speisen\/wp-json\/wp\/v2\/users\/2"}],"replies":[{"embeddable":true,"href":"https:\/\/www.vorspeisenplatte.de\/speisen\/wp-json\/wp\/v2\/comments?post=76093"}],"version-history":[{"count":3,"href":"https:\/\/www.vorspeisenplatte.de\/speisen\/wp-json\/wp\/v2\/posts\/76093\/revisions"}],"predecessor-version":[{"id":86909,"href":"https:\/\/www.vorspeisenplatte.de\/speisen\/wp-json\/wp\/v2\/posts\/76093\/revisions\/86909"}],"wp:attachment":[{"href":"https:\/\/www.vorspeisenplatte.de\/speisen\/wp-json\/wp\/v2\/media?parent=76093"}],"wp:term":[{"taxonomy":"category","embeddable":true,"href":"https:\/\/www.vorspeisenplatte.de\/speisen\/wp-json\/wp\/v2\/categories?post=76093"},{"taxonomy":"post_tag","embeddable":true,"href":"https:\/\/www.vorspeisenplatte.de\/speisen\/wp-json\/wp\/v2\/tags?post=76093"}],"curies":[{"name":"wp","href":"https:\/\/api.w.org\/{rel}","templated":true}]}}