{"id":76329,"date":"2022-05-12T06:17:57","date_gmt":"2022-05-12T04:17:57","guid":{"rendered":"https:\/\/www.vorspeisenplatte.de\/speisen\/?p=76329"},"modified":"2024-05-22T16:42:14","modified_gmt":"2024-05-22T14:42:14","slug":"journal-mittwoch-11-mai-2022-sommertag-von-drinnen-und-draussen","status":"publish","type":"post","link":"https:\/\/www.vorspeisenplatte.de\/speisen\/2022\/05\/journal-mittwoch-11-mai-2022-sommertag-von-drinnen-und-draussen.htm","title":{"rendered":"Journal Mittwoch, 11. Mai 2022 &#8211; Sommertag von drinnen und drau\u00dfen"},"content":{"rendered":"<p>Zum Einschlafen hatte ich mein Schlafzimmerfenster schlie\u00dfen m\u00fcssen: Milde Temperaturen bedeuten L\u00e4rm im Park davor. Bei einem Aufwachen nach Mitternacht \u00f6ffnete ich es wieder.<\/p>\n<p>Bei Weckerklingeln ein echter Sommermorgen. Beleg: Ich hatte wie immer w\u00e4hrend meiner medizinischen Morgengymnastik die Balkont\u00fcr im Wohnzimmer ge\u00f6ffnet &#8211; und verga\u00df fast, sie wieder zu schlie\u00dfen, weil von drau\u00dfen keine K\u00fchle hereinkam.<\/p>\n<p>Nach Balkoncheck lie\u00df ich die Jacke daheim und verlie\u00df das Haus in lang\u00e4rmligem T-Shirt und erstmals dieses Jahr mit nackten Beinen!<\/p>\n<p><a href=\"https:\/\/www.vorspeisenplatte.de\/speisen\/archiv\/220511_03_Kleidung.jpg\"><img loading=\"lazy\" decoding=\"async\" src=\"https:\/\/www.vorspeisenplatte.de\/speisen\/archiv\/220511_03_Kleidung.jpg\" alt=\"\" width=\"196\" height=\"432\" class=\"alignnone size-full wp-image-76341\" \/><\/a><\/p>\n<p>Zweiter vom Schneider angepasster Sommerrock; F\u00fc\u00dflinge in den Schuhen nur f\u00fcr den Weg als Blasenschutz, zog ich im B\u00fcro aus.<\/p>\n<p>Diesmal entdeckte ich die Mauersegler \u00fcberm Westend &#8211; erst h\u00f6rte ich sie, dann hielt ich Ausschau.<\/p>\n<p>Vielf\u00e4ltig gesch\u00e4ftiger Vormittag mit \u00dcberraschungen und mit Prozentrechnen: Gesamtnote aus prozentual gewichteten Einzelnoten. Nach kurzem Sch\u00e4men \u00fcber mein Unverm\u00f6gen bat ich den beruflichen Notengewichtungsexperten Herrn Kaltmamsell um Unterst\u00fctzung, er schickte ein kleines Excel-Maschinchen. Damit machte ich mich auch gleich bei Kolleginnen mit \u00e4hnlichen T\u00e4tigkeiten beliebt.<\/p>\n<p>Mittags die letzte Scheibe Pumpernickel mit Butter, Apfel, Banane.<\/p>\n<p>Ein Arbeitsnachmittag, der zunehmend turbulent wurde und mir neue Einsichten in menschliche Abgr\u00fcnde verschaffte. (Daneben online einen Mammographie-Termin vereinbart, JAJAJAJAistjagut.)<\/p>\n<p>Nach Hause \u00fcber Supermarkteink\u00e4ufe, haupts\u00e4chlich S\u00fc\u00dfigkeiten. Es war sommerlich warm, in der Sonne sogar hei\u00df. Entsprechend dicht bev\u00f6lkert war alle Au\u00dfengastronomie.<\/p>\n<p>Daheim eine Runde Yoga rundum, bevor ich verabredungsgem\u00e4\u00df mit Herrn Kaltmamsell aush\u00e4usig zum Abendessen spazierte: Ich hatte auf meinen Wegen durch die Innenstadt ein kleines asiatisches Lokal entdeckt, das interessant aussah.<\/p>\n<p>Wir a\u00dfen ok, aber nicht wiederholungsn\u00f6tig. Am besten schmeckte mir der hausgemachte Curcuma-Mango-Eistee.<\/p>\n<p><a href=\"https:\/\/www.vorspeisenplatte.de\/speisen\/archiv\/220511_10_Asamhoefe.jpg\"><img loading=\"lazy\" decoding=\"async\" src=\"https:\/\/www.vorspeisenplatte.de\/speisen\/archiv\/220511_10_Asamhoefe.jpg\" alt=\"\" width=\"372\" height=\"535\" class=\"alignnone size-full wp-image-76342\" \/><\/a><\/p>\n<p>Asamkirche von hinten in den Asamh\u00f6fen.<\/p>\n<p>Nachtisch daheim Schokolade.<\/p>\n<p>\u00a7<\/p>\n<p>Maximilian Buddenbohm erlebt im Supermarkt etwas eigentlich wenig Sensationelles. Dennoch sehr Einschneidendes.<br \/>\n<a href=\"https:\/\/www.goethe.de\/prj\/ger\/de\/ihr\/age\/22968531.html\" rel=\"noopener\" target=\"_blank\">&#8220;Manchmal passt es zusammen&#8221;.<\/a><\/p>\n<p>\u00a7<\/p>\n<p>Und dann ist da ja auch noch Jemen. Hier eine Bilderstrecke aus dem <i>Guardian<\/i>, die die derzeitige Waffenruhe f\u00fcr Fotos aus dem entsetzlich von B\u00fcrgerkrieg gebeutelten Land nutzt, die zur Abwechlung nicht nur Zerst\u00f6rung und Leid zeigen.<br \/>\n<a href=\"https:\/\/www.theguardian.com\/global-development\/gallery\/2022\/may\/09\/yemen-rich-history-endures-far-from-war-in-pictures\" rel=\"noopener\" target=\"_blank\">&#8220;Glimmers of hope: Yemen\u2019s rich history endures far from war \u2013 in pictures&#8221;.<\/a> <img loading=\"lazy\" decoding=\"async\" src=\"https:\/\/vg02.met.vgwort.de\/na\/f81f6ff4fe9a49d8b56c1eac6bb8a980\" width=\"1\" height=\"1\" alt=\"\"\/><\/p>\n","protected":false},"excerpt":{"rendered":"<p>Zum Einschlafen hatte ich mein Schlafzimmerfenster schlie\u00dfen m\u00fcssen: Milde Temperaturen bedeuten L\u00e4rm im Park davor. Bei einem Aufwachen nach Mitternacht \u00f6ffnete ich es wieder. Bei Weckerklingeln ein echter Sommermorgen. Beleg: Ich hatte wie immer w\u00e4hrend meiner medizinischen Morgengymnastik die Balkont\u00fcr im Wohnzimmer ge\u00f6ffnet &#8211; und verga\u00df fast, sie wieder zu schlie\u00dfen, weil von drau\u00dfen keine [&hellip;]<\/p>\n","protected":false},"author":2,"featured_media":0,"comment_status":"open","ping_status":"closed","sticky":false,"template":"","format":"standard","meta":{"footnotes":""},"categories":[6,2,1],"tags":[],"class_list":["post-76329","post","type-post","status-publish","format-standard","hentry","category-essen","category-fotos","category-general"],"_links":{"self":[{"href":"https:\/\/www.vorspeisenplatte.de\/speisen\/wp-json\/wp\/v2\/posts\/76329","targetHints":{"allow":["GET"]}}],"collection":[{"href":"https:\/\/www.vorspeisenplatte.de\/speisen\/wp-json\/wp\/v2\/posts"}],"about":[{"href":"https:\/\/www.vorspeisenplatte.de\/speisen\/wp-json\/wp\/v2\/types\/post"}],"author":[{"embeddable":true,"href":"https:\/\/www.vorspeisenplatte.de\/speisen\/wp-json\/wp\/v2\/users\/2"}],"replies":[{"embeddable":true,"href":"https:\/\/www.vorspeisenplatte.de\/speisen\/wp-json\/wp\/v2\/comments?post=76329"}],"version-history":[{"count":3,"href":"https:\/\/www.vorspeisenplatte.de\/speisen\/wp-json\/wp\/v2\/posts\/76329\/revisions"}],"predecessor-version":[{"id":98092,"href":"https:\/\/www.vorspeisenplatte.de\/speisen\/wp-json\/wp\/v2\/posts\/76329\/revisions\/98092"}],"wp:attachment":[{"href":"https:\/\/www.vorspeisenplatte.de\/speisen\/wp-json\/wp\/v2\/media?parent=76329"}],"wp:term":[{"taxonomy":"category","embeddable":true,"href":"https:\/\/www.vorspeisenplatte.de\/speisen\/wp-json\/wp\/v2\/categories?post=76329"},{"taxonomy":"post_tag","embeddable":true,"href":"https:\/\/www.vorspeisenplatte.de\/speisen\/wp-json\/wp\/v2\/tags?post=76329"}],"curies":[{"name":"wp","href":"https:\/\/api.w.org\/{rel}","templated":true}]}}