{"id":76537,"date":"2022-05-19T06:24:09","date_gmt":"2022-05-19T04:24:09","guid":{"rendered":"https:\/\/www.vorspeisenplatte.de\/speisen\/?p=76537"},"modified":"2023-05-08T15:23:14","modified_gmt":"2023-05-08T13:23:14","slug":"journal-mittwoch-18-mai-2022-erstes-lindwurmessen","status":"publish","type":"post","link":"https:\/\/www.vorspeisenplatte.de\/speisen\/2022\/05\/journal-mittwoch-18-mai-2022-erstes-lindwurmessen.htm","title":{"rendered":"Journal Mittwoch, 18. Mai 2022 &#8211; Erstes #Lindwurmessen"},"content":{"rendered":"<p>Mittelunruhige Nacht, beim Weckerklingeln kam durchs offene Fenster herrliche Maienluft. Auf dem Weg in die Arbeit verzichtete ich auf eine Jacke.<\/p>\n<p><a href=\"https:\/\/www.vorspeisenplatte.de\/speisen\/archiv\/220518_04_Theresienwiese.jpg\"><img loading=\"lazy\" decoding=\"async\" src=\"https:\/\/www.vorspeisenplatte.de\/speisen\/archiv\/220518_04_Theresienwiese.jpg\" alt=\"\" width=\"586\" height=\"399\" class=\"alignnone size-full \" \/><\/a><\/p>\n<p>Auf der Theresienwiese wird bereits das Oktoberfest aufgebaut &#8211; zumindest ein kleiner Teil davon. Denn: Das Br\u00e4urosl-Zelt (u.a. Schauplatz des Schwulen Oktoberfests am <em>->Gay Sunday<\/em>, nach dem CSD wahrscheinlich die gr\u00f6\u00dfte LGBTQ-Veranstaltung in M\u00fcnchen) ist dieses Jahr neu, und weil es erst noch vom T\u00dcV abgenommen werden muss, darf es schon sechs Wochen vor dem offiziellen Start des Aufbaus (und der Sperrung der Theresienwiese, schn\u00fcff) aufgebaut werden.<\/p>\n<p>Dass die Bierzelte des Oktoberfests eigentlich keine Zelte sind, sondern auf- und abbaubare Holzh\u00e4user mit fester Anbindung an Strom-, Wasser- und Abwasserversorgung, sieht man im Vergleich zum klassischen Bierzelt auf dem Fr\u00fchlingsfest.<\/p>\n<p><a href=\"https:\/\/www.vorspeisenplatte.de\/speisen\/archiv\/220512_10_Theresienwiese.jpg\"><img loading=\"lazy\" decoding=\"async\" src=\"https:\/\/www.vorspeisenplatte.de\/speisen\/archiv\/220512_10_Theresienwiese.jpg\" alt=\"\" width=\"613\" height=\"403\" class=\"alignnone size-full \" \/><\/a><\/p>\n<p>Foto vom 12. Mai. Boden aus Holzplatten, Ger\u00fcst aus Alustangen, \u00fcber die die Zeltplane gezogen wird. Auf den m\u00e4chtigen Holzpfeilern oben hingegen werden Holzw\u00e4nde mit echten Fenstern und ein Holzdach befestigt, es gibt ein zweites Stockwerk mit einer Galerie.<\/p>\n<p>Und \u00fcberhaupt, hier ein wirklich guter Text zum Oktoberfest von Dominik Schelzke:<br \/>\n<a href=\"https:\/\/muenchen.mitvergnuegen.com\/2022\/lebensgefuehl-wiesn-oktoberfest-wieder\/\" rel=\"noopener\" target=\"_blank\">&#8220;F\u00fcr die Stadt und das Lebensgef\u00fchl: M\u00fcnchen braucht die Wiesn!&#8221;<\/a><\/p>\n<blockquote><p>Egal, ob es um die Tracht, den Exzess oder das Italienerwochenende geht, zur Wiesn hat ganz M\u00fcnchen eine klare Meinung. Sie geh\u00f6rt zum Profil dieser Stadt wie die Isar und Karl Valentin.<\/p><\/blockquote>\n<p>Meine Meinung kennen Sie ja, auch dieses Jahr ist die Oktoberfestflucht bereits gebucht. Trotzdem empfand ich die beiden Seuchejahre ohne Oktoberfest als apokalyptisch. Und mir ist v\u00f6llig klar, dass es ohne diese lukrative Gro\u00dfveranstaltung nicht mitten in der Stadt eine riesige freie Fl\u00e4che g\u00e4be.<\/p>\n<p>Arbeit in der Arbeit, verh\u00e4ltnism\u00e4\u00dfig geradeaus.<\/p>\n<p>Mittags erstes St\u00f6bern im <a href=\"https:\/\/re-publica.com\/de\/schedule?day=2022-06-08\" rel=\"noopener\" target=\"_blank\">Programm der re:publica<\/a> &#8211; und fast nicht mehr rausgefunden: So sehr f\u00fchlte sich das wie Heimkommen an, so sehr <i>my people<\/i>! Im ersten Schritt warf ich alle Links zu interessanten Speaker*innen\/Programmpunkten in ein .doc. Kurz vor Abreise sortiere ich die zu meinem pers\u00f6nlichen Programm (und stelle h\u00f6chstwahrscheinlich auch nach zwei Jahren Pause fest, dass alles Interessante gleichzeitig l\u00e4uft).<\/p>\n<p>Zu Essen gab es mittags das restliche selbstgebackene Dinkelbrot, au\u00dferdem H\u00fcttenk\u00e4se mit Maracuja.<\/p>\n<p>Nachmittags wurde die Arbeit nochmal turbulenter. Ich ging dennoch nicht zu sp\u00e4t, um noch etwas von dem herrlichen Wetter zu haben. Eink\u00e4ufe auf dem Heimweg.<\/p>\n<p>Abends war ich mit Herrn Kaltmamsell verabredet, wird wollten die Aktion #Lindwurmessen starten, also das erste von allen Lokalen an der Lindwurmstra\u00dfe besuchen (nach dem Vorbild <a href=\"https:\/\/twitter.com\/search?q=%23MangiaRosi&#038;src=hashtag_click\" rel=\"noopener\" target=\"_blank\">#mangiarosi<\/a> in der Rosenheimer Stra\u00dfe). Wir hatten erstmal festgelegt, dass nur Gastronomie z\u00e4hlt, die Sitzgelegenheiten bietet, reine Take-aways nur, wenn sie etwas ganz Besonderes anbieten.<\/p>\n<p>Vorher noch eine kurze Runde anstrengendes Yoga.<\/p>\n<p>Abendessen beim Ayla.<\/p>\n<p><a href=\"https:\/\/www.vorspeisenplatte.de\/speisen\/archiv\/220518_10_Ayla.jpg\"><img loading=\"lazy\" decoding=\"async\" src=\"https:\/\/www.vorspeisenplatte.de\/speisen\/archiv\/220518_10_Ayla.jpg\" alt=\"\" width=\"453\" height=\"361\" class=\"alignnone size-full wp-image-76554\" \/><\/a><\/p>\n<p><a href=\"https:\/\/www.vorspeisenplatte.de\/speisen\/archiv\/220518_12_Ayla.jpg\"><img loading=\"lazy\" decoding=\"async\" src=\"https:\/\/www.vorspeisenplatte.de\/speisen\/archiv\/220518_12_Ayla.jpg\" alt=\"\" width=\"302\" height=\"403\" class=\"alignnone size-full wp-image-76556\" \/><\/a><\/p>\n<p>Es gab Falaffel &#8211; einmal als &#8220;Bowl&#8221; und einmal als &#8220;Menu&#8221;. Schmeckte ok, die Falaffel waren sehr gr\u00fcn und gem\u00fcsig.<\/p>\n<p><a href=\"https:\/\/www.vorspeisenplatte.de\/speisen\/archiv\/220518_14_StMatthaeus.jpg\"><img loading=\"lazy\" decoding=\"async\" src=\"https:\/\/www.vorspeisenplatte.de\/speisen\/archiv\/220518_14_StMatthaeus.jpg\" alt=\"\" width=\"370\" height=\"513\" class=\"alignnone size-full wp-image-76557\" \/><\/a><\/p>\n<p>Aussicht beim Essen: St. Matth\u00e4us und die wundervollen Pappeln an der Lindwurmstra\u00dfe. Daheim Schokolade zum Nachtisch.<\/p>\n<p>\u00a7<\/p>\n<p>Schaun Sie, wegen dem European Song Contest (ja nat\u00fcrlich wei\u00df ich, wie der heutzutage wirklich hei\u00dft, ich vermisse halt den Namen Grand Prix Eurovision de la Chanson aus meiner Kindheit &#8211; der mit GPDLC auch noch die sch\u00f6nere Abk\u00fcrzung h\u00e4tte, passenderweise nur von den Konsonanten-trainierten Osteurop\u00e4er*innen korrekt auszusprechen). Theoretisch finde ich die Erscheinung durch und durch begr\u00fc\u00dfenswert (anders als internationalen M\u00e4nnerprofifu\u00dfball). Praktisch will ich nicht gezwungen sein, mich damit zu besch\u00e4ftigen.<\/p>\n<p>Warum eine Welt ohne ESC, vor allem ein Europa ohne ESC \u00e4rmer w\u00e4re, fasst Laurie Penny unvergleichlich zusammen:<br \/>\n<a href=\"https:\/\/lauriepenny.substack.com\/p\/peace-is-still-weirder-than-war?s=r\" rel=\"noopener\" target=\"_blank\">&#8220;All the Best Things About Europe with None of the Genocide&#8221;.<\/a><\/p>\n<blockquote><p>If the role of art is to interrogate civilization, the Eurovision song contest asks the one question that actually matters. The one question that\u2019s still relevant after six savage centuries of slaughter and conquest in the notionally democratic West. It\u2019s a question that\u2019s usually posed in the dark alleyways and disused car parks of the collective unconscious, and it goes like this:<\/p>\n<p><em>What if, instead of killing each other, we all just got hammered and did karaoke?<\/em><\/p><\/blockquote>\n<p>\u00a7<\/p>\n<p>Fotos!<br \/>\n<a href=\"https:\/\/i-d.vice.com\/en_uk\/article\/wxd959\/1970s-british-style\" rel=\"noopener\" target=\"_blank\">&#8220;Capturing the everyday style of 1970s Britain&#8221;.<\/a><\/p>\n<p>Gute Idee, nach Jahrzehnten die Aufnahmen durchzugehen, die zum Aufnahmezeitpunkt als unpassend\/ungen\u00fcgend angesehen wurden. <img loading=\"lazy\" decoding=\"async\" src=\"https:\/\/vg02.met.vgwort.de\/na\/7e2cde2dc0ce4939a04cc0f64aade4d3\" width=\"1\" height=\"1\" alt=\"\"\/><\/p>\n","protected":false},"excerpt":{"rendered":"<p>Mittelunruhige Nacht, beim Weckerklingeln kam durchs offene Fenster herrliche Maienluft. Auf dem Weg in die Arbeit verzichtete ich auf eine Jacke. Auf der Theresienwiese wird bereits das Oktoberfest aufgebaut &#8211; zumindest ein kleiner Teil davon. Denn: Das Br\u00e4urosl-Zelt (u.a. Schauplatz des Schwulen Oktoberfests am ->Gay Sunday, nach dem CSD wahrscheinlich die gr\u00f6\u00dfte LGBTQ-Veranstaltung in M\u00fcnchen) [&hellip;]<\/p>\n","protected":false},"author":2,"featured_media":0,"comment_status":"open","ping_status":"closed","sticky":false,"template":"","format":"standard","meta":{"footnotes":""},"categories":[6,2,1],"tags":[],"class_list":["post-76537","post","type-post","status-publish","format-standard","hentry","category-essen","category-fotos","category-general"],"_links":{"self":[{"href":"https:\/\/www.vorspeisenplatte.de\/speisen\/wp-json\/wp\/v2\/posts\/76537","targetHints":{"allow":["GET"]}}],"collection":[{"href":"https:\/\/www.vorspeisenplatte.de\/speisen\/wp-json\/wp\/v2\/posts"}],"about":[{"href":"https:\/\/www.vorspeisenplatte.de\/speisen\/wp-json\/wp\/v2\/types\/post"}],"author":[{"embeddable":true,"href":"https:\/\/www.vorspeisenplatte.de\/speisen\/wp-json\/wp\/v2\/users\/2"}],"replies":[{"embeddable":true,"href":"https:\/\/www.vorspeisenplatte.de\/speisen\/wp-json\/wp\/v2\/comments?post=76537"}],"version-history":[{"count":3,"href":"https:\/\/www.vorspeisenplatte.de\/speisen\/wp-json\/wp\/v2\/posts\/76537\/revisions"}],"predecessor-version":[{"id":87088,"href":"https:\/\/www.vorspeisenplatte.de\/speisen\/wp-json\/wp\/v2\/posts\/76537\/revisions\/87088"}],"wp:attachment":[{"href":"https:\/\/www.vorspeisenplatte.de\/speisen\/wp-json\/wp\/v2\/media?parent=76537"}],"wp:term":[{"taxonomy":"category","embeddable":true,"href":"https:\/\/www.vorspeisenplatte.de\/speisen\/wp-json\/wp\/v2\/categories?post=76537"},{"taxonomy":"post_tag","embeddable":true,"href":"https:\/\/www.vorspeisenplatte.de\/speisen\/wp-json\/wp\/v2\/tags?post=76537"}],"curies":[{"name":"wp","href":"https:\/\/api.w.org\/{rel}","templated":true}]}}