{"id":76817,"date":"2022-05-30T06:16:29","date_gmt":"2022-05-30T04:16:29","guid":{"rendered":"https:\/\/www.vorspeisenplatte.de\/speisen\/?p=76817"},"modified":"2022-06-29T15:26:07","modified_gmt":"2022-06-29T13:26:07","slug":"journal-sonntag-29-mai-2022-stadtrundfahrt-verregnet","status":"publish","type":"post","link":"https:\/\/www.vorspeisenplatte.de\/speisen\/2022\/05\/journal-sonntag-29-mai-2022-stadtrundfahrt-verregnet.htm","title":{"rendered":"Journal Sonntag, 29. Mai 2022 &#8211; Stadtrundfahrt verregnet"},"content":{"rendered":"<p>Nacht ok, nach einem Aufwachen um f\u00fcnf schlief ich dank herabgelassener Rolll\u00e4den bis sieben.<\/p>\n<p>Gem\u00fctlicher Morgenkaffee mit Bloggen, Duschen. Ich ging raus zum Semmelholen, diesmal spazierte ich zum Rischart am Marienplatz und kaufte nicht nur Semmeln, sondern auch die legend\u00e4re Apfelschnecke. Das Wetter war frisch, aber freundlich. Ich fand interessant, wer da so um zehn in der Fu\u00dfg\u00e4ngerzone unterwegs war: Wenig \u00fcberraschend vor allem Tourist*innen.<\/p>\n<p>Ich deckte den Fr\u00fchst\u00fcckstisch und las Internet, bis der Besuch wach wurde. Sie fr\u00fchst\u00fcckte, ich trank Tee, es war viel Plauderns &#8211; unter anderem erfuhr ich, dass die in M\u00fcnchen so spezielle Apfelschnecke in anderen Gegenden Deutschlands zum Standardangebot von B\u00e4ckereien geh\u00f6rt.<\/p>\n<p>Plan f\u00fcr den Tag war lediglich eine Stadtrundfahrt im Doppeldecker, ich kaufte online Tickets. Um die Mittagszeit (ich fr\u00fchst\u00fcckte jetzt H\u00fcttenk\u00e4se und ein Croissant) verdunkelte sich der Himmel allerdings immer mehr, es begann heftig zu regnen und sogar zu hageln. Der Blick auf den Regenradar ergab, dass es fast den gesamten Nachmittag nass bleiben w\u00fcrde. Also zogen wir uns warm und wetterfest an, griffen zu gro\u00dfen Regenschirmen und gingen darunter zur Sonnenstra\u00dfe und der dortigen Haltestelle der Sightseeing-Busse.<\/p>\n<p>Das mit den Tickets wurde noch umst\u00e4ndlich: Ich musste ernsthaft das PDF auf meinem Handy-Bildschirm am Schalter gegen ein Papier-Ticket tauschen. Aber dann ging es bald los, wir sa\u00dfen oben unter einem Dach und in gew\u00e4rmter Luft f\u00fcr die gro\u00dfe Tour durch M\u00fcnchen.<\/p>\n<p>Schnell protestierte ich gegen so manche Details des Reisef\u00fchrers vom Band: Selbst die Aufz\u00e4hlung der M\u00fcnchner Brauereien stimmte nicht. Es stellte sich mit der Zeit heraus, dass der Text mindestens 15 Jahre alt sein musste, er behauptete sogar, in Bogenhausen wohne Boris Becker (<a href=\"https:\/\/www.sueddeutsche.de\/panorama\/boris-becker-london-prozess-insolvenz-tennis-1.5575146\" rel=\"noopener\" target=\"_blank\">froh w\u00e4r&#8217; er<\/a>). Doch der Regen h\u00f6rte langsam auf, wir bekamen sch\u00f6ne Aussichten.<\/p>\n<p><a href=\"https:\/\/www.vorspeisenplatte.de\/speisen\/archiv\/220529_02_Nymphenburg.jpg\"><img loading=\"lazy\" decoding=\"async\" src=\"https:\/\/www.vorspeisenplatte.de\/speisen\/archiv\/220529_02_Nymphenburg.jpg\" alt=\"\" width=\"364\" height=\"479\" class=\"alignnone size-full wp-image-76821\" \/><\/a><\/p>\n<p>Baumstumpf mit neuem Leben am Nymphenburger Kanal.<\/p>\n<p>F\u00fcr den zweiten Teil der gro\u00dfen Runde, Innenstadt, mussten wir in einen anderen Doppeldeckerbus umsteigen, auf Wunsch des Besuchs sa\u00dfen wir diesmal unten. Hier war aber nicht geheizt, und nach einer Weile fror ich so sehr, dass ich am Odeonsplatz ausstieg und mich warm marschierte, bis ich an der Endhaltestelle Sonnenstra\u00dfe wieder auf den Besuch traf.<\/p>\n<p>Den Nachmittag verbrachten wir lesend, ich holte die Zeitungen vom Freitag und Samstag nach. Herr Kaltmamsell kehrte von seiner Reise heim, musste ein wenig arbeiten, sorgte aber f\u00fcrs Abendessen: Den Chinakohl aus Ernteanteil gab es mit R\u00e4ucherlachs als Pastagericht mit Tagliatelle, Nachtisch S\u00fc\u00dfigkeiten und Berliner Sawade-Pralinen.<\/p>\n<p>Da auf Herrn Kaltmamsell und mich ganz gew\u00f6hnliche Arbeitsmontage warteten, verabschiedeten wir uns schon vor dem Schlafengehen vom Besuch. <img loading=\"lazy\" decoding=\"async\" src=\"https:\/\/vg02.met.vgwort.de\/na\/01e876b7f31740ce8e16e57d0a7ce14a\" width=\"1\" height=\"1\" alt=\"\"\/><\/p>\n","protected":false},"excerpt":{"rendered":"<p>Nacht ok, nach einem Aufwachen um f\u00fcnf schlief ich dank herabgelassener Rolll\u00e4den bis sieben. Gem\u00fctlicher Morgenkaffee mit Bloggen, Duschen. Ich ging raus zum Semmelholen, diesmal spazierte ich zum Rischart am Marienplatz und kaufte nicht nur Semmeln, sondern auch die legend\u00e4re Apfelschnecke. Das Wetter war frisch, aber freundlich. Ich fand interessant, wer da so um zehn [&hellip;]<\/p>\n","protected":false},"author":2,"featured_media":0,"comment_status":"open","ping_status":"closed","sticky":false,"template":"","format":"standard","meta":{"footnotes":""},"categories":[1],"tags":[],"class_list":["post-76817","post","type-post","status-publish","format-standard","hentry","category-general"],"_links":{"self":[{"href":"https:\/\/www.vorspeisenplatte.de\/speisen\/wp-json\/wp\/v2\/posts\/76817","targetHints":{"allow":["GET"]}}],"collection":[{"href":"https:\/\/www.vorspeisenplatte.de\/speisen\/wp-json\/wp\/v2\/posts"}],"about":[{"href":"https:\/\/www.vorspeisenplatte.de\/speisen\/wp-json\/wp\/v2\/types\/post"}],"author":[{"embeddable":true,"href":"https:\/\/www.vorspeisenplatte.de\/speisen\/wp-json\/wp\/v2\/users\/2"}],"replies":[{"embeddable":true,"href":"https:\/\/www.vorspeisenplatte.de\/speisen\/wp-json\/wp\/v2\/comments?post=76817"}],"version-history":[{"count":3,"href":"https:\/\/www.vorspeisenplatte.de\/speisen\/wp-json\/wp\/v2\/posts\/76817\/revisions"}],"predecessor-version":[{"id":77686,"href":"https:\/\/www.vorspeisenplatte.de\/speisen\/wp-json\/wp\/v2\/posts\/76817\/revisions\/77686"}],"wp:attachment":[{"href":"https:\/\/www.vorspeisenplatte.de\/speisen\/wp-json\/wp\/v2\/media?parent=76817"}],"wp:term":[{"taxonomy":"category","embeddable":true,"href":"https:\/\/www.vorspeisenplatte.de\/speisen\/wp-json\/wp\/v2\/categories?post=76817"},{"taxonomy":"post_tag","embeddable":true,"href":"https:\/\/www.vorspeisenplatte.de\/speisen\/wp-json\/wp\/v2\/tags?post=76817"}],"curies":[{"name":"wp","href":"https:\/\/api.w.org\/{rel}","templated":true}]}}