{"id":7696,"date":"2010-05-11T11:24:24","date_gmt":"2010-05-11T09:24:24","guid":{"rendered":"https:\/\/www.vorspeisenplatte.de\/speisen\/?p=7696"},"modified":"2010-05-11T11:24:24","modified_gmt":"2010-05-11T09:24:24","slug":"wer-so-alles-meine-daten-haben-will","status":"publish","type":"post","link":"https:\/\/www.vorspeisenplatte.de\/speisen\/2010\/05\/wer-so-alles-meine-daten-haben-will.htm","title":{"rendered":"Wer so alles meine Daten haben will"},"content":{"rendered":"<p>Keineswegs bilde ich mir ein, wesentlich sorgsamer mit meinen pers\u00f6nlichen Daten umzugehen als der Rest der Gesellschaft. Zwar beteilige ich mich an keinerlei Punkte- oder Rabattprogrammen, und die einzige Kundenkarte, die ich besitze, ist die der M\u00fcnchner Stadtwerke: Damit komme ich nach Aufladen bargeldlos in die \u00f6rtlichen Schwimmb\u00e4der. Doch ich zahle mit Kreditkarte, auch online \u2013 ohne dass ich mich jedesmal detailliert mit dem Datenumgang des Anbieters befasse.<\/p>\n<p>Manchmal frage ich mich aber schon, warum f\u00fcr bestimmte Gesch\u00e4ftsvorg\u00e4nge meine pers\u00f6nlichen Daten notwendig sein sollen \u2013 bei einigen wohl nicht als einzige. Vor Jahren musste ich noch <a href=\"https:\/\/www.vorspeisenplatte.de\/speisen\/2006\/04\/an-gscheidn-kaffah.htm\" target=_new>geh\u00f6rig Rabatz machen<\/a>, weil ich ein Espressokapselmaschine und sp\u00e4ter die zugeh\u00f6rigen Espressokapselmaschinenkapseln anonym kaufen wollte. Mittlerweile werde ich beim Kauf der Kapseln im Laden gegen\u00fcber der M\u00fcnchner Oper nicht mehr gefragt: \u201eAuf welchen Kundennamen darf ich das eintragen?\u201c, sondern \u201eSoll ich das auf einen Kundennamen eintragen?\u201c Vermutlich haben noch mehr Menschen auf anonymem Kauf bestanden.<\/p>\n<p>Doch nun \u00fcberraschte mich das Solarium, das ich f\u00fcnf bis sechs Mal im Jahr besuche, damit, dass ich k\u00fcnstliche UV-Bestrahlung dort nur noch unter Hinterlegung meiner pers\u00f6nlichen Daten bekomme. Auf meine verdutzte Nachfrage erkl\u00e4rte man mir, diese Auflage sei von der Zentrale ausgegeben worden: Eine Kundin habe geklagt, weil sie sich aufgrund falscher Beratung einen Sonnenbrand zugezogen habe. Nun m\u00fcsse bei allen Kunden die Frequenz und Art der Besonnung personenbezogen aufgezeichnet werden. Das leuchtete mir einerseits \u00fcberhaupt nicht ein (u.a.: Was, wenn ich zwischendurch in ein anderes Solarium oder sogar ins echte Sonnenlicht gehe?), andererseits wollte ich nicht schon wieder ungesonnt heimgehen (am Vortag hatte eine andere Angestellte nicht genug Wechselgeld gehabt). Also bot ich an, das Problem zu l\u00f6sen, indem ich irgendeinen Namen angab. Der Kassenfrau fiel kein Gegenargument ein, also lie\u00df sie sich schmallippig von mir die pers\u00f6nlichen Daten inklusive Wohnort und Geburtsdatum einer v\u00f6llig fiktiven Frau diktieren. Jetzt darf ich die nur nicht vergessen.<\/p>\n","protected":false},"excerpt":{"rendered":"<p>Keineswegs bilde ich mir ein, wesentlich sorgsamer mit meinen pers\u00f6nlichen Daten umzugehen als der Rest der Gesellschaft. Zwar beteilige ich mich an keinerlei Punkte- oder Rabattprogrammen, und die einzige Kundenkarte, die ich besitze, ist die der M\u00fcnchner Stadtwerke: Damit komme ich nach Aufladen bargeldlos in die \u00f6rtlichen Schwimmb\u00e4der. Doch ich zahle mit Kreditkarte, auch online [&hellip;]<\/p>\n","protected":false},"author":2,"featured_media":0,"comment_status":"open","ping_status":"closed","sticky":false,"template":"","format":"standard","meta":{"footnotes":""},"categories":[1],"tags":[],"class_list":["post-7696","post","type-post","status-publish","format-standard","hentry","category-general"],"_links":{"self":[{"href":"https:\/\/www.vorspeisenplatte.de\/speisen\/wp-json\/wp\/v2\/posts\/7696","targetHints":{"allow":["GET"]}}],"collection":[{"href":"https:\/\/www.vorspeisenplatte.de\/speisen\/wp-json\/wp\/v2\/posts"}],"about":[{"href":"https:\/\/www.vorspeisenplatte.de\/speisen\/wp-json\/wp\/v2\/types\/post"}],"author":[{"embeddable":true,"href":"https:\/\/www.vorspeisenplatte.de\/speisen\/wp-json\/wp\/v2\/users\/2"}],"replies":[{"embeddable":true,"href":"https:\/\/www.vorspeisenplatte.de\/speisen\/wp-json\/wp\/v2\/comments?post=7696"}],"version-history":[{"count":0,"href":"https:\/\/www.vorspeisenplatte.de\/speisen\/wp-json\/wp\/v2\/posts\/7696\/revisions"}],"wp:attachment":[{"href":"https:\/\/www.vorspeisenplatte.de\/speisen\/wp-json\/wp\/v2\/media?parent=7696"}],"wp:term":[{"taxonomy":"category","embeddable":true,"href":"https:\/\/www.vorspeisenplatte.de\/speisen\/wp-json\/wp\/v2\/categories?post=7696"},{"taxonomy":"post_tag","embeddable":true,"href":"https:\/\/www.vorspeisenplatte.de\/speisen\/wp-json\/wp\/v2\/tags?post=7696"}],"curies":[{"name":"wp","href":"https:\/\/api.w.org\/{rel}","templated":true}]}}