{"id":77013,"date":"2022-06-06T09:21:42","date_gmt":"2022-06-06T07:21:42","guid":{"rendered":"https:\/\/www.vorspeisenplatte.de\/speisen\/?p=77013"},"modified":"2022-06-06T10:37:47","modified_gmt":"2022-06-06T08:37:47","slug":"journal-pfingstsonntag-5-juni-2022-wmdedgt-mit-anreise-nach-berlin","status":"publish","type":"post","link":"https:\/\/www.vorspeisenplatte.de\/speisen\/2022\/06\/journal-pfingstsonntag-5-juni-2022-wmdedgt-mit-anreise-nach-berlin.htm","title":{"rendered":"Journal Pfingstsonntag, 5. Juni 2022 &#8211; #WMDEDGT mit Anreise nach Berlin"},"content":{"rendered":"<p>Frau Br\u00fcllen fragt an jedem 5. des Monats: WasMachstDuEigentlichDenGanzenTag? <a href=\"https:\/\/bruellen.blogspot.com\/2022\/06\/050622-wmdedgt-halbzeit-fur-2022.html\" rel=\"noopener\" target=\"_blank\">und sammelt die Antworten in ihrem Blog unter #WMDEDGT.<\/a> Bei mir sind es ja leider nur die 5. des Monats ohne Arbeitsalltag, die ich beisteuern kann.<\/p>\n<p>Coronatest auch diesmal negativ, kein Hinderungsgrund f\u00fcr die Woche Berlinurlaub mit re:publica. Der Morgen bestand aus R\u00e4umen, Packen, Topfpflanzen mit Plastikkolben zur Bew\u00e4sserung versorgen (bei einer Kollegin gesehen, zum ersten Mal ausprobiert). Als Reisekleidung hatte ich mich f\u00fcr eine schwer zu b\u00fcgelnde Bluse entschieden &#8211; anders w\u00fcrde ich sie nicht unverknittert ans Ziel bringen.<\/p>\n<p>Durch einen bereits recht warmen und sonnigen Tag rollkofferten wir zum Bahnhof.<\/p>\n<p><a href=\"https:\/\/www.vorspeisenplatte.de\/speisen\/archiv\/220605_04_Zugfahrt.jpg\"><img loading=\"lazy\" decoding=\"async\" src=\"https:\/\/www.vorspeisenplatte.de\/speisen\/archiv\/220605_04_Zugfahrt.jpg\" alt=\"\" width=\"444\" height=\"333\" class=\"alignnone size-full wp-image-77023\" \/><\/a><\/p>\n<p>M\u00e4\u00dfig fenstrigen Fensterplatz erwischt.<\/p>\n<p><a href=\"https:\/\/www.vorspeisenplatte.de\/speisen\/archiv\/220605_06_Zugfahrt.jpg\"><img loading=\"lazy\" decoding=\"async\" src=\"https:\/\/www.vorspeisenplatte.de\/speisen\/archiv\/220605_06_Zugfahrt.jpg\" alt=\"\" width=\"438\" height=\"341\" class=\"alignnone size-full wp-image-77024\" \/><\/a><\/p>\n<p>Viel Platz im Abteil, das sich bis Berlin nur langsam und nie ganz f\u00fcllte. Vormittags holte ich uns noch einen Cappuccino aus dem Speisewagen, als Fr\u00fchst\u00fcck hatte ich einen Apfel und Linsensalat eingepackt, mit dem Herr Kaltmamsell den restlichen Ernteanteil (Fr\u00fchlingszwiebeln, Koriander) aufgebraucht hatte.<\/p>\n<p>In Berlin nutzten wir unsere 9-Euro-Tickets f\u00fcr die U-Bahn zu unserer Unterkunft in Friedrichshain &#8211; sich nicht mit \u00f6rtlichen Tarifsystemen befassen zu m\u00fcssen, ist wirklich entspannend.<\/p>\n<p>Und so waren zwei Personen f\u00fcr 255,60 Euro (Hin- und R\u00fcckfahrt, 2x Bahncard 25, gebucht zwei Monate vor Fahrt) in der 1. Klasse ICE von M\u00fcnchen nach Berlin gereist. Schon vor Wochen hatte die Bahn mich benachrichtigt, dass die Fahrt eine gute halbe Stunde l\u00e4nger dauern w\u00fcrde als gebucht. Erst unterwegs fand ich den Grund heraus: Baustellen vor Berlin. Ich empfand die Reise als sehr komfortabel, sehr g\u00fcnstig, sie dauerte von T\u00fcr zu T\u00fcr 6,5 Stunden, davon Zugfahrt knapp 5,5 Stunden. Muss man ich sein, um das als konkurrenzlos anzusehen?<\/p>\n<p>Sch\u00f6ne Ferienwohnung &#8211; die Buchung war ja nach drei vorherigen Absagen anderer Wohnungen m\u00fchsam gewesen. Nun wohnen wir also nicht ganz so nah an der re:publica, wie ich angepeilt hatte, auch ohne Balkon oder Aussicht, aber sehr geschmackvoll und mit ausgesuchten Einzelst\u00fccken eingerichtet (mal wieder muss ich erkennen, wie gro\u00df der Unterschied ist, wenn jemand Geschmack und einen Blick f\u00fcr sowas hat) und in einer interessanten Gegend.<\/p>\n<p>Wegen Schwindel und Schw\u00e4che legte ich mich erst mal hin, war aber bald schon wieder fit genug f\u00fcr einen kleinen Spaziergang durch die Umgebung (umgezogen in ein Sommerkleid) und durch einen Sommertag, der in der Sonne fast hei\u00df war.<\/p>\n<p>F\u00fcrs Nachtmahl hatte ich im <a href=\"https:\/\/www.derweinlobbyist.de\/\" rel=\"noopener\" target=\"_blank\">Weinlobbyisten<\/a> in Sch\u00f6neberg reserviert, den wir schon kannten &#8211; Sonntagabend ist auch in Berlin nicht ganz einfach. U- und S-Bahn dorthin, die Maskenpflicht wird deutlich laxer befolgt als in M\u00fcnchen, daf\u00fcr sind die Bahnen voller: Ich stellte guten Sitz meiner Maske sicher.<\/p>\n<p><a href=\"https:\/\/www.vorspeisenplatte.de\/speisen\/archiv\/220605_13_Schoeneberg.jpg\"><img loading=\"lazy\" decoding=\"async\" src=\"https:\/\/www.vorspeisenplatte.de\/speisen\/archiv\/220605_13_Schoeneberg.jpg\" alt=\"\" width=\"432\" height=\"502\" class=\"alignnone size-full wp-image-77025\" \/><\/a><\/p>\n<p>Sch\u00f6neberg. Am Himmel sahen wir neben Mauerseglern auch weit oben einen Bussard stehen.<\/p>\n<p>Und dann a\u00dfen wir im sch\u00f6nen Innenhof des Weinlobbyisten ganz hervorragend unter dem Schrillen immer wieder kreuzender Mauersegler-Gruppen. (Und leider immer wieder Zigaretten-beraucht vom Nachbartisch, ich f\u00fchlte mich wieder wie 30.)<\/p>\n<p><a href=\"https:\/\/www.vorspeisenplatte.de\/speisen\/archiv\/220605_14_Weinlobbyist.jpg\"><img loading=\"lazy\" decoding=\"async\" src=\"https:\/\/www.vorspeisenplatte.de\/speisen\/archiv\/220605_14_Weinlobbyist.jpg\" alt=\"\" width=\"302\" height=\"403\" class=\"alignnone size-full wp-image-77026\" \/><\/a><\/p>\n<p>Als Magentratzerl gab es Wachtelei, gutes Brot.<\/p>\n<p><a href=\"https:\/\/www.vorspeisenplatte.de\/speisen\/archiv\/220605_15_Weinlobbyist.jpg\"><img loading=\"lazy\" decoding=\"async\" src=\"https:\/\/www.vorspeisenplatte.de\/speisen\/archiv\/220605_15_Weinlobbyist.jpg\" alt=\"\" width=\"323\" height=\"412\" class=\"alignnone size-full wp-image-77028\" \/><\/a><\/p>\n<p>Erster Gang war Jakobsmuschel Ceviche, Tigermilch, ger\u00f6steter Mais, Zwiebel, Koriander. Vor allem mit der Muschel verstand sich ganz hervorragend der pf\u00e4lzer Wei\u00dfburgunder im Glas: Weingut Bergdolt &#8211; Reif &#038; Nett.<\/p>\n<p><a href=\"https:\/\/www.vorspeisenplatte.de\/speisen\/archiv\/220605_16_Weinlobbyist.jpg\"><img loading=\"lazy\" decoding=\"async\" src=\"https:\/\/www.vorspeisenplatte.de\/speisen\/archiv\/220605_16_Weinlobbyist.jpg\" alt=\"\" width=\"333\" height=\"444\" class=\"alignnone size-full wp-image-77029\" \/><\/a><\/p>\n<p>Gefl\u00e4mmtes Rindertatar, Forellenkaviar, fermentierter gr\u00fcner Spargel &#8211; besonders letzterer schmeckte \u00fcberraschend vielf\u00e4ltig und gut. Rotwein dazu war es sehr rasser Sp\u00e4tburgunder Assmannsh\u00e4user 2017 vom Weingut Krone aus dem Rheingau.<\/p>\n<p><a href=\"https:\/\/www.vorspeisenplatte.de\/speisen\/archiv\/220605_18_Weinlobbyist.jpg\"><img loading=\"lazy\" decoding=\"async\" src=\"https:\/\/www.vorspeisenplatte.de\/speisen\/archiv\/220605_18_Weinlobbyist.jpg\" alt=\"\" width=\"333\" height=\"444\" class=\"alignnone size-full wp-image-77030\" \/><\/a><\/p>\n<p>Der n\u00e4chste Gang war der absolute Knaller: Der Schweinebauch mit Rettichkimchi und schwarzem Knoblauch w\u00e4re allein schon unglaublich vielf\u00e4ltig gewesen, doch dazu gab es endlich mal wieder einen richtig guten Orange Wine: Wieder <a href=\"https:\/\/www.nett-weine.de\/\" rel=\"noopener\" target=\"_blank\">vom Weingut Bergdolt &#8211; Reif &#038; Nett<\/a> Evil Twin, einen Muskateller, auf der Schale spontanvergoren. Der duftete schon nach allen m\u00f6glichen Fr\u00fcchten, Bl\u00fcten und Kr\u00e4utern, schmeckte wie ich die besten Orange Wines erleben durfte: Nach einer komplett anderen Weinwelt (anders als die sauren Apfelmoste, die mir meist als &#8220;Orange Wine&#8221; verkauft werden), die sich noch dazu aufs Beste mit der G\u00e4rs\u00e4ure des Kimchi und mit dem Fett des Schweinebauchs verstand.<\/p>\n<p><a href=\"https:\/\/www.vorspeisenplatte.de\/speisen\/archiv\/220605_19_Weinlobbyist.jpg\"><img loading=\"lazy\" decoding=\"async\" src=\"https:\/\/www.vorspeisenplatte.de\/speisen\/archiv\/220605_19_Weinlobbyist.jpg\" alt=\"\" width=\"306\" height=\"419\" class=\"alignnone size-full wp-image-77031\" \/><\/a><\/p>\n<p>Als Dessert gab es ein ziegenk\u00e4siges Ivoire Parfait mit Tom Ka Schaum, Blaubeeren und Krabbenchips, dazu passte nochmal von vom Weingut Bergdolt &#8211; Reif &#038; Nett ein wenig s\u00fc\u00dfer Muskateller.<\/p>\n<p><a href=\"https:\/\/www.vorspeisenplatte.de\/speisen\/archiv\/220605_20_JuliusLeberBr.jpg\"><img loading=\"lazy\" decoding=\"async\" src=\"https:\/\/www.vorspeisenplatte.de\/speisen\/archiv\/220605_20_JuliusLeberBr.jpg\" alt=\"\" width=\"569\" height=\"434\" class=\"alignnone size-full wp-image-77032\" \/><\/a><\/p>\n<p>Sehr zufriedene Heimfahrt durchs letzte Licht des Tages. Auf dem letzten St\u00fcck zu Fu\u00df durch den Ziel-Kiez sagte ich noch: &#8220;Hier m\u00fcssten doch eigentlich Flederm\u00e4use&#8230;&#8221;, als wir schon welche \u00fcber uns hinwegflattern sahen.<\/p>\n<p>In der Ferienwohnung noch ein wenig Kampf mit dem komplexen Licht- und Rollladenschalter-System, aber wir schafften es ins Bett und ins Dunkle.<\/p>\n<p>\u00a7<\/p>\n<p>Das Faxger\u00e4t wird demn\u00e4chst 100 Jahre alt. Und noch bevor wir durch sind mit allen Witzeleien aus den Bauteilen &#8220;Deutschland&#8221;, &#8220;\u00c4mter&#8221;, &#8220;Zeitreise&#8221;, schreibt @holadio auf, warum er ohne Faxger\u00e4t nie Karriere gemacht h\u00e4tte:<br \/>\n<a href=\"http:\/\/www.beimnollar.de\/2022\/06\/05\/meine-karriere-begann-mit-einem-faxgerat\/\" rel=\"noopener\" target=\"_blank\">&#8220;Meine Karriere begann mit einem Faxger\u00e4t&#8221;.<\/a> <img loading=\"lazy\" decoding=\"async\" src=\"https:\/\/vg02.met.vgwort.de\/na\/1d29c1eaf47b4221ae449def3bb3cd0f\" width=\"1\" height=\"1\" alt=\"\"\/><\/p>\n","protected":false},"excerpt":{"rendered":"<p>Frau Br\u00fcllen fragt an jedem 5. des Monats: WasMachstDuEigentlichDenGanzenTag? und sammelt die Antworten in ihrem Blog unter #WMDEDGT. Bei mir sind es ja leider nur die 5. des Monats ohne Arbeitsalltag, die ich beisteuern kann. Coronatest auch diesmal negativ, kein Hinderungsgrund f\u00fcr die Woche Berlinurlaub mit re:publica. Der Morgen bestand aus R\u00e4umen, Packen, Topfpflanzen mit [&hellip;]<\/p>\n","protected":false},"author":2,"featured_media":0,"comment_status":"open","ping_status":"closed","sticky":false,"template":"","format":"standard","meta":{"footnotes":""},"categories":[6,2,1],"tags":[],"class_list":["post-77013","post","type-post","status-publish","format-standard","hentry","category-essen","category-fotos","category-general"],"_links":{"self":[{"href":"https:\/\/www.vorspeisenplatte.de\/speisen\/wp-json\/wp\/v2\/posts\/77013","targetHints":{"allow":["GET"]}}],"collection":[{"href":"https:\/\/www.vorspeisenplatte.de\/speisen\/wp-json\/wp\/v2\/posts"}],"about":[{"href":"https:\/\/www.vorspeisenplatte.de\/speisen\/wp-json\/wp\/v2\/types\/post"}],"author":[{"embeddable":true,"href":"https:\/\/www.vorspeisenplatte.de\/speisen\/wp-json\/wp\/v2\/users\/2"}],"replies":[{"embeddable":true,"href":"https:\/\/www.vorspeisenplatte.de\/speisen\/wp-json\/wp\/v2\/comments?post=77013"}],"version-history":[{"count":3,"href":"https:\/\/www.vorspeisenplatte.de\/speisen\/wp-json\/wp\/v2\/posts\/77013\/revisions"}],"predecessor-version":[{"id":77038,"href":"https:\/\/www.vorspeisenplatte.de\/speisen\/wp-json\/wp\/v2\/posts\/77013\/revisions\/77038"}],"wp:attachment":[{"href":"https:\/\/www.vorspeisenplatte.de\/speisen\/wp-json\/wp\/v2\/media?parent=77013"}],"wp:term":[{"taxonomy":"category","embeddable":true,"href":"https:\/\/www.vorspeisenplatte.de\/speisen\/wp-json\/wp\/v2\/categories?post=77013"},{"taxonomy":"post_tag","embeddable":true,"href":"https:\/\/www.vorspeisenplatte.de\/speisen\/wp-json\/wp\/v2\/tags?post=77013"}],"curies":[{"name":"wp","href":"https:\/\/api.w.org\/{rel}","templated":true}]}}