{"id":77869,"date":"2022-07-04T06:31:04","date_gmt":"2022-07-04T04:31:04","guid":{"rendered":"https:\/\/www.vorspeisenplatte.de\/speisen\/?p=77869"},"modified":"2022-07-26T16:18:50","modified_gmt":"2022-07-26T14:18:50","slug":"journal-sonntag-3-juli-2022-frieren-im-freibad","status":"publish","type":"post","link":"https:\/\/www.vorspeisenplatte.de\/speisen\/2022\/07\/journal-sonntag-3-juli-2022-frieren-im-freibad.htm","title":{"rendered":"Journal Sonntag, 3. Juli 2022 &#8211; Frieren im Freibad"},"content":{"rendered":"<p>Wieder gut geschlafen. Drau\u00dfen war es frisch, aber nicht zu frisch f\u00fcr <a href=\"https:\/\/www.instagram.com\/p\/Cfic1U4qCSR\/\" rel=\"noopener\" target=\"_blank\">Balkonkaffee<\/a>.<\/p>\n<p>Ausgiebiges Bloggen, Zubereitung von Tsatsiki f\u00fcrs Abendessen, um zehn brach ich auf ins Freibad: Endlich mal wieder Schwumm und Sonnen im n\u00e4chstgelegenen <a href=\"https:\/\/www.muenchen.de\/freizeit\/orte\/119341.html\" target=\"_blank\" rel=\"noopener\">Schyrenbad<\/a>.<\/p>\n<p><a href=\"https:\/\/www.vorspeisenplatte.de\/speisen\/archiv\/220703_04_Ziemssenstr.jpg\"><img loading=\"lazy\" decoding=\"async\" class=\"alignnone size-full wp-image-77879\" src=\"https:\/\/www.vorspeisenplatte.de\/speisen\/archiv\/220703_04_Ziemssenstr.jpg\" alt=\"\" width=\"646\" height=\"452\" srcset=\"https:\/\/www.vorspeisenplatte.de\/speisen\/archiv\/220703_04_Ziemssenstr.jpg 646w, https:\/\/www.vorspeisenplatte.de\/speisen\/archiv\/220703_04_Ziemssenstr-600x420.jpg 600w\" sizes=\"auto, (max-width: 646px) 100vw, 646px\" \/><\/a><\/p>\n<p>Ziemssenstra\u00dfe.<\/p>\n<p>An der Kasse stand bereits eine lange Schlange, doch vor dem Drehkreuz f\u00fcr Leute mit B\u00e4derkarte musste ich nur zwei Menschen vor mir abwarten.<\/p>\n<p>Meine Decke breitete ich aus am Ort von immer (eher Wiesenrand), die beckennahen Pl\u00e4tze waren bereits dicht belegt.<\/p>\n<p>Kalte Dusche, doch schon als ich mich ins (eigentlich ja angenehm) k\u00fchle Schwimmbecken gleiten lie\u00df, ahnte ich: Heute wird gefroren. Es ging los nach 700 Metern, nach weiteren 700 Metern sp\u00fcrte ich meine F\u00fc\u00dfe und H\u00e4nde nicht mehr, biss aber die Z\u00e4hne zusammen, schwamm so schnell wie m\u00f6glich, wer sagt denn, dass Sport Spa\u00df machen muss. Meine 3.000 Meter auf der angenehm licht beschwommenen Bahn schaffte ich vor lauter Frieren trotzdem nicht, nach 2.800 brach ich ab. Auf dem Weg zur Decke und dann mit trockenem Bikini und Handtuch zur Umkleide unterdr\u00fcckte ich das Zittern, doch nackt und trocken in der Kabine lie\u00df ich das Schlottern raus. Selbst beim Sonnencremen sch\u00fcttelte es mich ein paar Mal. WAS IST DAS?! Angefangen hat das Frieren beim Schwimmen vor einem Jahr hier im Schyrenbad, ich habe immer noch keinen Erkl\u00e4rungsansatz gefunden. Und muss wohl doch beim Dantebad und seinem ein paar Grad w\u00e4rmeren Wasser bleiben.<\/p>\n<p>Als ich mich in die Sonne zum Aufw\u00e4rmen legte, schlief ich sofort ein, wachte erst nach einer halben Stunde tiefem Schlaf auf. Bin bereit, das als Symptom zum Frieren zu packen.<\/p>\n<p><a href=\"https:\/\/www.vorspeisenplatte.de\/speisen\/archiv\/220703_08_Schyrenbad.jpg\"><img loading=\"lazy\" decoding=\"async\" class=\"alignnone size-full\" src=\"https:\/\/www.vorspeisenplatte.de\/speisen\/archiv\/220703_08_Schyrenbad.jpg\" alt=\"\" width=\"679\" height=\"444\" \/><\/a><\/p>\n<p>Nicole Diekmann schrieb einen sch\u00f6nen Freibadtext:<br \/>\n<a href=\"https:\/\/nicolediekmann.com\/im-freibad-eine-menschenbetrachtung\/\" target=\"_blank\" rel=\"noopener\">&#8220;Im Freibad \u2013 eine Menschenbetrachtung&#8221;.<\/a><\/p>\n<p>Gestern fiel mir auf, wie viele wundersch\u00f6ne Bikinimodelle es gibt dieses Jahr, in allen Gr\u00f6\u00dfen. Und ich profitierte wieder vom Reality Check echter K\u00f6rperformen &#8211; wie wundervoll unterschiedlich die menschliche Art daherkommt.<\/p>\n<p>Spaziergang nach Hause, es war hei\u00df. Daheim erst mal Fr\u00fchst\u00fcck kurz vor drei: Eine Scheibe Polentabrot mit Butter, Flachpfirsiche mit Dickmilch.<\/p>\n<p>Duschen mit ausgiebiger K\u00f6rperpflege, mit beiderseitiger FFP2-Maske lie\u00df ich mir von Herrn Kaltmamsell den R\u00fccken eincremen &#8211; wie schon morgens mit Sonnencreme. Er war mittlerweile symptomfrei, wartete aber die 48 Stunden Symptomfreiheit ab, bis er seine Isolation beendet.<\/p>\n<p>Es hatte sich eine Stunde B\u00fcgeln angesammelt, die arbeitete ich ab (sch\u00f6n \u00fcbersichtlich: ein isolierter Partner macht wenig B\u00fcgelw\u00e4sche).<\/p>\n<p>Lesen auf dem Balkon, vor allem liegengebliebene Zeitungen.<\/p>\n<p>Ich turnte nochmal die Runde Yoga vom Vortag, bei der ich im ersten Durchgang nicht alles mitbekommen hatte (ich glaube, ab der H\u00e4lfte werden die Adriene-Programme immer richtig interessant). Als Abendessen gab es neben Tsatsiki ein wenig Wurstsalat und den Rest Polentabrot, hoffentlich zum letzten Mal in getrennten Zimmern. Zum Nachtisch holte ich uns Eis von der Eisdiele, die Hitze war bereits verschwunden: In vorgek\u00fchlten Sch\u00e4lchen gab es Spaghettieis (Herr Kaltmamsell) und Amarenabecher (f\u00fcr mich). Ich w\u00e4re durchaus im Stande gewesen, danach noch die S\u00fc\u00dfigkeitenkiste zu holen &#8211; und mich zu \u00fcberfressen. Doch ich trickste mich erfolgreich aus, indem ich das auf Montagabend verschob. (Zumindest noch ein bisschen Fruchtgummi? Morgen Abend, ist ja noch reichlich da. Oder ein bis zwei Schokon\u00fcsse? Morgen Abend.)<\/p>\n<p>Wenn ich mir die Entwicklung der Corona-Infektionszahlen ansehe und die Entwicklung der Ma\u00dfnahmen daneben: Es l\u00e4uft auf einen Umgang mit hoher Krankheitsquote samt Langzeitfolgen hinaus, schon lang nicht mehr auf Eind\u00e4mmung\/Verhinderung. Und ja: Die gesellschaftliche Isolation von Risikogruppen wird dabei in Kauf genommen.<\/p>\n<p>K\u00fcnftig und bis auf Weiteres m\u00fcssen wir also einkalkulieren, dass die medizinische Versorgung (<a href=\"https:\/\/kinderdok.blog\/2022\/07\/03\/keine-corona-bilanz-mein-corona-senf-xiii\/\" rel=\"noopener\" target=\"_blank\">hier der Status einer kinder\u00e4rztlichen Praxis<\/a>), schulischer Unterricht oder das Reisen deutlich unw\u00e4gbarer als vor der Pandemie funktionieren, weil jederzeit das ohnehin knappe Personal durch Krankheit dezimiert wird. K\u00fcnftig und bis auf Weiteres wird jede Menschenansammlung ein Infektionsrisiko darstellen, das abgewogen sein will. Das bleibt jetzt erst mal so. <img loading=\"lazy\" decoding=\"async\" src=\"https:\/\/vg05.met.vgwort.de\/na\/9c2c6762208b4e2ab4ec57bfec69c36e\" width=\"1\" height=\"1\" alt=\"\"\/><\/p>\n","protected":false},"excerpt":{"rendered":"<p>Wieder gut geschlafen. Drau\u00dfen war es frisch, aber nicht zu frisch f\u00fcr Balkonkaffee. Ausgiebiges Bloggen, Zubereitung von Tsatsiki f\u00fcrs Abendessen, um zehn brach ich auf ins Freibad: Endlich mal wieder Schwumm und Sonnen im n\u00e4chstgelegenen Schyrenbad. Ziemssenstra\u00dfe. An der Kasse stand bereits eine lange Schlange, doch vor dem Drehkreuz f\u00fcr Leute mit B\u00e4derkarte musste ich [&hellip;]<\/p>\n","protected":false},"author":2,"featured_media":0,"comment_status":"open","ping_status":"closed","sticky":false,"template":"","format":"standard","meta":{"footnotes":""},"categories":[2,1],"tags":[],"class_list":["post-77869","post","type-post","status-publish","format-standard","hentry","category-fotos","category-general"],"_links":{"self":[{"href":"https:\/\/www.vorspeisenplatte.de\/speisen\/wp-json\/wp\/v2\/posts\/77869","targetHints":{"allow":["GET"]}}],"collection":[{"href":"https:\/\/www.vorspeisenplatte.de\/speisen\/wp-json\/wp\/v2\/posts"}],"about":[{"href":"https:\/\/www.vorspeisenplatte.de\/speisen\/wp-json\/wp\/v2\/types\/post"}],"author":[{"embeddable":true,"href":"https:\/\/www.vorspeisenplatte.de\/speisen\/wp-json\/wp\/v2\/users\/2"}],"replies":[{"embeddable":true,"href":"https:\/\/www.vorspeisenplatte.de\/speisen\/wp-json\/wp\/v2\/comments?post=77869"}],"version-history":[{"count":3,"href":"https:\/\/www.vorspeisenplatte.de\/speisen\/wp-json\/wp\/v2\/posts\/77869\/revisions"}],"predecessor-version":[{"id":78495,"href":"https:\/\/www.vorspeisenplatte.de\/speisen\/wp-json\/wp\/v2\/posts\/77869\/revisions\/78495"}],"wp:attachment":[{"href":"https:\/\/www.vorspeisenplatte.de\/speisen\/wp-json\/wp\/v2\/media?parent=77869"}],"wp:term":[{"taxonomy":"category","embeddable":true,"href":"https:\/\/www.vorspeisenplatte.de\/speisen\/wp-json\/wp\/v2\/categories?post=77869"},{"taxonomy":"post_tag","embeddable":true,"href":"https:\/\/www.vorspeisenplatte.de\/speisen\/wp-json\/wp\/v2\/tags?post=77869"}],"curies":[{"name":"wp","href":"https:\/\/api.w.org\/{rel}","templated":true}]}}