{"id":78285,"date":"2022-07-18T06:29:15","date_gmt":"2022-07-18T04:29:15","guid":{"rendered":"https:\/\/www.vorspeisenplatte.de\/speisen\/?p=78285"},"modified":"2022-07-18T06:29:15","modified_gmt":"2022-07-18T04:29:15","slug":"journal-sonntag-17-juli-2022-eritreischer-sommersonntag","status":"publish","type":"post","link":"https:\/\/www.vorspeisenplatte.de\/speisen\/2022\/07\/journal-sonntag-17-juli-2022-eritreischer-sommersonntag.htm","title":{"rendered":"Journal Sonntag, 17. Juli 2022 &#8211; Eritreischer Sommersonntag"},"content":{"rendered":"<p>Gut und lang geschlafen &#8211; Herr Kaltmamsell hatte sich bei meinem Aufstehen um halb acht bereits selbst Filterkaffee aufgebr\u00fcht, weil der Milchkaffee von mir ausblieb.<\/p>\n<p><a href=\"https:\/\/www.vorspeisenplatte.de\/speisen\/archiv\/220717_01_Balkonkaffee.jpg\"><img loading=\"lazy\" decoding=\"async\" src=\"https:\/\/www.vorspeisenplatte.de\/speisen\/archiv\/220717_01_Balkonkaffee.jpg\" alt=\"\" width=\"369\" height=\"463\" class=\"alignnone size-full wp-image-78291\" \/><\/a><\/p>\n<p>Bloggen \u00fcber Milchkaffee auf dem Balkon. Immer mehr Meisen und Amseln trauten sich trotz meiner Anwesenheit an die Wasserschale. Ich h\u00f6rte aus den B\u00e4umen davor Eichelh\u00e4herkreischen und Eichh\u00f6rnchenglucksen.<\/p>\n<p>Die Wahl des Sports fiel auf Yoga au\u00dfer der Reihe. Ich folgte wieder <a href=\"https:\/\/salzkorn.blogspot.com\/2022\/07\/12-von-12-juli-2022.html\" rel=\"noopener\" target=\"_blank\">einer Empfehlung von Micha<\/a> und landete f\u00fcr 40 Minuten <a href=\"https:\/\/youtu.be\/IzAbYaV37PY\" rel=\"noopener\" target=\"_blank\">bei Yoga with Tim<\/a>. Wieder ein bisschen Mitturnen bei den Gro\u00dfen &#8211; ich freute mich, dass mein &#8220;vocabulary&#8221;, wie Adriene es nennt, inzwischen zumindest daf\u00fcr reicht zu wissen, was mit den Ansagen gemeint ist. Und ausf\u00fchren konnte ich auch fast alles, das machte Spa\u00df.<\/p>\n<p>Zum Mittagessen waren wir eingeladen und trafen ein paar Menschen wieder, die wir seit vor Beginn der Pandemie nicht mehr gesehen und gesprochen hatten. Herr Kaltmamsell und ich wurden eritreisch bekocht: Injera, darauf Lamm mit Tomate, Wei\u00dfkraut mit Kartoffel, rote Linsen, Spinat mit Kartoffel, frischer gr\u00fcner Salat (wir durften mit Messer und Gabel essen &#8211; irgendwann muss ich aber doch versuchen, die Hirsefladen f\u00fcr Essen mit Fingern zu verwenden). Zum eritreischen Kaffee ging&#8217;s ins Wohnzimmer: Bohnen wurden ger\u00f6stet, gemahlen, aufgekocht, mit Zucker und Milch serviert &#8211; herrlich sanft und aromatisch. Dazu traditionell Popcorn, eingedeutscht zudem herrlich saftiger Marmorkuchen.<\/p>\n<p>Der Nachmittag war strahlend sonnig, doch nicht unertr\u00e4glich hei\u00df. Ich ging mit Herrn Kaltmamsell auf einen kleinen Spaziergang, unter anderem zum Nachbarschafts-Eisdieler f\u00fcr ein gro\u00dfes Speiseeiserl.<\/p>\n<p>Ein paar h\u00e4usliche Erledigungen und schon war der Tag rum. Zum Abendessen gab es K\u00e4se, Gurke, Walnussbrot, zum Nachtisch drei Sorten Pfirsich mit Joghurt.<\/p>\n<p>Abschlie\u00dfendes R\u00e4umen f\u00fcr Putzmanneinsatz, Vorbereitung einer weiteren Arbeitswoche. <img loading=\"lazy\" decoding=\"async\" src=\"https:\/\/vg05.met.vgwort.de\/na\/927001306dd8415dbff2769fc9edfcfd\" width=\"1\" height=\"1\" alt=\"\"\/><\/p>\n","protected":false},"excerpt":{"rendered":"<p>Gut und lang geschlafen &#8211; Herr Kaltmamsell hatte sich bei meinem Aufstehen um halb acht bereits selbst Filterkaffee aufgebr\u00fcht, weil der Milchkaffee von mir ausblieb. Bloggen \u00fcber Milchkaffee auf dem Balkon. Immer mehr Meisen und Amseln trauten sich trotz meiner Anwesenheit an die Wasserschale. Ich h\u00f6rte aus den B\u00e4umen davor Eichelh\u00e4herkreischen und Eichh\u00f6rnchenglucksen. Die Wahl [&hellip;]<\/p>\n","protected":false},"author":2,"featured_media":0,"comment_status":"open","ping_status":"closed","sticky":false,"template":"","format":"standard","meta":{"footnotes":""},"categories":[6,1],"tags":[],"class_list":["post-78285","post","type-post","status-publish","format-standard","hentry","category-essen","category-general"],"_links":{"self":[{"href":"https:\/\/www.vorspeisenplatte.de\/speisen\/wp-json\/wp\/v2\/posts\/78285","targetHints":{"allow":["GET"]}}],"collection":[{"href":"https:\/\/www.vorspeisenplatte.de\/speisen\/wp-json\/wp\/v2\/posts"}],"about":[{"href":"https:\/\/www.vorspeisenplatte.de\/speisen\/wp-json\/wp\/v2\/types\/post"}],"author":[{"embeddable":true,"href":"https:\/\/www.vorspeisenplatte.de\/speisen\/wp-json\/wp\/v2\/users\/2"}],"replies":[{"embeddable":true,"href":"https:\/\/www.vorspeisenplatte.de\/speisen\/wp-json\/wp\/v2\/comments?post=78285"}],"version-history":[{"count":3,"href":"https:\/\/www.vorspeisenplatte.de\/speisen\/wp-json\/wp\/v2\/posts\/78285\/revisions"}],"predecessor-version":[{"id":78295,"href":"https:\/\/www.vorspeisenplatte.de\/speisen\/wp-json\/wp\/v2\/posts\/78285\/revisions\/78295"}],"wp:attachment":[{"href":"https:\/\/www.vorspeisenplatte.de\/speisen\/wp-json\/wp\/v2\/media?parent=78285"}],"wp:term":[{"taxonomy":"category","embeddable":true,"href":"https:\/\/www.vorspeisenplatte.de\/speisen\/wp-json\/wp\/v2\/categories?post=78285"},{"taxonomy":"post_tag","embeddable":true,"href":"https:\/\/www.vorspeisenplatte.de\/speisen\/wp-json\/wp\/v2\/tags?post=78285"}],"curies":[{"name":"wp","href":"https:\/\/api.w.org\/{rel}","templated":true}]}}