{"id":78571,"date":"2022-07-30T09:13:01","date_gmt":"2022-07-30T07:13:01","guid":{"rendered":"https:\/\/www.vorspeisenplatte.de\/speisen\/?p=78571"},"modified":"2022-07-30T09:13:01","modified_gmt":"2022-07-30T07:13:01","slug":"journal-freitag-29-juli-2022-der-tag-der-zwei-schoenen-kleider","status":"publish","type":"post","link":"https:\/\/www.vorspeisenplatte.de\/speisen\/2022\/07\/journal-freitag-29-juli-2022-der-tag-der-zwei-schoenen-kleider.htm","title":{"rendered":"Journal Freitag, 29. Juli 2022 &#8211; Der Tag der zwei sch\u00f6nen Kleider"},"content":{"rendered":"<p>Sehr gut geschlafen, der Wecker holte mich von weit her. Auch bei Wolken am Himmel war es um sechs mild genug <a href=\"https:\/\/www.instagram.com\/p\/CglQchlKudJ\/\" rel=\"noopener\" target=\"_blank\">f\u00fcr Balkonkaffee<\/a>.<\/p>\n<p>Erstes sch\u00f6nes Kleid des Tages: Hatte ich mir schon im Winter gekauft f\u00fcr Sommeraussichten, diesen Schnitt (Herr Kaltmamsell bezeichnet den Typus als &#8220;Ren Fair&#8221;, also Mittelalterfest) hat man heuer \u00fcberhaupt nicht, mir gef\u00e4llt es sehr. In den 70ern gab es mal eine Modephase mit gesmokten Oberteilen, an die erinnert er mich.<\/p>\n<p><a href=\"https:\/\/www.vorspeisenplatte.de\/speisen\/archiv\/220729_03_Kleidung.jpg\"><img loading=\"lazy\" decoding=\"async\" src=\"https:\/\/www.vorspeisenplatte.de\/speisen\/archiv\/220729_03_Kleidung.jpg\" alt=\"\" width=\"267\" height=\"429\" class=\"alignnone size-full wp-image-78585\" \/><\/a><\/p>\n<p>Abschied von Herrn Kaltmamsell, der f\u00fcr ein gutes Jahr zum letzten Mal in die Schule musste.<\/p>\n<p>Auf dem Fu\u00dfweg in die Arbeit R\u00fcckenschmerzen wie gehabt (also deutlich weniger schlimm als vor einer Woche, aber weiterhin deutlich) &#8211; zaubern kann eine Thai-Massage halt auch nicht.<\/p>\n<p>Mittags gab es Aprikosen, Nektarine, Pflaumen mit H\u00fcttenk\u00e4se.<\/p>\n<p>Ich machte gestern schon um halb vier Feierabend, um mir die Haare schneiden zu lassen: Sahen zwar noch ok aus, aber ich hatte das dringende Bed\u00fcrfnis nach freien Ohren und freiem Nacken, au\u00dferdem weniger Wolle auf dem Kopf. Die Friseurin (ich hatte einen Blanko-Termin genommen) stellte sich als Landsfrau aus der Ingolst\u00e4dter Gegend heraus, wir hatten interessanten Gespr\u00e4chsstoff.<\/p>\n<p>Auf dem Heimweg zwischen ein paar versprengten Regentropfen Eink\u00e4ufe (die Reste von der Liste, Herr Kaltmamsell hatte bereits das meiste besorgt), zu Hause erste Schritte f\u00fcr den samst\u00e4glichen Abendnachtisch: selbst ausgedachtes Pimm&#8217;s Trifle, also mit Pimm&#8217;s als Bodenbetr\u00e4uflung, mit Gurke und Minze in der Obst-Schicht, im Berliner KadeWe hatten wir Kirsch-Jelly gefunden (Erdbeer-Geschmack w\u00e4re mir noch lieber gewesen, gab&#8217;s halt nicht).<\/p>\n<p>Dann machte ich mich ausgeh-frisch und -fein: Herr Kaltmamsell lud mich zur Feier des Sabbatjahr-Starts <a href=\"https:\/\/derdantler.de\/\" rel=\"noopener\" target=\"_blank\">ins Dantler<\/a> ein. Ich schl\u00fcpfte ins zweite sch\u00f6ne Kleid des Tages.<\/p>\n<p><a href=\"https:\/\/www.vorspeisenplatte.de\/speisen\/archiv\/220729_08_Kleidung.jpg\"><img loading=\"lazy\" decoding=\"async\" src=\"https:\/\/www.vorspeisenplatte.de\/speisen\/archiv\/220729_08_Kleidung.jpg\" alt=\"\" width=\"258\" height=\"466\" class=\"alignnone size-full wp-image-78588\" \/><\/a><\/p>\n<p>Im Obergiesinger Dantler wurden wir herzlich empfangen und verbrachten einen wundersch\u00f6nen sowie ausgesprochen schmackhaften Abend.<\/p>\n<p><a href=\"https:\/\/www.vorspeisenplatte.de\/speisen\/archiv\/220729_10_Dantler.jpg\"><img loading=\"lazy\" decoding=\"async\" src=\"https:\/\/www.vorspeisenplatte.de\/speisen\/archiv\/220729_10_Dantler.jpg\" alt=\"\" width=\"331\" height=\"423\" class=\"alignnone size-full wp-image-78590\" \/><\/a><\/p>\n<p>Auf das Bier zum Aperitif hatte ich mich schon gefreut: Weil mir bei meinem allerersten Besuch in diesen R\u00e4umen ein eigens f\u00fcrs Lokal gebrautes IPA eingeschenkt worden war, denke ich hier immer erst mal an Bier. Diesmal war es ein frisch gezapftes Dantler Pils vom Orca Brau in N\u00fcrnberg. Dazugestellt wurde wie immer hausgemachtes Brot und Bratlfett.<\/p>\n<p><a href=\"https:\/\/www.vorspeisenplatte.de\/speisen\/archiv\/220729_14_Dantler.jpg\"><img loading=\"lazy\" decoding=\"async\" src=\"https:\/\/www.vorspeisenplatte.de\/speisen\/archiv\/220729_14_Dantler.jpg\" alt=\"\" width=\"362\" height=\"456\" class=\"alignnone size-full wp-image-78591\" \/><\/a><\/p>\n<p>Der erste Gang: &#8220;M\u00fcnchner Tomaten&#8221; &#8211; gek\u00fchlt mariniert, Basilikum, frische Artischocke. Herrliche Geschmacksvariationen von Tomate, die Schnittlauchnote machte sich besonders gut. Die Weinbegleitung: Sauvignon Blanc &#8220;SB&#8221; von Ewald Zweytick aus der S\u00fcdsteiermark &#8211; auffallend wenig blumig, ein guter Gegenpart.<\/p>\n<p><a href=\"https:\/\/www.vorspeisenplatte.de\/speisen\/archiv\/220729_16_Dantler.jpg\"><img loading=\"lazy\" decoding=\"async\" src=\"https:\/\/www.vorspeisenplatte.de\/speisen\/archiv\/220729_16_Dantler.jpg\" alt=\"\" width=\"350\" height=\"459\" class=\"alignnone size-full wp-image-78592\" \/><\/a><\/p>\n<p>Den &#8220;Kalk &#038; Kiesel&#8221; 2021 vom Claus Preisinger im Burgenland gab es zu \u201eOfenger\u00f6stete Zucchinibl\u00fcten\u201c Parmesancreme, Salzzitrone, Pinienkernbr\u00f6sel &#8211; eine herrliche Kombination, ich mochte besonders die knusprigen Br\u00f6sel mit der Salzzitrone.<\/p>\n<p><a href=\"https:\/\/www.vorspeisenplatte.de\/speisen\/archiv\/220729_19_Dantler.jpg\"><img loading=\"lazy\" decoding=\"async\" src=\"https:\/\/www.vorspeisenplatte.de\/speisen\/archiv\/220729_19_Dantler.jpg\" alt=\"\" width=\"363\" height=\"484\" class=\"alignnone size-full wp-image-78593\" \/><\/a><\/p>\n<p>Tatar von der Lachsforelle, Wassermelonen-Ponzu, Ingwermelone schmeckten gro\u00dfartig, dazu mein Lieblingswein des Abends: Wei\u00dfer Burgunder vom Kalkstein, Weingut am Schlipf, Baden, 2019.<\/p>\n<p><a href=\"https:\/\/www.vorspeisenplatte.de\/speisen\/archiv\/220729_22_Dantler.jpg\"><img loading=\"lazy\" decoding=\"async\" src=\"https:\/\/www.vorspeisenplatte.de\/speisen\/archiv\/220729_22_Dantler.jpg\" alt=\"\" width=\"339\" height=\"449\" class=\"alignnone size-full wp-image-78594\" \/><\/a><\/p>\n<p>Die Lachsforelle kam nochmal: &#8220;Lachsforelle vom Gutshof Polting&#8221; kross gebraten, Kohlrabi, Blutpfirsich, Mandelbutter. Dazu ein weiterer Knaller: La Cuv\u00e9e Maso Toresella, Trento, 2018 &#8211; der Gew\u00fcrztraminer-Anteil entwickelte sich mit der Luft im Glas sehr sch\u00f6n.<\/p>\n<p>Den Fleischgang verga\u00df ich zu fotografieren, dabei hatte die Sichtung auf der Karte mich besonders gefreut: Auch der Dantler hat &#8220;Flat Iron Steak&#8221; entdeckt, es gab einen Streifen davon mit Aubergine, Kichererbse, Teriyakiglace &#8211; wobei die Aubergine durchaus dem Fleisch ein wenig die Schau stahl. Der Wein dazu: Merlot &#8220;Ried Gabarinza&#8221; Markus Iro, Burgenland, 2020.<\/p>\n<p>Als Pre-Dessert wie gewohnt in einem winzigen Wei\u00dfbierglas ein s\u00fc\u00dfer Schluck mit Schaum, diesmal mit Nektarine.<\/p>\n<p><a href=\"https:\/\/www.vorspeisenplatte.de\/speisen\/archiv\/220729_28_Dantler.jpg\"><img loading=\"lazy\" decoding=\"async\" src=\"https:\/\/www.vorspeisenplatte.de\/speisen\/archiv\/220729_28_Dantler.jpg\" alt=\"\" width=\"344\" height=\"484\" class=\"alignnone size-full wp-image-78595\" \/><\/a><\/p>\n<p>Das Dessert: &#8220;Joghurt &#038; Honig&#8221; Marillen &#038; Griechischer Joghurt, Mandel-M\u00fcrbeteig, Honig, wunderbar fluffig mit viel Aprikosens\u00e4ure, dazu s\u00fc\u00df im Glas Riesling Sp\u00e4tlese Goldloch Diel, Nahe 2019.<\/p>\n<p>K\u00f6stliches Essen, allerdings deutlich zu viel Alkohol, wir waren beide betrunken. Zwischen ein paar Regentropfen (w\u00e4hrend unseres Men\u00fcs hatte es drau\u00dfen auch mal deutlich geregnet) gingen wird zu U-Bahn, lie\u00dfen uns heimfahren. Vor dem Zu-Bett-Gehen nahm ich schon mal vorsorglich eine Aspirin, trank reichlich Wasser, f\u00fcrchtete dennoch eine alkoholisch unruhige Nacht.<\/p>\n<p>\u00a7<\/p>\n<p>Damit&#8217;s weniger Leute verpassen: Am heutigen Samstag beginnt die Auer Dult, <a href=\"https:\/\/ru.muenchen.de\/2022\/142\/Auf-gehts-zur-Jakobidult-in-der-Au-102564\" rel=\"noopener\" target=\"_blank\">n\u00e4mlich die Jakobidult<\/a>.<\/p>\n<p>\u00a7<\/p>\n<p><a href=\"https:\/\/www.tiktok.com\/@jaxwritessongs\/video\/7124482060714085675\" rel=\"noopener\" target=\"_blank\">&#8220;I wrote a song called Victoria\u2019s Secret and I always wanted to be part of a Flash Mob.&#8221;<\/a> (Sch\u00f6ner TikTok-Tanz, ging gestern durch mein Internet.)<\/p>\n<p>via <a href=\"https:\/\/twitter.com\/stedtenh0pp1A\" rel=\"noopener\" target=\"_blank\">@stedtenh0pp1A<\/a> <img loading=\"lazy\" decoding=\"async\" src=\"https:\/\/vg05.met.vgwort.de\/na\/06b88d8f40784f1e96962585415fe125\" width=\"1\" height=\"1\" alt=\"\"\/><\/p>\n","protected":false},"excerpt":{"rendered":"<p>Sehr gut geschlafen, der Wecker holte mich von weit her. Auch bei Wolken am Himmel war es um sechs mild genug f\u00fcr Balkonkaffee. Erstes sch\u00f6nes Kleid des Tages: Hatte ich mir schon im Winter gekauft f\u00fcr Sommeraussichten, diesen Schnitt (Herr Kaltmamsell bezeichnet den Typus als &#8220;Ren Fair&#8221;, also Mittelalterfest) hat man heuer \u00fcberhaupt nicht, mir [&hellip;]<\/p>\n","protected":false},"author":2,"featured_media":0,"comment_status":"open","ping_status":"closed","sticky":false,"template":"","format":"standard","meta":{"footnotes":""},"categories":[6,2,1],"tags":[],"class_list":["post-78571","post","type-post","status-publish","format-standard","hentry","category-essen","category-fotos","category-general"],"_links":{"self":[{"href":"https:\/\/www.vorspeisenplatte.de\/speisen\/wp-json\/wp\/v2\/posts\/78571","targetHints":{"allow":["GET"]}}],"collection":[{"href":"https:\/\/www.vorspeisenplatte.de\/speisen\/wp-json\/wp\/v2\/posts"}],"about":[{"href":"https:\/\/www.vorspeisenplatte.de\/speisen\/wp-json\/wp\/v2\/types\/post"}],"author":[{"embeddable":true,"href":"https:\/\/www.vorspeisenplatte.de\/speisen\/wp-json\/wp\/v2\/users\/2"}],"replies":[{"embeddable":true,"href":"https:\/\/www.vorspeisenplatte.de\/speisen\/wp-json\/wp\/v2\/comments?post=78571"}],"version-history":[{"count":3,"href":"https:\/\/www.vorspeisenplatte.de\/speisen\/wp-json\/wp\/v2\/posts\/78571\/revisions"}],"predecessor-version":[{"id":78600,"href":"https:\/\/www.vorspeisenplatte.de\/speisen\/wp-json\/wp\/v2\/posts\/78571\/revisions\/78600"}],"wp:attachment":[{"href":"https:\/\/www.vorspeisenplatte.de\/speisen\/wp-json\/wp\/v2\/media?parent=78571"}],"wp:term":[{"taxonomy":"category","embeddable":true,"href":"https:\/\/www.vorspeisenplatte.de\/speisen\/wp-json\/wp\/v2\/categories?post=78571"},{"taxonomy":"post_tag","embeddable":true,"href":"https:\/\/www.vorspeisenplatte.de\/speisen\/wp-json\/wp\/v2\/tags?post=78571"}],"curies":[{"name":"wp","href":"https:\/\/api.w.org\/{rel}","templated":true}]}}