{"id":78703,"date":"2022-08-03T06:12:00","date_gmt":"2022-08-03T04:12:00","guid":{"rendered":"https:\/\/www.vorspeisenplatte.de\/speisen\/?p=78703"},"modified":"2022-08-03T06:12:00","modified_gmt":"2022-08-03T04:12:00","slug":"journal-dienstag-2-august-2022-mittagsabenteuer","status":"publish","type":"post","link":"https:\/\/www.vorspeisenplatte.de\/speisen\/2022\/08\/journal-dienstag-2-august-2022-mittagsabenteuer.htm","title":{"rendered":"Journal Dienstag, 2. August 2022 &#8211; Mittagsabenteuer"},"content":{"rendered":"<p>Gute Nacht, durch die offenen Fenster wehte es regenk\u00fchl herein.<\/p>\n<p>Sehr angenehmer Weg in die Arbeit. Ich begegnete einer Sonderform der Typografie: Gemischte Botschaften.<\/p>\n<p><a href=\"https:\/\/www.vorspeisenplatte.de\/speisen\/archiv\/220802_02_Typografie.jpg\"><img loading=\"lazy\" decoding=\"async\" src=\"https:\/\/www.vorspeisenplatte.de\/speisen\/archiv\/220802_02_Typografie.jpg\" alt=\"\" width=\"429\" height=\"303\" class=\"alignnone size-full wp-image-78733\" \/><\/a><\/p>\n<p>Zun\u00e4chst dachte ich, das sei eine gro\u00dfe Text-Font-Schere &#8211; doch dann sah ich, dass sich die Schriftart auf die M\u00fchle bezieht. Typografie-Humor.<\/p>\n<p>Mittags ging ich auf gro\u00dfes Abenteuer. Erinnern Sie sich noch <a href=\"https:\/\/www.vorspeisenplatte.de\/speisen\/2022\/02\/journal-dienstag-8-feburar-2022-wer-ich-auch-nicht-bin.htm\" rel=\"noopener\" target=\"_blank\">an das Caf\u00e9<\/a>, an dem ich au\u00dferhalb der f\u00fcnf Oktoberfest-Monate auf meinem Arbeitsweg vorbeikomme und das in mir oft Sehns\u00fcchte nach einer alternativen Identit\u00e4t weckt? Ich folgte der verwegenen Idee, dort einfach mal mittags auf einen Cappuccino hinzugehen.<\/p>\n<p><a href=\"https:\/\/www.vorspeisenplatte.de\/speisen\/archiv\/220802_06_Heimeranplatz.jpg\"><img loading=\"lazy\" decoding=\"async\" src=\"https:\/\/www.vorspeisenplatte.de\/speisen\/archiv\/220802_06_Heimeranplatz.jpg\" alt=\"\" width=\"416\" height=\"435\" class=\"alignnone size-full wp-image-78735\" \/><\/a><\/p>\n<p>Volkskunst auf dem Heimeranplatz.<\/p>\n<p>Allein der Spaziergang zum Caf\u00e9 Colombo war den Ausflug wert: Ein perfekter Sommertag, an dem es um die sonnige Mittagszeit noch nicht hei\u00df war, an dem es nach Feriengl\u00fcck roch, die Farben strahlten (es half, dass ich den <i>orange people<\/i> begegnete, die gerade Stra\u00dfe kehrten), die Menschen in bunte Flatterkleidung geh\u00fcllt waren.<\/p>\n<p><a href=\"https:\/\/www.vorspeisenplatte.de\/speisen\/archiv\/220802_09_CafeColombo.jpg\"><img loading=\"lazy\" decoding=\"async\" src=\"https:\/\/www.vorspeisenplatte.de\/speisen\/archiv\/220802_09_CafeColombo.jpg\" alt=\"\" width=\"363\" height=\"473\" class=\"alignnone size-full wp-image-78737\" \/><\/a><\/p>\n<p>Im Caf\u00e9 war ordentlich was los, in den Regalen entdeckte ich interessante Weine und Lebensmittel (darunter Orecchiette) mit h\u00fcbschen Etiketten, der Cappuccino schmeckte.<\/p>\n<p>Zur\u00fcck am Schreibtisch a\u00df ich zu Mittag Gurke, Quark mit Joghurt, Nektarine und Pfirsich.<\/p>\n<p>Gesch\u00e4ftiger Nachmittag, bunt durch weitere Bluescreen-Ereignisse auf einem weiteren Rechner.<\/p>\n<p>Auf dem Heimweg nur ein kurzer Einkaufsabstecher, Herr Kaltmamsell hatte unsere Liste bereits abger\u00e4umt. Zu Hause eine ausf\u00fchrliche Runde Yoga, die Abschlussfolge von Adrienes <i>Home<\/i>, die sie immer ohne Ansagen turnt. Ich musste also fast durchgehend auf den Bildschirm gucken, eher unentspannt. Nein, selbst kann ich mir nicht 40 Minuten Yoga zusammenstellen, ich brauche Vorgeturntes.<\/p>\n<p>Zum Nachtmahl servierte Herr Kaltmamsell nach Langem mal wieder mein geliebtes Shakshuka &#8211; ohne dass ich es explizit gew\u00fcnscht hatte.<\/p>\n<p><a href=\"https:\/\/www.vorspeisenplatte.de\/speisen\/archiv\/220802_10_Nachtmahl.jpg\"><img loading=\"lazy\" decoding=\"async\" src=\"https:\/\/www.vorspeisenplatte.de\/speisen\/archiv\/220802_10_Nachtmahl.jpg\" alt=\"\" width=\"302\" height=\"403\" class=\"alignnone size-full wp-image-78738\" \/><\/a><\/p>\n<p>Nachtisch reichlich Schokolade.<\/p>\n<p>\u00a7<\/p>\n<p>Ah, da schau her: Da hat jemand in Salzburg versucht, die Flei\u00dfer besser als die Flei\u00dfer zu machen. Laut Rezension ging das schief.<br \/>\n<a href=\"https:\/\/orf.at\/salzburgerfestspiele22\/stories\/3278988\/\" rel=\"noopener\" target=\"_blank\">&#8220;&#8216;Ingolstadt&#8217;<br \/>\nDie Antwort auf den &#8216;Jedermann'&#8221;.<\/a><\/p>\n<blockquote><p>In Ingolstadt ist man zu Ingolstadt verdammt. Und bei der Ingolst\u00e4dterin Marieluise Flei\u00dfer hei\u00dft das: Der Katholizismus ringt alle nieder.<\/p><\/blockquote>\n<p>\u00a7<\/p>\n<p>Langer, aber hochspannender Artikel \u00fcber den Forschungsstand zur Evolutionstheorie, also \u00fcber die Diskussionen der Rolle von nat\u00fcrlicher Auslese, Mutationen, Genetik, Epigenetik &#8211; und der (f\u00fcr mich eine neue Bezeichnung) Plastizit\u00e4t (F\u00e4higkeit von Organismen, sich der Umwelt in der Entwicklung und bei konkreten neuen Bedingungen anzupassen), \u00fcber die Suche nach einer <i>unifying theory<\/i>.<br \/>\n<a href=\"https:\/\/www.theguardian.com\/science\/2022\/jun\/28\/do-we-need-a-new-theory-of-evolution\" rel=\"noopener\" target=\"_blank\">&#8220;Do we need a new theory of evolution?&#8221;<\/a> <img loading=\"lazy\" decoding=\"async\" src=\"https:\/\/vg05.met.vgwort.de\/na\/5da1c279ba0a4b50ae75b969287cfd26\" width=\"1\" height=\"1\" alt=\"\"\/><\/p>\n","protected":false},"excerpt":{"rendered":"<p>Gute Nacht, durch die offenen Fenster wehte es regenk\u00fchl herein. Sehr angenehmer Weg in die Arbeit. Ich begegnete einer Sonderform der Typografie: Gemischte Botschaften. Zun\u00e4chst dachte ich, das sei eine gro\u00dfe Text-Font-Schere &#8211; doch dann sah ich, dass sich die Schriftart auf die M\u00fchle bezieht. Typografie-Humor. Mittags ging ich auf gro\u00dfes Abenteuer. Erinnern Sie sich [&hellip;]<\/p>\n","protected":false},"author":2,"featured_media":0,"comment_status":"open","ping_status":"closed","sticky":false,"template":"","format":"standard","meta":{"footnotes":""},"categories":[2,1],"tags":[],"class_list":["post-78703","post","type-post","status-publish","format-standard","hentry","category-fotos","category-general"],"_links":{"self":[{"href":"https:\/\/www.vorspeisenplatte.de\/speisen\/wp-json\/wp\/v2\/posts\/78703","targetHints":{"allow":["GET"]}}],"collection":[{"href":"https:\/\/www.vorspeisenplatte.de\/speisen\/wp-json\/wp\/v2\/posts"}],"about":[{"href":"https:\/\/www.vorspeisenplatte.de\/speisen\/wp-json\/wp\/v2\/types\/post"}],"author":[{"embeddable":true,"href":"https:\/\/www.vorspeisenplatte.de\/speisen\/wp-json\/wp\/v2\/users\/2"}],"replies":[{"embeddable":true,"href":"https:\/\/www.vorspeisenplatte.de\/speisen\/wp-json\/wp\/v2\/comments?post=78703"}],"version-history":[{"count":3,"href":"https:\/\/www.vorspeisenplatte.de\/speisen\/wp-json\/wp\/v2\/posts\/78703\/revisions"}],"predecessor-version":[{"id":78747,"href":"https:\/\/www.vorspeisenplatte.de\/speisen\/wp-json\/wp\/v2\/posts\/78703\/revisions\/78747"}],"wp:attachment":[{"href":"https:\/\/www.vorspeisenplatte.de\/speisen\/wp-json\/wp\/v2\/media?parent=78703"}],"wp:term":[{"taxonomy":"category","embeddable":true,"href":"https:\/\/www.vorspeisenplatte.de\/speisen\/wp-json\/wp\/v2\/categories?post=78703"},{"taxonomy":"post_tag","embeddable":true,"href":"https:\/\/www.vorspeisenplatte.de\/speisen\/wp-json\/wp\/v2\/tags?post=78703"}],"curies":[{"name":"wp","href":"https:\/\/api.w.org\/{rel}","templated":true}]}}