{"id":78908,"date":"2022-08-09T06:35:23","date_gmt":"2022-08-09T04:35:23","guid":{"rendered":"https:\/\/www.vorspeisenplatte.de\/speisen\/?p=78908"},"modified":"2024-08-21T15:54:53","modified_gmt":"2024-08-21T13:54:53","slug":"journal-montag-8-august-2022-corona-tag-2-uninteressant","status":"publish","type":"post","link":"https:\/\/www.vorspeisenplatte.de\/speisen\/2022\/08\/journal-montag-8-august-2022-corona-tag-2-uninteressant.htm","title":{"rendered":"Journal Montag, 8. August 2022 &#8211; Corona Tag 2 (uninteressant)"},"content":{"rendered":"<p>Gut geschlafen! Nachdem am Vorabend meine Nasenschleimh\u00e4ute angeschwollen waren, hatte Nasenspray freies Atmen erm\u00f6glicht, den Wespenstich beruhigte Fenistil. Die Nacht war erholsam.<\/p>\n<p>Weiterhin kein Fieber, allerdings plagten mich Nebenh\u00f6hlenschmerzen; Ibu half ganz wunderbar.<\/p>\n<p><a href=\"https:\/\/www.vorspeisenplatte.de\/speisen\/archiv\/220808_01_Homeoffice.jpg\"><img loading=\"lazy\" decoding=\"async\" class=\"alignnone size-full wp-image-78943\" src=\"https:\/\/www.vorspeisenplatte.de\/speisen\/archiv\/220808_01_Homeoffice.jpg\" alt=\"\" width=\"524\" height=\"393\" \/><\/a><\/p>\n<p>Ich baute meinen Arbeitsplatz mit allem f\u00fcr die Woche auf, der neue Esstisch bietet genug Platz daf\u00fcr. Sogar pr\u00e4sentabel geschminkt hatte ich mich, weil einige Online-Besprechungen anstanden. W\u00e4hrend der ersten merkte ich, dass ich bei Rechner in Docking Station (rechts hinten) f\u00fcr Sichtbarkeit eine externe Kamera gebraucht h\u00e4tte &#8211; und die hatte ich im B\u00fcro gelassen.<\/p>\n<p>Den Vormittag k\u00e4mpfte ich im Konflikt zwischen dem Ziel, die Wohnung vor erneut aufziehender Hitze zu sch\u00fctzen, und dem Homeoffice-Frieren, das mich auch mit Wollsocken W\u00e4rme herbeisehnen lie\u00df.<\/p>\n<p>Und so arbeitete ich so vor mich hin, dekorierte meinen Arbeitsplatz nach und nach mit vollgeschneuzten Taschent\u00fcchern &#8211; wie halt bei einer Erk\u00e4ltung auch, mit der ich ganz normal in die Arbeit gegangen w\u00e4re.<\/p>\n<p><a href=\"https:\/\/www.vorspeisenplatte.de\/speisen\/archiv\/220808_03_Balkondesklunch.jpg\"><img loading=\"lazy\" decoding=\"async\" class=\"alignnone size-full wp-image-78944\" src=\"https:\/\/www.vorspeisenplatte.de\/speisen\/archiv\/220808_03_Balkondesklunch.jpg\" alt=\"\" width=\"363\" height=\"484\" \/><\/a><\/p>\n<p>Mittagspause auf dem Balkon. Es gab Pumpernickel mit Butter, Nektarine und Banane mit Joghurt. (Auch zum Obstkauf werde ich diese Woche Herrn Kaltmamsell schicken m\u00fcssen &#8211; besonders schwer zu delegieren und zu briefen, weil ich selbst halt immer nehme, was gut aussieht.)<\/p>\n<p>Krankheitsgef\u00fchl weiter lediglich Erk\u00e4ltung inklusive bl\u00f6d im Hirn &#8211; wie ich das immer bei belegten Nebenh\u00f6hlen kenne. Angenehm war das nicht, aber kein Vergleich zu dem schei\u00df Magen-Darm-Infekt vor drei Wochen.<\/p>\n<p>Anfl\u00fcge von Lagerkoller bereits an Tag 1. Das kommt davon, dass ich nie einen echten Lockdown einhalten musste (anders als die Verwandtschaft in Spanien), sondern in allen Phasen der Pandemie bisher zur Arbeit oder zu einem Spaziergang raus durfte. Und anders als bei einer Erk\u00e4ltung (die halt eine Woche dauert, durch die ich irgendwie mit m\u00f6glichst wenig Leid durchkommen muss -&gt; Symptombek\u00e4mpfung mit Schmerzmitteln, Erk\u00e4ltungslik\u00f6r, Nasenspray), horchte ich jetzt deutlich \u00e4ngstlicher auf Symptome und Ver\u00e4nderungen. War mir schwummrig wegen des Infekts oder weil ich mich den ganzen Tag kaum bewegt hatte? War ich bl\u00f6d im Hirn wegen Corona oder weil halt Nebenh\u00f6hlen zu?<\/p>\n<p>Nach Feierabend probierte ich ein wenig Yoga gegen m\u00f6gliche R\u00fcckenbeschwerden, ging.<\/p>\n<p>Lesen auf dem Balkon, Sauerteige aufgefrischt, ich k\u00f6nnte das erzwungene Homeoffice zum Brotbacken nutzen.<\/p>\n<p>Herr Kaltmamsell machte aus jungen Ernteanteil-Zucchini Abendessen: Es gab sie mit Gem\u00fcsef\u00fcllung und mit K\u00e4se \u00fcberbacken &#8211; sehr gut. Zum Nachtisch gab&#8217;s vor der Schokolade noch spanische Honigmelone von Crowdfarming: Nach der letztj\u00e4hrigen Entt\u00e4uschung war sie gut (selber Lieferant, der diesmal zum Gl\u00fcck lieber den Liefertermin verschoben hatte, als so unreife Melonen zu liefern, dass sie erst nach sechs Wochen essbar waren &#8211; es ist doch sch\u00f6n, echte Verbesserung zu sehen).<\/p>\n<p>Direkt gut ging&#8217;s mir nicht, auch wenn Ibu half. Fr\u00fch ins Bett.<\/p>\n<p>\u00a7<\/p>\n<p>Nochmal Wechseljahre. Diesmal geht es in einem Interview von Eiken Bruhn mit der Autorin Miriam Stein um ihr Buch <i>Die gereizte Frau<\/i> &#8211; und diesmal auch darum, warum das Thema scheinbar pl\u00f6tzlich so pr\u00e4sent ist:<br \/>\n<a href=\"https:\/\/taz.de\/Neues-Sachbuch-ueber-Wechseljahre\/!5871339\/\" target=\"_blank\" rel=\"noopener\">&#8220;Neues Sachbuch \u00fcber Wechseljahre:<br \/>\n&#8216;Kein Mann w\u00fcrde das ertragen!'&#8221;<\/a><\/p>\n<blockquote><p>Frauen meiner Generation, die ihr Leben lang eigenst\u00e4ndige Entscheidungen getroffen haben, sind es nicht gewohnt, dass ihnen ihr K\u00f6rper so starke Grenzen aufweist, und sehen es auch nicht ein, dass sie sich jetzt zur\u00fcckziehen sollen mit ihren Beschwerden.<\/p>\n<p><strong>In Ihrem Buch beschreiben Sie, wie Sie v\u00f6llig unaufgekl\u00e4rt in die Wechseljahre gestolpert sind. Nach meiner Erfahrung geht das den meisten Frauen so.<\/strong><\/p>\n<p>Ja, das hat mich auch \u00fcberrascht \u2013 aber erkl\u00e4rt vielleicht den Erfolg des Buchs.<\/p>\n<p><strong>Es beginnt mit einer detaillierten Beschreibung einer heftigen Regelblutung.<\/strong><\/p>\n<p>Ich dachte, ich blute aus! Niemand hat mir gesagt, dass die Blutungen in der Perimenopause st\u00e4rker werden k\u00f6nnen.<\/p><\/blockquote>\n<p>Was nicht stimmt in dem Interview: Bioidentische Hormone werden sehr wohl verschrieben, und nicht nur auf Privatrezept. Aber die Patientin muss erst mal einen Gyn\u00e4kologen oder eine Gyn\u00e4kologin finden, die sich \u00fcberhaupt mit Hormonen auskennt und nicht nur mit &#8220;Bikinimedizin&#8221;, wie Miriam Stein sie nennt: &#8220;Eine Diagnostik, die sich bei Frauen nur auf die Geschlechtsorgane konzentriert: Br\u00fcste und Unterleib.&#8221; Ich hatte das Gl\u00fcck, in M\u00fcnchen bei der Suche nach einer Gyn\u00e4kologin zuf\u00e4llig auf eine Spezialistin f\u00fcr Wechseljahrbeschwerden zu sto\u00dfen. Woanders in Deutschland kann vielleicht die Deutsche Menopause Gesellschaft einen Tipp geben. Und nein: Sie m\u00fcssen als j\u00fcngere Frau keineswegs Angst vor den Wechseljahren haben. Hierzulande kommt ein Drittel aller Frauen mit keinen oder minimalen Beschwerden durch, ein Drittel hat mittelschwere Beschwerden, nur ein Drittel leidet unter richtigen Beeintr\u00e4chtigungen &#8211; und kann etwas dagegen tun.<\/p>\n<p>(Wobei ich gegen die \u00dcberschrift des Interviews protestiere, ebenso gegen die Behauptung, M\u00e4nner k\u00f6nnten die Schmerzen von Menstruationsbeschwerden oder des Geb\u00e4hrens nicht ertragen: Das l\u00e4sst sich schlicht weder beweisen noch widerlegen, ist auch komplett irrelevant f\u00fcr die Diskussion.)<\/p>\n<p>\u00a7<\/p>\n<p>&#8220;Von den Reichen kann man&#8217;s Sparen lernen&#8221; h\u00f6re ich bis heute oft &#8211; als Kommentar \u00fcber die Besitzer*innen extrem teurer Immobilien und Autos, mit denen sie zu Eink\u00e4ufen beim Discounter fahren. Das ist leider eine schlimme Verzerrung der eigentlichen Zusammenh\u00e4nge, denn es m\u00fcsste hei\u00dfen: &#8220;Von den Reichen kann man R\u00fccksichtslosigkeit und Ausbeutung lernen.&#8221;<\/p>\n<p>Rebecca Kelber hat sich f\u00fcr <i>Krautreporter<\/i> von Armen erz\u00e4hlen lassen, wie sie sparen:<br \/>\n<a href=\"https:\/\/krautreporter.de\/4483-so-sparst-du-wenn-das-geld-eh-schon-knapp-ist\" target=\"_blank\" rel=\"noopener\">&#8220;So sparst du, wenn das Geld eh schon knapp ist&#8221;.<\/a><\/p>\n<p>\u00a7<\/p>\n<p>Landeskunde Fernsehen woanders. In Nigeria gibt es zum Beispiel seit 2015 &#8220;Cowbellpedia&#8221;, eine Mathe-Quiz-Show.<a href=\"https:\/\/twitter.com\/RexChapman\/status\/1556354885850959872\" target=\"_blank\" rel=\"noopener\"> Die dann so aussieht.<\/a> (Wow.) <img loading=\"lazy\" decoding=\"async\" src=\"https:\/\/vg05.met.vgwort.de\/na\/0b1729cf23334200b37091b0997a437b\" width=\"1\" height=\"1\" alt=\"\"\/><\/p>\n","protected":false},"excerpt":{"rendered":"<p>Gut geschlafen! Nachdem am Vorabend meine Nasenschleimh\u00e4ute angeschwollen waren, hatte Nasenspray freies Atmen erm\u00f6glicht, den Wespenstich beruhigte Fenistil. Die Nacht war erholsam. Weiterhin kein Fieber, allerdings plagten mich Nebenh\u00f6hlenschmerzen; Ibu half ganz wunderbar. Ich baute meinen Arbeitsplatz mit allem f\u00fcr die Woche auf, der neue Esstisch bietet genug Platz daf\u00fcr. Sogar pr\u00e4sentabel geschminkt hatte ich [&hellip;]<\/p>\n","protected":false},"author":2,"featured_media":0,"comment_status":"open","ping_status":"closed","sticky":false,"template":"","format":"standard","meta":{"footnotes":""},"categories":[2,1],"tags":[],"class_list":["post-78908","post","type-post","status-publish","format-standard","hentry","category-fotos","category-general"],"_links":{"self":[{"href":"https:\/\/www.vorspeisenplatte.de\/speisen\/wp-json\/wp\/v2\/posts\/78908","targetHints":{"allow":["GET"]}}],"collection":[{"href":"https:\/\/www.vorspeisenplatte.de\/speisen\/wp-json\/wp\/v2\/posts"}],"about":[{"href":"https:\/\/www.vorspeisenplatte.de\/speisen\/wp-json\/wp\/v2\/types\/post"}],"author":[{"embeddable":true,"href":"https:\/\/www.vorspeisenplatte.de\/speisen\/wp-json\/wp\/v2\/users\/2"}],"replies":[{"embeddable":true,"href":"https:\/\/www.vorspeisenplatte.de\/speisen\/wp-json\/wp\/v2\/comments?post=78908"}],"version-history":[{"count":3,"href":"https:\/\/www.vorspeisenplatte.de\/speisen\/wp-json\/wp\/v2\/posts\/78908\/revisions"}],"predecessor-version":[{"id":100727,"href":"https:\/\/www.vorspeisenplatte.de\/speisen\/wp-json\/wp\/v2\/posts\/78908\/revisions\/100727"}],"wp:attachment":[{"href":"https:\/\/www.vorspeisenplatte.de\/speisen\/wp-json\/wp\/v2\/media?parent=78908"}],"wp:term":[{"taxonomy":"category","embeddable":true,"href":"https:\/\/www.vorspeisenplatte.de\/speisen\/wp-json\/wp\/v2\/categories?post=78908"},{"taxonomy":"post_tag","embeddable":true,"href":"https:\/\/www.vorspeisenplatte.de\/speisen\/wp-json\/wp\/v2\/tags?post=78908"}],"curies":[{"name":"wp","href":"https:\/\/api.w.org\/{rel}","templated":true}]}}