{"id":80755,"date":"2022-10-07T16:36:59","date_gmt":"2022-10-07T14:36:59","guid":{"rendered":"https:\/\/www.vorspeisenplatte.de\/speisen\/?p=80755"},"modified":"2022-10-07T16:37:31","modified_gmt":"2022-10-07T14:37:31","slug":"journal-donnerstag-6-oktober-2022-herbstsymptome-und-muttergeburtstag","status":"publish","type":"post","link":"https:\/\/www.vorspeisenplatte.de\/speisen\/2022\/10\/journal-donnerstag-6-oktober-2022-herbstsymptome-und-muttergeburtstag.htm","title":{"rendered":"Journal Donnerstag, 6. Oktober 2022 &#8211; Herbstsymptome und Muttergeburtstag"},"content":{"rendered":"<p><i>(Heute mit gro\u00dfer Versp\u00e4tung ver\u00f6ffentlicht, weil Abwesenheit, dann n\u00f6tige Besorgungen, dann Besuch.)<\/i><\/p>\n<p>Nicht lang genug schlafen k\u00f6nnen, blieb halt mehr vom Morgen.<\/p>\n<p>Milchkaffee aus heimischer K\u00fcche mit neuer, induktionstauglicher Cafetera, <a href=\"http:\/\/www.ibilimenaje.com\/eng\/catalogo\/coffe-makers-kettles-tea-pots\/expresso-coffee-maker-essential\/69\/1576\/ver-producto\/espresso-coffee-maker-essential\/4116\/\" rel=\"noopener\" target=\"_blank\">n\u00e4mlich dieser<\/a>. Doch auch auf unserem Induktionsherd dieselbe Erscheinung wie auf dem Ceran-Kochfeld der Ferienwohnung: Das Wasser wurde nur zu ca. 80 Prozent hochgekocht, im Beh\u00e4lter unten blieb nach der Fauch-Sprotz-Phase ein Finger breit Wasser. Meine Online-Recherchen f\u00fchrten mich zwar <a href=\"https:\/\/www.kaffeeroesterei-kirmse.de\/espressokocher-anleitung\" rel=\"noopener\" target=\"_blank\">zu dem Hinweis, dass ein bisschen Restwasser gewollt sei<\/a> &#8211; aber kann ich verhindern, dass es so viel ist?<\/p>\n<p>Koffer ausgepackt, erste Maschine W\u00e4sche gewaschen und aufgeh\u00e4ngt. Das Wetter war herrlich, ich konnte mir gar nicht vorstellen, dass M\u00fcnchen w\u00e4hrend unserer Abwesehnheit gefroren haben sollte. Ich ging raus zu einem Isarlauf &#8211; in eindeutigen Herbstfarben.<\/p>\n<p><a href=\"https:\/\/www.vorspeisenplatte.de\/speisen\/archiv\/221006_02_Wittelsbacherbr.jpg\"><img loading=\"lazy\" decoding=\"async\" src=\"https:\/\/www.vorspeisenplatte.de\/speisen\/archiv\/221006_02_Wittelsbacherbr.jpg\" alt=\"\" width=\"600\" height=\"474\" class=\"alignnone size-full \" \/><\/a><\/p>\n<p><a href=\"https:\/\/www.vorspeisenplatte.de\/speisen\/archiv\/221006_03_Wittelsbacherbr.jpg\"><img loading=\"lazy\" decoding=\"async\" src=\"https:\/\/www.vorspeisenplatte.de\/speisen\/archiv\/221006_03_Wittelsbacherbr.jpg\" alt=\"\" width=\"578\" height=\"406\" class=\"alignnone size-full \" \/><\/a><\/p>\n<p><a href=\"https:\/\/www.vorspeisenplatte.de\/speisen\/archiv\/221006_04_Wittelsbacherbr.jpg\"><img loading=\"lazy\" decoding=\"async\" src=\"https:\/\/www.vorspeisenplatte.de\/speisen\/archiv\/221006_04_Wittelsbacherbr.jpg\" alt=\"\" width=\"631\" height=\"473\" class=\"alignnone size-full \" \/><\/a><\/p>\n<p>Nicht ganz so leichtf\u00fc\u00dfig wie schon mal, dennoch taten die 80 Minuten Lauf gut. Zur\u00fcck \u00fcber den Alten S\u00fcdfriedhof.<\/p>\n<p><a href=\"https:\/\/www.vorspeisenplatte.de\/speisen\/archiv\/221006_07_AlterSuedfriedhof.jpg\"><img loading=\"lazy\" decoding=\"async\" src=\"https:\/\/www.vorspeisenplatte.de\/speisen\/archiv\/221006_07_AlterSuedfriedhof.jpg\" alt=\"\" width=\"423\" height=\"564\" class=\"alignnone size-full wp-image-80763\" \/><\/a><\/p>\n<p>Ich wollte am Wochenende Brot backen, machte mich also auf eine kleine Einkaufsrunde zum Hofbr\u00e4uhaus-M\u00fchlenladen und f\u00fcllte meine Mehl-Vorr\u00e4te auf. Auf dem R\u00fcckweg Semmelkauf f\u00fcr ein Fr\u00fchst\u00fcck kurz vor drei.<\/p>\n<p>Herr Kaltmamsell holte unseren Ernteanteil ab (Spinat!), dann machten wir uns auf den Weg nach Ingolstadt: Meine Mutter hatte Geburtstag, den wollten wir mit der Bruderfamilie feiern. Die Feiernde hatte sich gegen einen Restaurantbesuch entschieden, sie w\u00fcnschte sich die Familienrunde im eigenen Haus.<\/p>\n<p>Es war dann eine sehr fr\u00f6hliche Runde. Meine Mutter servierte polnisches Essen, erst mal Kanapki.<\/p>\n<p><a href=\"https:\/\/www.vorspeisenplatte.de\/speisen\/archiv\/221006_08_MamaGeburtstag.jpg\"><img loading=\"lazy\" decoding=\"async\" src=\"https:\/\/www.vorspeisenplatte.de\/speisen\/archiv\/221006_08_MamaGeburtstag.jpg\" alt=\"\" width=\"455\" height=\"284\" class=\"alignnone size-full wp-image-80764\" \/><\/a><\/p>\n<p>Als weitere G\u00e4nge gab es eine Pilzsuppe, dann wunderbar zarte gebratene Ente mit <a href=\"https:\/\/www.vorspeisenplatte.de\/rezepte\/kopitka-polnische-kartoffelnudeln.htm\" rel=\"noopener\" target=\"_blank\">Kopytka<\/a>, Blaukraut und Karottengem\u00fcse (f\u00fcr die Veganer*innen statt der Ente vegane Chicken Nuggets). Zum Nachtisch die traditionelle Rotweincreme, als vegane Alternative Blaubeeren mit Waffeln.<\/p>\n<p>Dazu viel Erz\u00e4hlens und Erinnerns. Unter anderem stellte sich heraus, dass mein Vater vor 20 Jahren auf seinem Jakobsweg doch nicht durch San Sebasti\u00e1n gekommen war: Er hatte mit seinem Freund Francisco (einem Basken aus Manurga bei Vitoria \u00fcbrigens) die &#8220;franz\u00f6sische Route&#8221; genommen, die weiter s\u00fcdlich \u00fcber Pamplona f\u00fchrt.<\/p>\n<p>Sp\u00e4t zu Bett, wir \u00fcbernachteten bei meinen Eltern. <img loading=\"lazy\" decoding=\"async\" src=\"https:\/\/vg08.met.vgwort.de\/na\/7b0ede4ed2b3423a9e0c729396148366\" width=\"1\" height=\"1\" alt=\"\"\/><\/p>\n","protected":false},"excerpt":{"rendered":"<p>(Heute mit gro\u00dfer Versp\u00e4tung ver\u00f6ffentlicht, weil Abwesenheit, dann n\u00f6tige Besorgungen, dann Besuch.) Nicht lang genug schlafen k\u00f6nnen, blieb halt mehr vom Morgen. Milchkaffee aus heimischer K\u00fcche mit neuer, induktionstauglicher Cafetera, n\u00e4mlich dieser. Doch auch auf unserem Induktionsherd dieselbe Erscheinung wie auf dem Ceran-Kochfeld der Ferienwohnung: Das Wasser wurde nur zu ca. 80 Prozent hochgekocht, im [&hellip;]<\/p>\n","protected":false},"author":2,"featured_media":0,"comment_status":"open","ping_status":"closed","sticky":false,"template":"","format":"standard","meta":{"footnotes":""},"categories":[6,2,1],"tags":[],"class_list":["post-80755","post","type-post","status-publish","format-standard","hentry","category-essen","category-fotos","category-general"],"_links":{"self":[{"href":"https:\/\/www.vorspeisenplatte.de\/speisen\/wp-json\/wp\/v2\/posts\/80755","targetHints":{"allow":["GET"]}}],"collection":[{"href":"https:\/\/www.vorspeisenplatte.de\/speisen\/wp-json\/wp\/v2\/posts"}],"about":[{"href":"https:\/\/www.vorspeisenplatte.de\/speisen\/wp-json\/wp\/v2\/types\/post"}],"author":[{"embeddable":true,"href":"https:\/\/www.vorspeisenplatte.de\/speisen\/wp-json\/wp\/v2\/users\/2"}],"replies":[{"embeddable":true,"href":"https:\/\/www.vorspeisenplatte.de\/speisen\/wp-json\/wp\/v2\/comments?post=80755"}],"version-history":[{"count":3,"href":"https:\/\/www.vorspeisenplatte.de\/speisen\/wp-json\/wp\/v2\/posts\/80755\/revisions"}],"predecessor-version":[{"id":80767,"href":"https:\/\/www.vorspeisenplatte.de\/speisen\/wp-json\/wp\/v2\/posts\/80755\/revisions\/80767"}],"wp:attachment":[{"href":"https:\/\/www.vorspeisenplatte.de\/speisen\/wp-json\/wp\/v2\/media?parent=80755"}],"wp:term":[{"taxonomy":"category","embeddable":true,"href":"https:\/\/www.vorspeisenplatte.de\/speisen\/wp-json\/wp\/v2\/categories?post=80755"},{"taxonomy":"post_tag","embeddable":true,"href":"https:\/\/www.vorspeisenplatte.de\/speisen\/wp-json\/wp\/v2\/tags?post=80755"}],"curies":[{"name":"wp","href":"https:\/\/api.w.org\/{rel}","templated":true}]}}