{"id":81320,"date":"2022-10-28T06:17:38","date_gmt":"2022-10-28T04:17:38","guid":{"rendered":"https:\/\/www.vorspeisenplatte.de\/speisen\/?p=81320"},"modified":"2022-10-28T06:17:38","modified_gmt":"2022-10-28T04:17:38","slug":"journal-donnerstag-27-oktober-2022-packerl-jagd","status":"publish","type":"post","link":"https:\/\/www.vorspeisenplatte.de\/speisen\/2022\/10\/journal-donnerstag-27-oktober-2022-packerl-jagd.htm","title":{"rendered":"Journal Donnerstag, 27. Oktober 2022 &#8211; Packerl-Jagd"},"content":{"rendered":"<p>Eine Stunde vor Weckerklingeln aus einem Stress-Traum erwacht, in dem ich in Paris per Auto unterwegs war und mich mithilfe von Google Maps zurechtfinden musste, auf meinem Smartphone-Bildschirm. Ich schlief aber nochmal ein.<\/p>\n<p>Ich sa\u00df schon im B\u00fcro, als es hell wurde zu einem sonnigen und f\u00fcr Herbst viel zu warmen Tag.<\/p>\n<p>Mittags gab es Apfel, dann Mango und Maracuja mit Joghurt.<\/p>\n<p>Insgesamt emsiger Arbeitstag, aber ohne belastende Aufregung.<\/p>\n<p>Spa\u00df mit dem Logistiker GLS. Als mich eine E-Mail des italienischen Strumpfhosen-Versenders \u00fcber das Abschicken des P\u00e4ckchens informierte, ich auf den Tracking-Link klickte und sah, dass GLS beauftragt worden war, sank mein Herz: Ich habe noch keine einzige problemlose Sendung \u00fcber GLS erlebt, musste immer k\u00e4mpfen oder erneute Lieferungen zahlen, um an meine Ware zu kommen. Da ich wusste, dass mich GLS \u00fcber keinen Schritt aktiv benachrichtigen w\u00fcrde, guckte ich zweimal t\u00e4glich ins Tracking &#8211; und fand heraus, dass die Zustellung f\u00fcr Mittwoch, 26.10. angesetzt war. Prima, Herr Kaltmamsell war den ganzen Tag daheim.<\/p>\n<p>Doch bis Mittwochabend war nichts geliefert wurden: Laut Tracking hatte man niemanden angetroffen, das 300-Gramm-Paket danach zu &#8220;Parcel Shop&#8221; gebracht. Ich schickte sofort eine panische E-Mail an den Versender in Italien und fragte, welcher &#8220;Parcel Shop&#8221; das bitte sein solle (es gibt allein bei uns im Viertel einige); ich war ja bereit, das Paket abzuholen, wenn ich nur wusste wo. Zum Gl\u00fcck antwortete der Absender gleich am n\u00e4chsten Morgen und konnte angeben, um welchen Shop es sich handelte. Happy end: Nach Feierabend machte ich gestern auf dem Heimweg einen Umweg dorthin und bekam mein P\u00e4ckchen.<\/p>\n<p><a href=\"https:\/\/www.vorspeisenplatte.de\/speisen\/archiv\/221027_04_StPaul.jpg\"><img loading=\"lazy\" decoding=\"async\" src=\"https:\/\/www.vorspeisenplatte.de\/speisen\/archiv\/221027_04_StPaul.jpg\" alt=\"\" width=\"363\" height=\"484\" class=\"alignnone size-full wp-image-81347\" \/><\/a><\/p>\n<p>Nochmal St. Paul vergoldet.<\/p>\n<p>Aber: Wenn ich nicht selbst aktiv geworden w\u00e4re und aufgepasst h\u00e4tte wie ein Haftlmacher, h\u00e4tte ich nichts davon erfahren, und das Paket w\u00e4re in zwei Wochen halt zur\u00fcckgeschickt worden (wie ich es schon erlebt habe &#8211; und GLS behauptete, ich sei sowohl \u00fcber die fehlgeschlagene Zustellung als auch \u00fcber den Abholungsort informiert worden). Also Tipp, wenn Sie an GLS geraten: Mindestens zweimal t\u00e4glich Tracking-Link checken und ein gutes Verh\u00e4ltnis zum Absender pflegen.<\/p>\n<p>Daheim turnte ich nochmal die leicht \u00fcberfordernde Runde Yoga mit Mady, zumindest wusste ich ja jetzt, welche \u00dcbungen\/Haltungen auf mich warteten.<\/p>\n<p>Da Herr Kaltmamsell am Freitag f\u00fcr ein paar Tage zum Monstert\u00f6ten verschwindet, erbat ich mir den gestern geholten Ernteanteilsalat f\u00fcr Freitagabend (ich esse Salat deutlich lieber als Herr Kaltmamsell) und zum gestrigen Nachtmahl den ebenfalls gelieferten Blumenkohl &#8211; den Herr Kaltmamsell viel besser zuzubereiten wei\u00df als ich.<\/p>\n<p><a href=\"https:\/\/www.vorspeisenplatte.de\/speisen\/archiv\/221027_07_Nachtmahl.jpg\"><img loading=\"lazy\" decoding=\"async\" src=\"https:\/\/www.vorspeisenplatte.de\/speisen\/archiv\/221027_07_Nachtmahl.jpg\" alt=\"\" width=\"302\" height=\"343\" class=\"alignnone size-full wp-image-81350\" \/><\/a><\/p>\n<p>Er servierte ihn mit einer Zwiebel-Sojahack-F\u00fcllung und im Ofen halb mit Semmelbr\u00f6sel, halb mit K\u00e4se \u00fcberbacken. <\/p>\n<p>Im Bett holte ich mir den neuen Iriving-Roman auf den Reader und fing <i>The Last Chairlift<\/i> an. <img loading=\"lazy\" decoding=\"async\" src=\"https:\/\/vg08.met.vgwort.de\/na\/a862caae6c424da6bc639c70f0e25cb4\" width=\"1\" height=\"1\" alt=\"\"\/><\/p>\n","protected":false},"excerpt":{"rendered":"<p>Eine Stunde vor Weckerklingeln aus einem Stress-Traum erwacht, in dem ich in Paris per Auto unterwegs war und mich mithilfe von Google Maps zurechtfinden musste, auf meinem Smartphone-Bildschirm. Ich schlief aber nochmal ein. Ich sa\u00df schon im B\u00fcro, als es hell wurde zu einem sonnigen und f\u00fcr Herbst viel zu warmen Tag. Mittags gab es [&hellip;]<\/p>\n","protected":false},"author":2,"featured_media":0,"comment_status":"open","ping_status":"closed","sticky":false,"template":"","format":"standard","meta":{"footnotes":""},"categories":[6,1],"tags":[],"class_list":["post-81320","post","type-post","status-publish","format-standard","hentry","category-essen","category-general"],"_links":{"self":[{"href":"https:\/\/www.vorspeisenplatte.de\/speisen\/wp-json\/wp\/v2\/posts\/81320","targetHints":{"allow":["GET"]}}],"collection":[{"href":"https:\/\/www.vorspeisenplatte.de\/speisen\/wp-json\/wp\/v2\/posts"}],"about":[{"href":"https:\/\/www.vorspeisenplatte.de\/speisen\/wp-json\/wp\/v2\/types\/post"}],"author":[{"embeddable":true,"href":"https:\/\/www.vorspeisenplatte.de\/speisen\/wp-json\/wp\/v2\/users\/2"}],"replies":[{"embeddable":true,"href":"https:\/\/www.vorspeisenplatte.de\/speisen\/wp-json\/wp\/v2\/comments?post=81320"}],"version-history":[{"count":3,"href":"https:\/\/www.vorspeisenplatte.de\/speisen\/wp-json\/wp\/v2\/posts\/81320\/revisions"}],"predecessor-version":[{"id":81354,"href":"https:\/\/www.vorspeisenplatte.de\/speisen\/wp-json\/wp\/v2\/posts\/81320\/revisions\/81354"}],"wp:attachment":[{"href":"https:\/\/www.vorspeisenplatte.de\/speisen\/wp-json\/wp\/v2\/media?parent=81320"}],"wp:term":[{"taxonomy":"category","embeddable":true,"href":"https:\/\/www.vorspeisenplatte.de\/speisen\/wp-json\/wp\/v2\/categories?post=81320"},{"taxonomy":"post_tag","embeddable":true,"href":"https:\/\/www.vorspeisenplatte.de\/speisen\/wp-json\/wp\/v2\/tags?post=81320"}],"curies":[{"name":"wp","href":"https:\/\/api.w.org\/{rel}","templated":true}]}}