{"id":83231,"date":"2023-01-01T06:50:08","date_gmt":"2023-01-01T05:50:08","guid":{"rendered":"https:\/\/www.vorspeisenplatte.de\/speisen\/?p=83231"},"modified":"2025-01-17T15:56:15","modified_gmt":"2025-01-17T14:56:15","slug":"journal-samstag-31-dezember-2022-schokolade-bei-cailler-giger-in-gruyeres","status":"publish","type":"post","link":"https:\/\/www.vorspeisenplatte.de\/speisen\/2023\/01\/journal-samstag-31-dezember-2022-schokolade-bei-cailler-giger-in-gruyeres.htm","title":{"rendered":"Journal Samstag, 31. Dezember 2022 &#8211; Schokolade bei Cailler, Giger in Gruy\u00e8res"},"content":{"rendered":"<p>Gut, aber nicht so lang geschlafen, wie m\u00f6glich gewesen w\u00e4re im ausgesprochen bequemen G\u00e4stebett unserer Freunde in bei Bern.<\/p>\n<p>Sie hatten einen Ausflug nach Gruy\u00e8res und das dortige Giger-Museum vorgeschlagen. Herr Kaltmamsell, der drei Bildb\u00e4nde von Giger besitzt, war sofort darauf angesprungen. Und weil es in der N\u00e4he auf dem Weg lag, au\u00dferdem das Giger-Museum erst nach Mittag \u00f6ffnete, war auch ein Besuch bei Cailler geplant.<\/p>\n<p>Nach Morgenkaffee lie\u00dfen wir uns bei hellem und milden Wetter im Auto der Gastgeber hinchauffieren.<\/p>\n<p><a href=\"https:\/\/www.vorspeisenplatte.de\/speisen\/archiv\/221231_01_Cailler.jpg\"><img loading=\"lazy\" decoding=\"async\" src=\"https:\/\/www.vorspeisenplatte.de\/speisen\/archiv\/221231_01_Cailler.jpg\" alt=\"\" width=\"363\" height=\"484\" class=\"alignnone size-full wp-image-83233\" \/><\/a><\/p>\n<p>Wir hatten Tickets f\u00fcr die 11.30-Uhr-F\u00fchrung dabei, rechts vom Geb\u00e4ude auf dem Foto ging es in den Besucherbereich. Er bestand aus einem riesigen und sehr gut besuchten Shop (ich h\u00f6rte Sprachen aus fast aller Herren L\u00e4nder) und dem Zugang zur F\u00fchrung, f\u00fcr den wir als Gruppe von zw\u00f6lf einen Audio-Guide in Wunschsprache umgeh\u00e4ngt bekamen. Und dann \u00f6ffnete sich die T\u00fcr zu einer Show in acht R\u00e4umen, in denen es Erl\u00e4uterungen zur Geschichte der Schokolade und der von Cailler gab:<\/p>\n<p><a href=\"https:\/\/www.vorspeisenplatte.de\/speisen\/archiv\/221231_02_Cailler.jpg\"><img loading=\"lazy\" decoding=\"async\" src=\"https:\/\/www.vorspeisenplatte.de\/speisen\/archiv\/221231_02_Cailler.jpg\" alt=\"\" width=\"443\" height=\"333\" class=\"alignnone size-full wp-image-83238\" \/><\/a><\/p>\n<p>In jedem der R\u00e4ume gab es  ein Kapitel in Form von B\u00fchnenbild mit Bewegung und Lichtf\u00fchrung, wirklich liebevoll und eindr\u00fccklich gestaltet (eines der Kapitel spielte in einem Schiffsbauch, in dem die kleine Schifflaterne \u00fcber unseren K\u00f6pfen sogar schwankte).<\/p>\n<p>Die T\u00fcr des letzten Raums (es war immer spannend, was im Raum sich als T\u00fcr zum n\u00e4chsten \u00f6ffnen w\u00fcrde) ging in einen Raum mit Erl\u00e4uterungen zu den Rohstoffen, die verarbeitet wurden (Kakaobohnen, Zucker, Mandeln, N\u00fcsse, Milch), von Anbau \u00fcber Beispiele zum Anfassen und Riechen.  Es gab auch eine kleine Show-Produktion, die die einzelnen Schritte der Schokoladenproduktion im Haus vorf\u00fchrte. Und schlie\u00dflich eine angeleitete Verkostung eines St\u00fcckchens Cailler-Schokolade, von Ansehen \u00fcber Anh\u00f6ren (wie klingt das Knacken einer Zartbitter- im Vergleich zur Vollmilchtafel), Riechen, Schmecken, Nachschmecken. Das war alles wirklich liebevoll und professionell gemacht.<\/p>\n<p>Im Shop hatte ich mich beim Warten auf unseren Termin-Slot bereits gr\u00fcndlich umgesehen, die abschlie\u00dfende Einkaufs-Eskalation verlief sehr strukturiert.<\/p>\n<p>Weiter im Auto nach Gruy\u00e8res, einem kleinen mittelalterlichen \u00d6rtchen auf dem Gipfel eines H\u00fcgels (ja: auch der K\u00e4se Gruy\u00e8re kommt von da, wir passierten Herstellungs- und Verkaufsstellen; und \u00fcberall wird Fondue angeboten).<\/p>\n<p>Der Parkplatz am Fu\u00df des H\u00fcgels war reichlich belegt, entsprechend ging es in den wenigen idyllischen G\u00e4sschen zu.<\/p>\n<p><a href=\"https:\/\/www.vorspeisenplatte.de\/speisen\/archiv\/221231_08_Gruyeres.jpg\"><img loading=\"lazy\" decoding=\"async\" src=\"https:\/\/www.vorspeisenplatte.de\/speisen\/archiv\/221231_08_Gruyeres.jpg\" alt=\"\" width=\"458\" height=\"593\" class=\"alignnone size-full \" \/><\/a><\/p>\n<p><a href=\"https:\/\/www.vorspeisenplatte.de\/speisen\/archiv\/221231_10_Gruyeres.jpg\"><img loading=\"lazy\" decoding=\"async\" src=\"https:\/\/www.vorspeisenplatte.de\/speisen\/archiv\/221231_10_Gruyeres.jpg\" alt=\"\" width=\"389\" height=\"476\" class=\"alignnone size-full wp-image-83242\" \/><\/a><\/p>\n<p><a href=\"https:\/\/www.hrgigermuseum.com\/\" rel=\"noopener\" target=\"_blank\">Das Giger-Museum<\/a> liegt in einem dieser idyllischen H\u00e4user. Das Geb\u00e4ude war sehr interessant, die Ausstellung schon auch &#8211; aber erwartbar.<\/p>\n<p><a href=\"https:\/\/www.vorspeisenplatte.de\/speisen\/archiv\/221231_11_GruyeresGiger.jpg\"><img loading=\"lazy\" decoding=\"async\" src=\"https:\/\/www.vorspeisenplatte.de\/speisen\/archiv\/221231_11_GruyeresGiger.jpg\" alt=\"\" width=\"363\" height=\"484\" class=\"alignnone size-full wp-image-83249\" \/><\/a><\/p>\n<p><a href=\"https:\/\/www.vorspeisenplatte.de\/speisen\/archiv\/221231_12_GruyeresGiger.jpg\"><img loading=\"lazy\" decoding=\"async\" src=\"https:\/\/www.vorspeisenplatte.de\/speisen\/archiv\/221231_12_GruyeresGiger.jpg\" alt=\"\" width=\"347\" height=\"406\" class=\"alignnone size-full wp-image-83250\" \/><\/a><br \/>\nNa gut: Mit unerwarteten Ausnahmen.<\/p>\n<p>&#8220;Visual Design&#8221;, die Disziplin, f\u00fcr die H.R. Giger seinen <i>Alien<\/i>-Oscar bekam, beschreibt sein Werk vielleicht am besten.<\/p>\n<p>Sehr sch\u00f6n waren die Aussichten aus den Fenstern des Museums.<\/p>\n<p><a href=\"https:\/\/www.vorspeisenplatte.de\/speisen\/archiv\/221231_18_GruyeresGiger.jpg\"><img loading=\"lazy\" decoding=\"async\" src=\"https:\/\/www.vorspeisenplatte.de\/speisen\/archiv\/221231_18_GruyeresGiger.jpg\" alt=\"\" width=\"380\" height=\"535\" class=\"alignnone size-full wp-image-83252\" \/><\/a><\/p>\n<p><a href=\"https:\/\/www.vorspeisenplatte.de\/speisen\/archiv\/221231_21_GruyeresGiger.jpg\"><img loading=\"lazy\" decoding=\"async\" src=\"https:\/\/www.vorspeisenplatte.de\/speisen\/archiv\/221231_21_GruyeresGiger.jpg\" alt=\"\" width=\"374\" height=\"486\" class=\"alignnone size-full wp-image-83253\" \/><\/a><\/p>\n<p><a href=\"https:\/\/www.vorspeisenplatte.de\/speisen\/archiv\/221231_22_GruyeresGiger.jpg\"><img loading=\"lazy\" decoding=\"async\" src=\"https:\/\/www.vorspeisenplatte.de\/speisen\/archiv\/221231_22_GruyeresGiger.jpg\" alt=\"\" width=\"314\" height=\"392\" class=\"alignnone size-full wp-image-83254\" \/><\/a><\/p>\n<p>Wir gaben uns die volle Packung und kehrten anschlie\u00dfend in das Giger-Caf\u00e9 auf der gegen\u00fcberliegenden Stra\u00dfenseite auf Getr\u00e4nke ein.<\/p>\n<p><a href=\"https:\/\/www.vorspeisenplatte.de\/speisen\/archiv\/221231_25_GruyeresGiger.jpg\"><img loading=\"lazy\" decoding=\"async\" src=\"https:\/\/www.vorspeisenplatte.de\/speisen\/archiv\/221231_25_GruyeresGiger.jpg\" alt=\"\" width=\"363\" height=\"459\" class=\"alignnone size-full wp-image-83259\" \/><\/a><\/p>\n<p>Abschlie\u00dfender Spaziergang durch Gruy\u00e8res und um die Burg.<\/p>\n<p><a href=\"https:\/\/www.vorspeisenplatte.de\/speisen\/archiv\/221231_27_Gruyeres.jpg\"><img loading=\"lazy\" decoding=\"async\" src=\"https:\/\/www.vorspeisenplatte.de\/speisen\/archiv\/221231_27_Gruyeres.jpg\" alt=\"\" width=\"362\" height=\"312\" class=\"alignnone size-full wp-image-83260\" \/><\/a><\/p>\n<p><a href=\"https:\/\/www.vorspeisenplatte.de\/speisen\/archiv\/221231_29_Gruyeres.jpg\"><img loading=\"lazy\" decoding=\"async\" src=\"https:\/\/www.vorspeisenplatte.de\/speisen\/archiv\/221231_29_Gruyeres.jpg\" alt=\"\" width=\"452\" height=\"444\" class=\"alignnone size-full wp-image-83261\" \/><\/a><\/p>\n<p><a href=\"https:\/\/www.vorspeisenplatte.de\/speisen\/archiv\/221231_32_Gruyeres.jpg\"><img loading=\"lazy\" decoding=\"async\" src=\"https:\/\/www.vorspeisenplatte.de\/speisen\/archiv\/221231_32_Gruyeres.jpg\" alt=\"\" width=\"517\" height=\"418\" class=\"alignnone size-full wp-image-83262\" \/><\/a><\/p>\n<p>Nach R\u00fcckkehr gelassender Silvesterabend bei den Freunden bei Bern. Herr Kaltmamsell erkundete die Bibliothek.<\/p>\n<p><a href=\"https:\/\/www.vorspeisenplatte.de\/speisen\/archiv\/221231_36_Schlosswill.jpg\"><img loading=\"lazy\" decoding=\"async\" src=\"https:\/\/www.vorspeisenplatte.de\/speisen\/archiv\/221231_36_Schlosswill.jpg\" alt=\"\" width=\"454\" height=\"372\" class=\"alignnone size-full wp-image-83264\" \/><\/a><\/p>\n<p><a href=\"https:\/\/www.vorspeisenplatte.de\/speisen\/archiv\/221231_34_Schlosswill.jpg\"><img loading=\"lazy\" decoding=\"async\" src=\"https:\/\/www.vorspeisenplatte.de\/speisen\/archiv\/221231_34_Schlosswill.jpg\" alt=\"\" width=\"302\" height=\"403\" class=\"alignnone size-full wp-image-83263\" \/><\/a><\/p>\n<p>Es gab k\u00f6stliches Abendessen, das mit Franciacorta begann (die Gastgebenden argumentierten, dass bei unserer Veranlagung nicht sicher sei, ob wir zu Mitternacht noch ansto\u00dff\u00e4hig sein w\u00fcrden, also zogen wir den guten Schaumwein lieber vor).<\/p>\n<p>Ein Sch\u00e4lchen \u00f6rtlichen Feldsalat mit Tom\u00e4tchen, w\u00fcrzige griechische Auberginen aus der Pfanne, Rinderzunge mit Kapernsauce und Reis (meine erste Rinderzunge natur, ich kenne sie sonst nur gep\u00f6kelt, ger\u00e4uchert &#8211; oder beides, ohne schmeckt sie viel intensiver nach Rind), Vermicelles mit Meringe und Sahne &#8211; alles ganz wunderbar und von Weinen aus dem Tessin begleitet.<\/p>\n<p>Es waren definitiv die idealen Freunde zum Silvesterfreiern: Wir gingen ganz normal vor elf ins Bett, am Sonntag ist ein Ausflug auf einen Berg geplant. <img loading=\"lazy\" decoding=\"async\" src=\"https:\/\/vg08.met.vgwort.de\/na\/f6c19ba7181846eb8b40cdc3ac53d71a\" width=\"1\" height=\"1\" alt=\"\"\/><\/p>\n","protected":false},"excerpt":{"rendered":"<p>Gut, aber nicht so lang geschlafen, wie m\u00f6glich gewesen w\u00e4re im ausgesprochen bequemen G\u00e4stebett unserer Freunde in bei Bern. Sie hatten einen Ausflug nach Gruy\u00e8res und das dortige Giger-Museum vorgeschlagen. Herr Kaltmamsell, der drei Bildb\u00e4nde von Giger besitzt, war sofort darauf angesprungen. Und weil es in der N\u00e4he auf dem Weg lag, au\u00dferdem das Giger-Museum [&hellip;]<\/p>\n","protected":false},"author":2,"featured_media":0,"comment_status":"open","ping_status":"closed","sticky":false,"template":"","format":"standard","meta":{"footnotes":""},"categories":[6,2,1],"tags":[],"class_list":["post-83231","post","type-post","status-publish","format-standard","hentry","category-essen","category-fotos","category-general"],"_links":{"self":[{"href":"https:\/\/www.vorspeisenplatte.de\/speisen\/wp-json\/wp\/v2\/posts\/83231","targetHints":{"allow":["GET"]}}],"collection":[{"href":"https:\/\/www.vorspeisenplatte.de\/speisen\/wp-json\/wp\/v2\/posts"}],"about":[{"href":"https:\/\/www.vorspeisenplatte.de\/speisen\/wp-json\/wp\/v2\/types\/post"}],"author":[{"embeddable":true,"href":"https:\/\/www.vorspeisenplatte.de\/speisen\/wp-json\/wp\/v2\/users\/2"}],"replies":[{"embeddable":true,"href":"https:\/\/www.vorspeisenplatte.de\/speisen\/wp-json\/wp\/v2\/comments?post=83231"}],"version-history":[{"count":3,"href":"https:\/\/www.vorspeisenplatte.de\/speisen\/wp-json\/wp\/v2\/posts\/83231\/revisions"}],"predecessor-version":[{"id":105197,"href":"https:\/\/www.vorspeisenplatte.de\/speisen\/wp-json\/wp\/v2\/posts\/83231\/revisions\/105197"}],"wp:attachment":[{"href":"https:\/\/www.vorspeisenplatte.de\/speisen\/wp-json\/wp\/v2\/media?parent=83231"}],"wp:term":[{"taxonomy":"category","embeddable":true,"href":"https:\/\/www.vorspeisenplatte.de\/speisen\/wp-json\/wp\/v2\/categories?post=83231"},{"taxonomy":"post_tag","embeddable":true,"href":"https:\/\/www.vorspeisenplatte.de\/speisen\/wp-json\/wp\/v2\/tags?post=83231"}],"curies":[{"name":"wp","href":"https:\/\/api.w.org\/{rel}","templated":true}]}}