{"id":83453,"date":"2023-01-09T06:24:51","date_gmt":"2023-01-09T05:24:51","guid":{"rendered":"https:\/\/www.vorspeisenplatte.de\/speisen\/?p=83453"},"modified":"2023-01-09T10:52:52","modified_gmt":"2023-01-09T09:52:52","slug":"journal-sonntag-8-januar-2023-ein-nachmittag-mit-den-olympischen-spielen-von-1972","status":"publish","type":"post","link":"https:\/\/www.vorspeisenplatte.de\/speisen\/2023\/01\/journal-sonntag-8-januar-2023-ein-nachmittag-mit-den-olympischen-spielen-von-1972.htm","title":{"rendered":"Journal Sonntag, 8. Januar 2023 &#8211; Ein Nachmittag mit den Olympischen Spielen von 1972"},"content":{"rendered":"<p>Fr\u00fch und erfrischt aufgewacht.<\/p>\n<p><a href=\"https:\/\/www.vorspeisenplatte.de\/speisen\/archiv\/230108_01_StMatthaeus.jpg\"><img loading=\"lazy\" decoding=\"async\" src=\"https:\/\/www.vorspeisenplatte.de\/speisen\/archiv\/230108_01_StMatthaeus.jpg\" alt=\"\" width=\"332\" height=\"457\" class=\"alignnone size-full wp-image-83462\" \/><\/a><\/p>\n<p>7:30 Uhr<\/p>\n<p><a href=\"https:\/\/www.vorspeisenplatte.de\/speisen\/archiv\/230108_02_StMatthaeus.jpg\"><img loading=\"lazy\" decoding=\"async\" src=\"https:\/\/www.vorspeisenplatte.de\/speisen\/archiv\/230108_02_StMatthaeus.jpg\" alt=\"\" width=\"315\" height=\"421\" class=\"alignnone size-full wp-image-83463\" \/><\/a><\/p>\n<p>7:35 Uhr<\/p>\n<p>Nach dem Bloggen recherchierte ich endlich ein paar Stunden lang Unterk\u00fcnfte f\u00fcr den Gro\u00dffamilienurlaub in Madrid. Unerwartet gro\u00dfen Erfolg und Spa\u00df gehabt, auch an der Zusammenfassung als Entscheidungsvorlage f\u00fcr die Bruderfamilie.<\/p>\n<p>In \u00fcberdurchschnittlich guter Stimmung ging ich raus zum Laufen (an sich hatte ich Hanteltraining geplant, aber dann viel mehr Lust auf Drau\u00dfen und Laufen gehabt). Da es bereits nach elf war, entschied ich mich f\u00fcr die Mehr-Netto-vom-Brutto-Route \u00fcber Alten S\u00fcdfriedhof nach Thalkirchen, um den Hinterbr\u00fchler See und \u00fcber Flaucher zur\u00fcck. Grauer Himmel, die Luft k\u00e4lter als erwartet, doch ich f\u00fchlte mich geradezu vergn\u00fcgt.<\/p>\n<p><a href=\"https:\/\/www.vorspeisenplatte.de\/speisen\/archiv\/230108_03_Thalkirchen.jpg\"><img loading=\"lazy\" decoding=\"async\" src=\"https:\/\/www.vorspeisenplatte.de\/speisen\/archiv\/230108_03_Thalkirchen.jpg\" alt=\"\" width=\"508\" height=\"418\" class=\"alignnone size-full \" \/><\/a><\/p>\n<p>Kaffeestandl an der Br\u00fccke Maria Einsiedel. Am Flaucher wurde gem\u00fctlich gesessen &#8211; aber auch gebadet.<\/p>\n<p><a href=\"https:\/\/www.vorspeisenplatte.de\/speisen\/archiv\/230108_06_BraunauerBr.jpg\"><img loading=\"lazy\" decoding=\"async\" src=\"https:\/\/www.vorspeisenplatte.de\/speisen\/archiv\/230108_06_BraunauerBr.jpg\" alt=\"\" width=\"484\" height=\"363\" class=\"alignnone size-full wp-image-83466\" \/><\/a><\/p>\n<p>Unter der Braunauer Eisenbahnbr\u00fccke.<\/p>\n<p>Gut 100 Minuten Lauf, der K\u00f6rper spielte geschmeidig mit.<\/p>\n<p>Fr\u00fchst\u00fcck um zwei: Eine dicke Scheibe selbstgebackenes Bauerbrot mit Nocilla, au\u00dferdem Granatapfelkerne mit Sojajoghurt.<\/p>\n<p>Der Himmel wurde immer d\u00fcsterer. Ich hatte den Tipp bekommen, dass <a href=\"http:\/\/M\u00fcnchen 72. Mode, Menschen und Musik\" rel=\"noopener\" target=\"_blank\">die Ausstellung im Stadtmuseum &#8220;M\u00fcnchen 72. Mode, Menschen und Musik&#8221;<\/a> verl\u00e4ngert worden sei: Genau das Richtige f\u00fcr einen kalten und dunklen Januarsonntagnachmittag.<\/p>\n<p><a href=\"https:\/\/www.vorspeisenplatte.de\/speisen\/archiv\/230108_08_Stadtmuseum.jpg\"><img loading=\"lazy\" decoding=\"async\" src=\"https:\/\/www.vorspeisenplatte.de\/speisen\/archiv\/230108_08_Stadtmuseum.jpg\" alt=\"\" width=\"333\" height=\"444\" class=\"alignnone size-full wp-image-83468\" \/><\/a><\/p>\n<p>Die beiden Plakate oben gefallen mir besonders gut.<\/p>\n<p>Die Ausstellung mochte ich sehr, unter anderem weil sie die gestalterischen Elemente nicht nur auf Otl Aicher zur\u00fcckf\u00fchrt, <a href=\"https:\/\/muenchen72.muenchner-stadtmuseum.de\/olympische-spurensuche\/station-9\" rel=\"noopener\" target=\"_blank\">sondern das Team der Abteilung XI als Sch\u00f6pfer nennt<\/a>, oft auch konkrete Mitarbeitende daraus. Es kommen Zeitzeuginnen zu Wort, fast bei jedem Aspekt wird der m\u00f6rderische Terroranschlag auf die israelische Mannschaft thematisiert, zus\u00e4tzlich zum eigenen Ausstellungspunkt dar\u00fcber.<\/p>\n<p><a href=\"https:\/\/www.vorspeisenplatte.de\/speisen\/archiv\/230108_09_Stadtmuseum.jpg\"><img loading=\"lazy\" decoding=\"async\" src=\"https:\/\/www.vorspeisenplatte.de\/speisen\/archiv\/230108_09_Stadtmuseum.jpg\" alt=\"\" width=\"427\" height=\"380\" class=\"alignnone size-full wp-image-83469\" \/><\/a><\/p>\n<p>Beim Thema Bau der Sportanlagen werden die migrantischen Arbeiter*innen sichtbar gemacht, die die H\u00e4lfte des Personals stellten.<\/p>\n<p>Und so viele Originalgegenst\u00e4nde, -kleidung, Fotos und Geschichten aus Privatbest\u00e4nden und -erinnerungen!<\/p>\n<p>Zur\u00fcck daheim schlug wieder mein Kreislauf Purzelb\u00e4ume (Schwindel, mehr Schwindel und Ungem\u00fctlichkeit, dann Fr\u00f6steln und Schw\u00e4che mit Schwei\u00dfausbruch &#8211; deutlich unterscheidbar von menopausalen Glutattacken), danach wurde mir den ganzen Nachmittag und Abend nicht mehr richtig warm.<\/p>\n<p>Herr Kaltmamsell servierte zum Nachtmahl eine Gem\u00fcse-Quiche, ganz hervorragend. Nachtisch M\u00fcsli:<\/p>\n<p><a href=\"https:\/\/www.vorspeisenplatte.de\/speisen\/archiv\/230108_11_Cailler.jpg\"><img loading=\"lazy\" decoding=\"async\" src=\"https:\/\/www.vorspeisenplatte.de\/speisen\/archiv\/230108_11_Cailler.jpg\" alt=\"\" width=\"402\" height=\"223\" class=\"alignnone size-full wp-image-83461\" \/><\/a><\/p>\n<p>Und Schokolade.<\/p>\n<p>F\u00fcrs Bett machte ich mir nach Wochen mal wieder eine W\u00e4rmflasche hei\u00df.<\/p>\n<p>\u00a7<\/p>\n<p>Zeitreisen! W\u00e4hrend mir vor allem Zeitziele einfallen, die mit meiner oder der Vergangenheit meiner engsten Verwandten zu tun haben, spekulieren andere deutlich seri\u00f6ser. Zum Beispiel dar\u00fcber, wie man als heutiger Mensch im Mittelalter \u00fcberleben k\u00f6nnte:<br \/>\n<a href=\"https:\/\/www.medievalists.net\/2022\/01\/how-you-could-survive-middle-ages\/\" rel=\"noopener\" target=\"_blank\">&#8220;How you could survive (and prosper) in the Middle Ages&#8221;.<\/a><\/p>\n<p>Tipp: Lesen und Rechnen zu k\u00f6nnen, sichert durchaus Lebensunterhalt.<\/p>\n<p>\u00a7<\/p>\n<p>Der geb\u00fcrtige S\u00fcdafrikaner Trevor Noah erz\u00e4hlt vom Moment, <a href=\"https:\/\/www.tiktok.com\/@thedailyshow\/video\/7175898095182548270?_r=1&#038;_t=8YqE6lQhXyH&#038;is_from_webapp=v1&#038;item_id=7175898095182548270\" rel=\"noopener\" target=\"_blank\">in dem er New York begriff<\/a>.<\/p>\n<p>via <a href=\"https:\/\/fnordon.de\/@ankegroener\" rel=\"noopener\" target=\"_blank\">@ankegroener<\/a> <img loading=\"lazy\" decoding=\"async\" src=\"https:\/\/vg08.met.vgwort.de\/na\/57b98c4446b84896bd357da51a8d12f9\" width=\"1\" height=\"1\" alt=\"\"\/><\/p>\n","protected":false},"excerpt":{"rendered":"<p>Fr\u00fch und erfrischt aufgewacht. 7:30 Uhr 7:35 Uhr Nach dem Bloggen recherchierte ich endlich ein paar Stunden lang Unterk\u00fcnfte f\u00fcr den Gro\u00dffamilienurlaub in Madrid. Unerwartet gro\u00dfen Erfolg und Spa\u00df gehabt, auch an der Zusammenfassung als Entscheidungsvorlage f\u00fcr die Bruderfamilie. In \u00fcberdurchschnittlich guter Stimmung ging ich raus zum Laufen (an sich hatte ich Hanteltraining geplant, aber [&hellip;]<\/p>\n","protected":false},"author":2,"featured_media":0,"comment_status":"open","ping_status":"closed","sticky":false,"template":"","format":"standard","meta":{"footnotes":""},"categories":[6,1],"tags":[],"class_list":["post-83453","post","type-post","status-publish","format-standard","hentry","category-essen","category-general"],"_links":{"self":[{"href":"https:\/\/www.vorspeisenplatte.de\/speisen\/wp-json\/wp\/v2\/posts\/83453","targetHints":{"allow":["GET"]}}],"collection":[{"href":"https:\/\/www.vorspeisenplatte.de\/speisen\/wp-json\/wp\/v2\/posts"}],"about":[{"href":"https:\/\/www.vorspeisenplatte.de\/speisen\/wp-json\/wp\/v2\/types\/post"}],"author":[{"embeddable":true,"href":"https:\/\/www.vorspeisenplatte.de\/speisen\/wp-json\/wp\/v2\/users\/2"}],"replies":[{"embeddable":true,"href":"https:\/\/www.vorspeisenplatte.de\/speisen\/wp-json\/wp\/v2\/comments?post=83453"}],"version-history":[{"count":3,"href":"https:\/\/www.vorspeisenplatte.de\/speisen\/wp-json\/wp\/v2\/posts\/83453\/revisions"}],"predecessor-version":[{"id":83482,"href":"https:\/\/www.vorspeisenplatte.de\/speisen\/wp-json\/wp\/v2\/posts\/83453\/revisions\/83482"}],"wp:attachment":[{"href":"https:\/\/www.vorspeisenplatte.de\/speisen\/wp-json\/wp\/v2\/media?parent=83453"}],"wp:term":[{"taxonomy":"category","embeddable":true,"href":"https:\/\/www.vorspeisenplatte.de\/speisen\/wp-json\/wp\/v2\/categories?post=83453"},{"taxonomy":"post_tag","embeddable":true,"href":"https:\/\/www.vorspeisenplatte.de\/speisen\/wp-json\/wp\/v2\/tags?post=83453"}],"curies":[{"name":"wp","href":"https:\/\/api.w.org\/{rel}","templated":true}]}}