{"id":83483,"date":"2023-01-10T06:30:00","date_gmt":"2023-01-10T05:30:00","guid":{"rendered":"https:\/\/www.vorspeisenplatte.de\/speisen\/?p=83483"},"modified":"2023-01-10T12:10:15","modified_gmt":"2023-01-10T11:10:15","slug":"journal-montag-9-januar-2023-zweiter-arbeitsanfang","status":"publish","type":"post","link":"https:\/\/www.vorspeisenplatte.de\/speisen\/2023\/01\/journal-montag-9-januar-2023-zweiter-arbeitsanfang.htm","title":{"rendered":"Journal Montag, 9. Januar 2023 &#8211; Zweiter Arbeitsanfang"},"content":{"rendered":"<p>\u00c4chz. Vergangene Woche war wohl nur eine \u00dcbung, die gro\u00dfe Arbeits-Neujahrswelle kam erst am gestrigen Montag.<\/p>\n<p>Mein Nachtschlaf schien das geahnt zu haben: Nach Langem wieder eine wirklich schlechte Nacht mit vielfachem Aufwachen (allerdings nicht das klimakterische ZACK!), \u00fcblen Gef\u00fchlen, Schlaf nur bis f\u00fcnf. D\u00fcsterer Himmel, nasskalte Luft. Seit Sonntag ging mir <a href=\"http:\/\/hotelmama.it\/2023\/01\/megaherz\/\" rel=\"noopener\" target=\"_blank\">eine wunderbare Formulierung auf Hotel Mama<\/a> durch den Kopf:<\/p>\n<blockquote><p>januar ist wie nachts losfahren, um irgendwann im tag anzukommen, man muss da halt durch, die langen dunklen stunden ohne anfang und ende, ich mag das eigentlich, aber der weg ans licht ist im allgemeinen und besonders in berlin viel zu weit, es wird wieder dunkel, wenn ich gerade wach geworden bin, und danach ist dann februar.<\/p><\/blockquote>\n<p>Im B\u00fcro hatte ich eine hocheffiziente halbe Stunde (Privileg von uns Lerchen), bevor das ganze Haus sein Arbeitsjahr startete, &#8220;gutes neues Jahr&#8221;. Mit hoher Schlagzahl, &#8220;ein gesundes neues Jahr!&#8221;, auch menschlich, &#8220;erst mal ein gutes neues!&#8221;, ging es durch bis vier, &#8220;frohes neues!&#8221;, allerdings hatte ich eisern fast eine halbe Stunde Mittag gemacht, mit einer Mandarine, einem Kanten Brot, einem Becher H\u00fcttenk\u00e4se, der <i>S\u00fcddeutschen<\/i> vom Tage. Dann erst kam ich wieder zu mir und konnte mich sortieren.<\/p>\n<p>Dabei hatte ich gestern <a href=\"https:\/\/www.instagram.com\/p\/Ck7l0eJMS75\/\" rel=\"noopener\" target=\"_blank\">extra dieses Outfit gew\u00e4hlt<\/a>. <\/p>\n<p>Ich bin draufgekommen, warum ich mit steigendem Alter immer mehr Vergn\u00fcgen an auffallend albernen Outfits habe (die Neigung war allerdings schon immer da): Ich bilde mir ein, dass bei deutlich nicht-jungen Frauen nicht H\u00fcbschizit\u00e4t oder Attraktivit\u00e4t als Ziel unterstellt wird.<br \/>\nGestern freute mich, dass ein Stadtwerke-Handwerker, mit dem ich in der Teek\u00fcche ein wenig plauderte, mich komplimentierte: &#8220;Guad schaung&#8217;S aus!&#8221;. (Noch mehr freute mich, dass er auf meine Reaktion &#8220;Danke sch\u00f6n! Ist Absicht.&#8221; herzlich lachte.)<\/p>\n<p>Auf dem Heimweg, es war fast schon winterkalt, ging ich im Vollcorner vorbei &#8211; wo ich \u00fcberraschend wenig von meiner Einkaufsliste bekam. Zu Hause erst mal eine Runde Yoga, sie tat gut.<\/p>\n<p>Als Nachtmahl war der Rest der sonntagabendlichen Gem\u00fcsequiche geplant, doch Herr Kaltmamsell servierte davor auch noch ein Tellerchen hei\u00dfe Linsensuppe. Zur Quiche machte ich ein wenig Ruccola-Salat. Nachtisch einige Erdnusskekse, die Herr Kaltmamsell gestern gebacken hatte (Sabbatical ist toll), au\u00dferdem Schokolade &#8211; dass die Cailler-Milchschokolade haupts\u00e4chlich aus gezuckerter Kondensmilch besteht, schmeckt man. Ich bin noch nicht sicher, ob ich das mag.<\/p>\n<p>\u00a7<\/p>\n<p>Dirk Knipphals verabschiedet sich:<br \/>\n<a href=\"https:\/\/taz.de\/Autofahren-als-Freiheitsversprechen\/!5903502\/\" rel=\"noopener\" target=\"_blank\">&#8220;Autofahren als Freiheitsversprechen:<br \/>\nStets auf Achse&#8221;.<\/a><\/p>\n<blockquote><p>Die Mutter unseres Autors war immerzu Automobilistin. Sie lebt nun im Heim und ihr Sohn reist am Steuer ihres letzten Wagens zur\u00fcck in die Vergangenheit.<\/p><\/blockquote>\n<p> <img loading=\"lazy\" decoding=\"async\" src=\"https:\/\/vg08.met.vgwort.de\/na\/7ad57e41e0df469298341e11650b5fa8\" width=\"1\" height=\"1\" alt=\"\"\/><\/p>\n","protected":false},"excerpt":{"rendered":"<p>\u00c4chz. Vergangene Woche war wohl nur eine \u00dcbung, die gro\u00dfe Arbeits-Neujahrswelle kam erst am gestrigen Montag. Mein Nachtschlaf schien das geahnt zu haben: Nach Langem wieder eine wirklich schlechte Nacht mit vielfachem Aufwachen (allerdings nicht das klimakterische ZACK!), \u00fcblen Gef\u00fchlen, Schlaf nur bis f\u00fcnf. D\u00fcsterer Himmel, nasskalte Luft. Seit Sonntag ging mir eine wunderbare Formulierung [&hellip;]<\/p>\n","protected":false},"author":2,"featured_media":0,"comment_status":"open","ping_status":"closed","sticky":false,"template":"","format":"standard","meta":{"footnotes":""},"categories":[1],"tags":[],"class_list":["post-83483","post","type-post","status-publish","format-standard","hentry","category-general"],"_links":{"self":[{"href":"https:\/\/www.vorspeisenplatte.de\/speisen\/wp-json\/wp\/v2\/posts\/83483","targetHints":{"allow":["GET"]}}],"collection":[{"href":"https:\/\/www.vorspeisenplatte.de\/speisen\/wp-json\/wp\/v2\/posts"}],"about":[{"href":"https:\/\/www.vorspeisenplatte.de\/speisen\/wp-json\/wp\/v2\/types\/post"}],"author":[{"embeddable":true,"href":"https:\/\/www.vorspeisenplatte.de\/speisen\/wp-json\/wp\/v2\/users\/2"}],"replies":[{"embeddable":true,"href":"https:\/\/www.vorspeisenplatte.de\/speisen\/wp-json\/wp\/v2\/comments?post=83483"}],"version-history":[{"count":3,"href":"https:\/\/www.vorspeisenplatte.de\/speisen\/wp-json\/wp\/v2\/posts\/83483\/revisions"}],"predecessor-version":[{"id":83504,"href":"https:\/\/www.vorspeisenplatte.de\/speisen\/wp-json\/wp\/v2\/posts\/83483\/revisions\/83504"}],"wp:attachment":[{"href":"https:\/\/www.vorspeisenplatte.de\/speisen\/wp-json\/wp\/v2\/media?parent=83483"}],"wp:term":[{"taxonomy":"category","embeddable":true,"href":"https:\/\/www.vorspeisenplatte.de\/speisen\/wp-json\/wp\/v2\/categories?post=83483"},{"taxonomy":"post_tag","embeddable":true,"href":"https:\/\/www.vorspeisenplatte.de\/speisen\/wp-json\/wp\/v2\/tags?post=83483"}],"curies":[{"name":"wp","href":"https:\/\/api.w.org\/{rel}","templated":true}]}}