{"id":83499,"date":"2023-01-11T06:26:29","date_gmt":"2023-01-11T05:26:29","guid":{"rendered":"https:\/\/www.vorspeisenplatte.de\/speisen\/?p=83499"},"modified":"2023-01-11T08:16:11","modified_gmt":"2023-01-11T07:16:11","slug":"journal-dienstag-10-januar-2023-wir-lernen-lindy-hop","status":"publish","type":"post","link":"https:\/\/www.vorspeisenplatte.de\/speisen\/2023\/01\/journal-dienstag-10-januar-2023-wir-lernen-lindy-hop.htm","title":{"rendered":"Journal Dienstag, 10. Januar 2023 &#8211; Wir lernen Lindy Hop"},"content":{"rendered":"<p>Diesmal wieder eine Nacht mit normal gutem Schlaf.<\/p>\n<p>Das Drau\u00dfen war d\u00fcster und kalt.<\/p>\n<p>In der Arbeit weiter einiges Tempo und viele Menschen. Sp\u00e4te Mittagspause mit Clementine, au\u00dferdem Granatapfelkerne (ich habe meine Energie f\u00fcrs Puhlen zur\u00fcck) in Mandeljoghurt (ausprobiert, weil es keinen Sojajoghurt gab &#8211; schmeckt mir nicht so gut).<\/p>\n<p><a href=\"https:\/\/www.vorspeisenplatte.de\/speisen\/archiv\/230110_01_Granatapfeljoghurt.jpg\"><img loading=\"lazy\" decoding=\"async\" src=\"https:\/\/www.vorspeisenplatte.de\/speisen\/archiv\/230110_01_Granatapfeljoghurt.jpg\" alt=\"\" width=\"302\" height=\"358\" class=\"alignnone size-full wp-image-83531\" \/><\/a><\/p>\n<p>Sah aus wie Bubble Tea.<\/p>\n<p>Leider fror ich wieder den ganzen Tag im B\u00fcro, trotz Kaschmipulli mit Untershirt. Ich werde also wieder zu den dicken Pullis greifen m\u00fcssen.<\/p>\n<p>Recht p\u00fcnktlicher Feierabend, ich hatte ja noch etwas vor. Und besuchte davor nochmal den Leder Baumann beim Sendlinger Tor, um einen G\u00fcrtel anfertigen zu lassen &#8211; jetzt ist aber die halbe Familie versorgt.<\/p>\n<p>Eine der selten besungenen Eigenheiten des s\u00fcdlichen Bahnhofsviertels von M\u00fcnchen ist seine absurd hohe Dichte an Tanzschulen, je n\u00e4her am Deutschen Theater, desto dichter (es gibt auch eine <i>im<\/i> Deutschen Theater). Vor allem an der Sonnenstra\u00dfe und der Schwanthalerstra\u00dfe stapeln sich die Tanzschulen und -studios, ob Salsa, Flamenco, Step- oder Turniertanz. (Mag vielleicht mal eine Lokaljournalistin herausfinden, woran das liegt?) In einer davon, einer klassischen Tanzschule, <a href=\"https:\/\/www.vorspeisenplatte.de\/speisen\/2012\/10\/auszeitjournal-freitag-5-oktober-2012-unsa-oide-kath.htm\" rel=\"noopener\" target=\"_blank\">hatte ich vor zehn Jahren schon mal Zwiefachen gelernt<\/a>. Mit Herrn Kaltmamsell ging ich gestern Abend in eine Tanzschule im Geb\u00e4udekomplex des City-Kinos: Wir wollten endlich Lindy Hop lernen. Die Tanzschule Vintage Club, bei der wir uns angemeldet hatten, sitzt im 3. Stock, wir passierten auf dem Weg hinauf den Tanzsportverein Gelb-Scharz-Casino im 2. Stock.<\/p>\n<p>Wir tanzen ja beide gern, und Lindy Hop hatten wir seit Jahren lernen wollen &#8211; Herr Kaltmamsell besitzt sogar das passende Outfit. Doch erst kam Corona, dann musste ich eine Weile stupsen, Ende letzten Jahres musste Herr Kaltmamsell stupsen, jetzt waren wir endlich beisammen. Und mit uns sehr, sehr viele andere Tanzwillige &#8211; ich hatte mal wieder den Neujahrsimpuls untersch\u00e4tzt.<\/p>\n<p>\u00dcberrascht war ich auch davon, dass wir von eher jungen Leuten umgeben waren, bei der Anmeldung wurden viele Studierdendenausweise gezeigt, diese Leute sprachlich sehr international (auf die Frage des Tanzlehrers, ob jemand kein Deutsch spreche, meldete sich aber niemand) &#8211; ich hatte nicht erwartet, dass wir zu den \u00e4ltesten z\u00e4hlen w\u00fcrden. Der Tanzsaal aber sah gar nicht \u00fcberraschend aus: Ein wenig Flitter und eine Diskokugel an der Decke, Spiegel an einer Wandseite, Tanzboden aus Parkett (&#8220;Keine Stra\u00dfenschuhe!&#8221;), eine kleine Bar, darin die Quelle der Musik. Die Gestaltung eher auf Arbeitsebene, ein sehr gro\u00dfer Unterschied zu dem feinen und durchgestylten Pl\u00fcsch meiner Tanzkurse als Teenager (Tanzschule Fischer in Ingolstadt, &#8220;Tanz mit dem Weltmeister&#8221;).<\/p>\n<p>Wiederum erwartungsgem\u00e4\u00df wurde in Leader und Follower unterteilt (auf einem gro\u00dfen Fest vor ein paar Jahren hatte ich meine erste Lindy-Hop-Einf\u00fchrung bekommen und das bereits erlebt), wobei die Follower ausschlie\u00dflich Frauen waren, die Leader zu 90 Prozent. Und dann lernten wir 6 count, 8 count und 10 count Grundschritte &#8211; beim Lindy Hop muss der Leader sogar den Grundschritt bestimmen und f\u00fchren. Das Ganze involvierte regelm\u00e4\u00dfige Partnerwechsel, auch darauf war ich vorbereitet; und obwohl ich innerlich davor zur\u00fcckschrecke (-> fremde Menschen), wei\u00df ich aus Erfahrung (Volkstanz, Zwiefachen-Tanzkurs), dass ich bei jedem Partner etwas dazulerne. So auch diesmal, als mir einer der ersten Wechselpartner einen Trick in der Tanzhaltung verriet &#8211; er war kein Neuling. Mein letzter Leader war eine Frau, mit ihr tat ich am Ende der Stunde bereits etwas, was man &#8220;Tanzen&#8221; nennen k\u00f6nnte.<\/p>\n<p>Entsprechend sp\u00e4t servierte Herr Kaltmamsell Abendessen: Kurz vor neun gab es den Linseneintopf mit Trockenpflaumen, den er vorbereitet hatte. Rezept aus dem Gethsemanekloster-Kochbuch:<\/p>\n<p><a href=\"https:\/\/www.vorspeisenplatte.de\/speisen\/archiv\/230110_03_Linseneintopf.jpg\"><img loading=\"lazy\" decoding=\"async\" src=\"https:\/\/www.vorspeisenplatte.de\/speisen\/archiv\/230110_03_Linseneintopf.jpg\" alt=\"\" width=\"562\" height=\"315\" class=\"alignnone size-full wp-image-83534\" \/><\/a><\/p>\n<p>(Leicht variiert.) Schmeckte sehr gut. Nachtisch Schokolade.<\/p>\n<p>\u00a7<\/p>\n<p>Eine Folge des Klimawandels: Schneemangel in Skigebieten. Am Sonntag kam <a href=\"https:\/\/www.tagesschau.de\/multimedia\/video\/video-1138539.html\" rel=\"noopener\" target=\"_blank\">in der <i>Tagesschau<\/i><\/a> (ab min. 13:20) ein trauriger H\u00fcttenwirt zu Wort, zwischen leeren Tischen, im Hintergrund gr\u00fcne Skipisten. Zu Wort kam auch Klimaforscher Reto Knutti von der ETH: Das bleibt jetzt so. W\u00e4hrend ich darin die politische Notwendigkeit sehe, f\u00fcr Skigebiete Strukturwandel-Konzepte zu erarbeiten, steckt mein bayerischer Wirtschaftsminister Hubert Aiwanger das Geld lieber in <i>noch<\/i> mehr Schneekanonen und <i>noch<\/i> mehr Skilifte (\u20ac):<br \/>\n<a href=\"https:\/\/www.sueddeutsche.de\/bayern\/bayern-wintersport-skifahren-aiwanger-langlaufen-1.5728919?reduced=true\" rel=\"noopener\" target=\"_blank\">&#8220;Wenn selbst Schneekanonen nicht mehr helfen&#8221;.<\/a><\/p>\n<blockquote><p>Bitter ist das auch, weil Wirtschaftsminister Hubert Aiwanger (Freie W\u00e4hler) vor nicht einmal einem Jahr dort eine Millioneninvestition verk\u00fcndete: Knapp 5,8 Millionen Euro m\u00f6chte Aiwanger dem Landkreis Freyung-Grafenau f\u00fcr den Bau von Sesselbahnen zuschie\u00dfen. Auf sogar 20 Millionen Euro soll die staatliche Unterst\u00fctzung in den n\u00e4chsten Jahren anwachsen. Kritik, wonach in Zeiten des Klimawandels solche Investitionen fehl am Platz seien, wischte Aiwanger damals bei Seite. Was in f\u00fcnfzig Jahren sei, wisse niemand. &#8220;Aber man sollte keine Weltuntergangsstimmung verbreiten&#8221;, sagt Bayerns\u00a0Wirtschaftsminister.<\/p>\n<p>Aiwanger hat die R\u00fcckendeckung von Landtag und Staatsregierung, im Zuge des bayerischen Seilbahn-F\u00f6rderprogramms weitere Millionen Euro in neue Skilifte und Schneekanonen zu pumpen. &#8220;Die Verl\u00e4ngerung der Seilbahnf\u00f6rderung ist bereits beschlossen, die Freigabe erfolgt voraussichtlich noch im Januar&#8221;, sagt eine Ministeriumssprecherin. F\u00fcr dieses Jahr k\u00f6nnen die Skigebiete mit Zusch\u00fcssen in H\u00f6he von zehn Millionen Euro rechnen. Seit 2009 schon leistet sich der Freistaat das Programm. Insgesamt sind seither gut 90 Millionen Euro F\u00f6rdergeld in Bayerns Skigebiete\u00a0geflossen.<\/p><\/blockquote>\n<p>(Am End&#8217; entwickelt sich <i>The Last Chairlift<\/i> von John Irving in der zweiten, nicht gelesenen H\u00e4lfte zum Klimakatastrophen-Roman?! Spass.)<\/p>\n<p>\u00a7<\/p>\n<p>Au\u00dferdem gebe ich hier einen Lesetipp von <a href=\"https:\/\/www.buddenbohm-und-soehne.de\/\" rel=\"noopener\" target=\"_blank\">Buddenbohm &#038; S\u00f6hne<\/a> weiter: Biologin Meike Stoverock pr\u00fcft die These, der Mensch k\u00f6nne sich dem Klimawandel biologisch anpassen.<br \/>\n<a href=\"https:\/\/www.fraumeike.de\/2023\/klimakrise-macht-nix-wir-passen-uns-an\/\" rel=\"noopener\" target=\"_blank\">&#8220;Klimakrise: Macht nix, wir passen uns an!&#8221;<\/a><\/p>\n<p>Als tl;dr ihre Schlussfolgerung:<\/p>\n<blockquote><p>Alles passiert viel schneller, als dass Wirtschaft, Politik oder Technik friedliche L\u00f6sungen erarbeiten k\u00f6nnten. W\u00e4hrend Bauern irgendwo in \u00e4rmeren Regionen an klimabedingten Ernteausf\u00e4llen verzweifeln, diskutieren wir hier noch \u00fcber Tempolimits und Kohlebergbau. All das muss man bei dem vagen und oft sehr naiven Geschwurbel \u00fcber Anpassung vielleicht mal mitdenken.<\/p><\/blockquote>\n<p>\u00a7<\/p>\n<p>Eine ganz andere Sicht aufs Fleischessen, n\u00e4mlich eine historische und auf die westliche Welt ab dem 16. Jahrhundert. Mit vielen \u00fcberraschenden Informationen, unter anderem wie lange schon an Fleischersatz geforscht wird.<\/p>\n<p><a href=\"https:\/\/uwe-spiekermann.com\/2021\/07\/10\/fleisch-im-19-und-20-jahrhundert-ein-langsschnitt-in-thesen\/\" rel=\"noopener\" target=\"_blank\">&#8220;Fleisch im 19. und 20. Jahrhundert \u2013 Ein L\u00e4ngsschnitt in Thesen&#8221;.<\/a><br \/>\nvia Link von Herr Kaltmamsell <img loading=\"lazy\" decoding=\"async\" src=\"https:\/\/vg08.met.vgwort.de\/na\/b4f29f7e599246238682cce6231b0778\" width=\"1\" height=\"1\" alt=\"\"\/><\/p>\n","protected":false},"excerpt":{"rendered":"<p>Diesmal wieder eine Nacht mit normal gutem Schlaf. Das Drau\u00dfen war d\u00fcster und kalt. In der Arbeit weiter einiges Tempo und viele Menschen. Sp\u00e4te Mittagspause mit Clementine, au\u00dferdem Granatapfelkerne (ich habe meine Energie f\u00fcrs Puhlen zur\u00fcck) in Mandeljoghurt (ausprobiert, weil es keinen Sojajoghurt gab &#8211; schmeckt mir nicht so gut). Sah aus wie Bubble Tea. [&hellip;]<\/p>\n","protected":false},"author":2,"featured_media":0,"comment_status":"open","ping_status":"closed","sticky":false,"template":"","format":"standard","meta":{"footnotes":""},"categories":[6,1],"tags":[],"class_list":["post-83499","post","type-post","status-publish","format-standard","hentry","category-essen","category-general"],"_links":{"self":[{"href":"https:\/\/www.vorspeisenplatte.de\/speisen\/wp-json\/wp\/v2\/posts\/83499","targetHints":{"allow":["GET"]}}],"collection":[{"href":"https:\/\/www.vorspeisenplatte.de\/speisen\/wp-json\/wp\/v2\/posts"}],"about":[{"href":"https:\/\/www.vorspeisenplatte.de\/speisen\/wp-json\/wp\/v2\/types\/post"}],"author":[{"embeddable":true,"href":"https:\/\/www.vorspeisenplatte.de\/speisen\/wp-json\/wp\/v2\/users\/2"}],"replies":[{"embeddable":true,"href":"https:\/\/www.vorspeisenplatte.de\/speisen\/wp-json\/wp\/v2\/comments?post=83499"}],"version-history":[{"count":3,"href":"https:\/\/www.vorspeisenplatte.de\/speisen\/wp-json\/wp\/v2\/posts\/83499\/revisions"}],"predecessor-version":[{"id":83550,"href":"https:\/\/www.vorspeisenplatte.de\/speisen\/wp-json\/wp\/v2\/posts\/83499\/revisions\/83550"}],"wp:attachment":[{"href":"https:\/\/www.vorspeisenplatte.de\/speisen\/wp-json\/wp\/v2\/media?parent=83499"}],"wp:term":[{"taxonomy":"category","embeddable":true,"href":"https:\/\/www.vorspeisenplatte.de\/speisen\/wp-json\/wp\/v2\/categories?post=83499"},{"taxonomy":"post_tag","embeddable":true,"href":"https:\/\/www.vorspeisenplatte.de\/speisen\/wp-json\/wp\/v2\/tags?post=83499"}],"curies":[{"name":"wp","href":"https:\/\/api.w.org\/{rel}","templated":true}]}}